{"id":190242,"date":"2025-10-20T22:16:10","date_gmt":"2025-10-20T22:16:10","guid":{"rendered":"https:\/\/www.europesays.com\/es\/190242\/"},"modified":"2025-10-20T22:16:10","modified_gmt":"2025-10-20T22:16:10","slug":"no-lo-he-dicho-nunca","status":"publish","type":"post","link":"https:\/\/www.europesays.com\/es\/190242\/","title":{"rendered":"\u00abNo lo he dicho nunca\u00bb"},"content":{"rendered":"<p style=\"\"><strong>Loles Le\u00f3n<\/strong> (Barcelona, 1950) es una de las actrices m\u00e1s emblem\u00e1ticas del panorama espa\u00f1ol. Con una personalidad arrolladora, ha sabido ganarse al p\u00fablico en pel\u00edculas como &#8216;Mujeres al borde de un ataque de nervios&#8217;, &#8216;\u00a1\u00c1tame!&#8217; o &#8216;La ni\u00f1a de tus ojos&#8217;, adem\u00e1s de series  &#8230; tan m\u00edticas como <a href=\"https:\/\/www.abc.es\/play\/series\/noticias\/conocida-actriz-viva-revela-sufrio-rodajes-serie-20250808170912-nt.html\" title=\"www.abc.es\" data-voc-vtm-id=\"in-text-traffic\" data-mrf-link=\"www.abc.es\" rel=\"nofollow noopener\" target=\"_blank\">&#8216;Aqu\u00ed no hay quien viva&#8217;<\/a> o &#8216;La que se avecina&#8217;.<\/p>\n<p class=\"voc-p\" style=\"\">Pero, m\u00e1s all\u00e1 de su faceta art\u00edstica, Loles Le\u00f3n tambi\u00e9n es conocida por no tener pelos en la lengua. La actriz no tiene problema en pronunciarse pol\u00edticamente sobre diferentes <strong>cuestiones sociales<\/strong>. Sin embargo, han sido contadas las ocasiones en las que se ha abierto sobre su <strong>vida m\u00e1s personal<\/strong>.<\/p>\n<p class=\"voc-p\" style=\"\">Criada en plena Barceloneta, Loles Le\u00f3n es madre de un hijo, <strong>Bertoldo Gil<\/strong>, quien ha seguido los pasos de su madre, puesto que tambi\u00e9n se dedica al mundo la interpretaci\u00f3n, aunque en su caso, como productor. Adem\u00e1s, la actriz es <strong>abuela <\/strong>de un ni\u00f1o llamado <strong>Telmo<\/strong>, de 13 a\u00f1os.\u200b<\/p>\n<p class=\"voc-p\" style=\"\">Loles Le\u00f3n siempre se ha mostrado muy reservada respecto a su vida m\u00e1s \u00edntima. Sin embargo, la actriz confes\u00f3 hace unos a\u00f1os en el programa &#8216;Ven a cena conmigo&#8217; que ten\u00eda \u00abmuchos complejos\u00bb respecto a la maternidad. \u00abYo soy<strong> madre soltera <\/strong>y serlo en los a\u00f1os 70 en Espa\u00f1a es muy jodido. Ibas por all\u00ed con el ni\u00f1o para subirte al escenario y ganar cuatro perras\u00bb, dijo entonces.<\/p>\n<p class=\"voc-p\" style=\"\">Ahora, la int\u00e9rprete ha vuelto a abrirse en canal y ha confesado distintos aspectos sobre la maternidad y su faceta como abuela en el programa de Mediaset<strong> &#8216;Madres: desde el coraz\u00f3n&#8217;<\/strong>, donde ha desvelado los problemas legales a los que se ha enfrentado su hijo por la custodia de su nieto. <\/p>\n<p>\nMadre soltera en los a\u00f1os 70\n<\/p>\n<p class=\"voc-p\" style=\"\">La actriz fue madre soltera a inicios de los a\u00f1os 70, en plena dictadura. Se desconoce qui\u00e9n es el padre de su hijo, con el que no lleg\u00f3 a casarse. \u00ab<strong>Yo nunca me he querido casar. No cre\u00eda en el matrimonio <\/strong>porque hab\u00eda muchos impedimentos para volar porque hasta para abrir una cuenta corriente necesitabas el permido del marido. Por eso no quer\u00eda casarme, pero s\u00ed quer\u00eda amar\u00bb, le ha contado a Cruz S\u00e1nchez de Lara, presentadora del programa. <\/p>\n<p class=\"voc-p\" style=\"\">Aunque no lleg\u00f3 a casarse, Loles Le\u00f3n se enamor\u00f3 del padre de su hijo y decidi\u00f3 marcharse a vivir con \u00e9l a Suecia para evitar que hiciera el servicio militar obligatorio. Fue al volver a Espa\u00f1a cuando se enter\u00f3 de que estaba embarazada. \u00ab<strong>\u00c9l me pregunt\u00f3 si yo quer\u00eda abortar<\/strong> y le dije que no, que yo quer\u00eda ser madre. Me dijeron entonces que ser\u00eda madre soltera y yo contest\u00e9 que no ser\u00eda ni la primera ni la \u00faltima\u00bb, ha recordado.<\/p>\n<p class=\"voc-p\" style=\"\">Loles Le\u00f3n comenz\u00f3 entonces una vida como madre soltera junto a <strong>Bertoldo<\/strong>, a quien tuvo que mantener ella sola, primero en Barcelona y despu\u00e9s en Madrid, dado que el padre no le pasaba ninguna manutenci\u00f3n.<\/p>\n<p class=\"voc-p\" style=\"\">\u00abEn aquel momento, los hijos de madres solteras no pod\u00edan ir a los colegios p\u00fablicos, as\u00ed que tuve que trabajar mucho y<strong> pedir mucho dinero prestado para meterle en uno privado<\/strong>, donde el pensamiento era mucho m\u00e1s libre. Pero bueno, lo m\u00e1s duro para m\u00ed fue querer criarlo yo sola y estar las 24 horas con \u00e9l y no poder, porque ten\u00eda que trabajar\u00bb, ha confesado la int\u00e9rprete.<\/p>\n<p>\nLos problemas legales por la custodia de su nieto\n<\/p>\n<p class=\"voc-p\" style=\"\">Loles Le\u00f3n es abuela de <strong>Telmo<\/strong>, de 13 a\u00f1os. Sobre \u00e9l tambi\u00e9n habl\u00f3 en &#8216;Madres: desde el coraz\u00f3n&#8217;, donde desvel\u00f3 por primera vez los <strong>problemas legales <\/strong>que han sufrido tanto ella como su hijo con la custodia del menor. Tal y como ha contado la actriz, la familia paterna ha tenido durante 12 a\u00f1os dificultades para ver al ni\u00f1o.<\/p>\n<p class=\"voc-p\" style=\"\">\u00abA un ni\u00f1o no le puedes dejar sin sus dos pilares. <strong>No puedes dejarle solo con un progenitor<\/strong>. Tienen que ser los dos compartiendo esa educaci\u00f3n, ese amor, esa cultura, ese aprendizaje, esa fuerza y esas herramientas para que sea un hombre bueno y seguro. Pero no es as\u00ed porque los ni\u00f1os son los que pagan este pato\u00bb, ha denunciado la actriz en el programa de Mediaset Infinity.<\/p>\n<p class=\"voc-p\" style=\"\">Loles Le\u00f3n ha sido tajante sobre la complicada situaci\u00f3n que han vivido tanto su hijo como ella: \u00abUn ni\u00f1o no puede quedarse sin conocer a su familia paterna porque es su tribu. \u00bfQu\u00e9 pasa con esas personas que tienen un ser querido y <strong>no le pueden ver<\/strong>? \u00bfQu\u00e9 pasa?\u00bb.<\/p>\n<p class=\"voc-p\" style=\"\">La actriz ha reivindicado que en Espa\u00f1a \u00abse <strong>juzga mal <\/strong>y se reparte mal para el ni\u00f1o\u00bb. \u00abLlevo <strong>12 a\u00f1os en este tema <\/strong>y lo estoy denunciando en tu programa, <strong>nunca lo he dicho<\/strong>. Lo digo ahora porque ya est\u00e1 firmado y eso lo ha conseguido mi nieto, no lo ha conseguido ninguna jueza\u00bb, ha contado la actriz.<\/p>\n<p class=\"voc-p\" style=\"\">Dejando a un lado los problemas legales a los que se han enfrentado en los \u00faltimos a\u00f1os por la custodia de Telmo, la int\u00e9rprete ha hablado tambi\u00e9n sobre su faceta como abuela: \u00abPara m\u00ed, <strong>\u00e9l es el regalo que me ha dado la vida<\/strong>, es la persona que me mantiene con energ\u00eda\u00bb. Seg\u00fan ha defendido, \u00abno es lo mismo tener un hijo que un nieto porque, como abuela, ya no tienes que estar pendiente de que todo salga bien, aunque yo tambi\u00e9n formo para de su educaci\u00f3n\u00bb. <\/p>\n<p class=\"voc-p\" style=\"\">Con 13 a\u00f1os, su nieto es plenamente consciente de la fama de su abuela, una situaci\u00f3n complicada de gestionar en ocasiones. \u00abA \u00e9l le da <strong>verg\u00fcenza que le digan algo en el colegio<\/strong>, como tambi\u00e9n le pasaba a Bertoldo. Lo que s\u00ed le gusta es que me reconozcan por las pel\u00edculas de Santiago Segura, que me han convertido en la abuela de Espa\u00f1a\u00bb, ha comentado, en referencia a la saga &#8216;Padre no hay m\u00e1s que uno&#8217;.<\/p>\n","protected":false},"excerpt":{"rendered":"Loles Le\u00f3n (Barcelona, 1950) es una de las actrices m\u00e1s emblem\u00e1ticas del panorama espa\u00f1ol. Con una personalidad arrolladora,&hellip;\n","protected":false},"author":2,"featured_media":190243,"comment_status":"","ping_status":"","sticky":false,"template":"","format":"standard","meta":{"footnotes":""},"categories":[91],"tags":[146,147,25,24,4108,53211,23],"class_list":{"0":"post-190242","1":"post","2":"type-post","3":"status-publish","4":"format-standard","5":"has-post-thumbnail","7":"category-entretenimiento","8":"tag-entertainment","9":"tag-entretenimiento","10":"tag-es","11":"tag-espana","12":"tag-leon","13":"tag-loles","14":"tag-spain"},"share_on_mastodon":{"url":"https:\/\/pubeurope.com\/@es\/115408809993461717","error":""},"_links":{"self":[{"href":"https:\/\/www.europesays.com\/es\/wp-json\/wp\/v2\/posts\/190242","targetHints":{"allow":["GET"]}}],"collection":[{"href":"https:\/\/www.europesays.com\/es\/wp-json\/wp\/v2\/posts"}],"about":[{"href":"https:\/\/www.europesays.com\/es\/wp-json\/wp\/v2\/types\/post"}],"author":[{"embeddable":true,"href":"https:\/\/www.europesays.com\/es\/wp-json\/wp\/v2\/users\/2"}],"replies":[{"embeddable":true,"href":"https:\/\/www.europesays.com\/es\/wp-json\/wp\/v2\/comments?post=190242"}],"version-history":[{"count":0,"href":"https:\/\/www.europesays.com\/es\/wp-json\/wp\/v2\/posts\/190242\/revisions"}],"wp:featuredmedia":[{"embeddable":true,"href":"https:\/\/www.europesays.com\/es\/wp-json\/wp\/v2\/media\/190243"}],"wp:attachment":[{"href":"https:\/\/www.europesays.com\/es\/wp-json\/wp\/v2\/media?parent=190242"}],"wp:term":[{"taxonomy":"category","embeddable":true,"href":"https:\/\/www.europesays.com\/es\/wp-json\/wp\/v2\/categories?post=190242"},{"taxonomy":"post_tag","embeddable":true,"href":"https:\/\/www.europesays.com\/es\/wp-json\/wp\/v2\/tags?post=190242"}],"curies":[{"name":"wp","href":"https:\/\/api.w.org\/{rel}","templated":true}]}}