{"id":190278,"date":"2025-10-20T22:39:09","date_gmt":"2025-10-20T22:39:09","guid":{"rendered":"https:\/\/www.europesays.com\/es\/190278\/"},"modified":"2025-10-20T22:39:09","modified_gmt":"2025-10-20T22:39:09","slug":"la-oreja-de-van-gogh-suma-una-nueva-fecha-en-a-coruna-tras-agotar-todas-las-entradas-en-el-coliseum","status":"publish","type":"post","link":"https:\/\/www.europesays.com\/es\/190278\/","title":{"rendered":"La Oreja de Van Gogh\u00a0suma\u00a0una nueva fecha en A Coru\u00f1a tras agotar todas las entradas en el Coliseum"},"content":{"rendered":"<p>\t\t\t \t\t \t\t\t\t\t\t\tLa Oreja de Van Gogh, en su nueva etapa <strong class=\"pd-l\">REMITIDA AL ROIG ARENA | EUROPAPRESS  <\/strong><\/p>\n<p>\t\t\t\t\t\tLa banda donostiarra\u00a0pasar\u00e1 por la ciudad herculina en el marco de su gira Tantas cosas por contar los d\u00edas 11 y 12 de septiembre del 2026<br \/>\n\t\t\t\t\t\t\t\t\t\t\t\t<strong>20 oct 2025<\/strong> . Actualizado a las 19:48 h.\t\t\t\t\t\t<\/p>\n<p class=\"first-paragraph txt\">Las entradas para el concierto de <strong>La Oreja de Van Gogh<\/strong> en <strong>A Coru\u00f1a<\/strong> han volado. El reclamo del regreso de Amaia Montero a la formaci\u00f3n ha surtido efecto y ha provocado que los tickets se agotasen en cuesti\u00f3n de horas en algunas de las ciudades elegidas por el grupo donostiarra dentro de su gira <strong>Tantas cosas que contar<\/strong>. Tour 2026.<\/p>\n<p class=\"txt\">Ha sido el caso del concierto en el <strong>Coliseum de A Coru\u00f1a<\/strong>, <a class=\"link-txt\" href=\"https:\/\/www.lavozdegalicia.es\/noticia\/cultura\/2025\/10\/17\/oreja-van-gogh-anuncia-gira-parada-coruna-2026\/00031760695750416717190.htm\" rel=\"nofollow noopener\" target=\"_blank\">programado para el viernes, 11 de septiembre<\/a>, al que se ahora se suma una nueva fecha al d\u00eda siguiente, el s\u00e1bado, 12, cuyas entradas est\u00e1n ya a la venta.<\/p>\n<p class=\"txt\">Los problemas t\u00e9cnicos sufridos en el d\u00eda de hoy con los servicios en la nube de Amazon, <a class=\"link-txt\" href=\"https:\/\/www.lavozdegalicia.es\/noticia\/sociedad\/2025\/10\/20\/venta-entradas-aitana-oreja-van-goghafectada-caida-servicios-amazon\/00031760954878594346458.htm\" rel=\"nofollow noopener\" target=\"_blank\">que retrasaron la hora de venta de entradas desde las 12 previstas a las 4 de la tarde<\/a>, no han\u00a0sido impedimento para que los fans de la formaci\u00f3n vasca se lanzasen a <strong>agotar las localidades disponibles en cuesti\u00f3n de horas<\/strong>. No solo en A Coru\u00f1a. Tambi\u00e9n en otras plazas se ha vivido el mismo furor. Es el caso de Bilbao, San Sebasti\u00e1n, Valencia, Zaragoza, Barcelona, Pamplona o Madrid, ciudad en la que se han vendido todas las entradas para las dos fechas disponibles. Todas ellas han abierto ya una nueva opci\u00f3n para los d\u00edas siguientes al concierto anunciado en primer lugar, de modo que las 16 paradas iniciales de la gira se han convertido ya en 24.<\/p>\n<p class=\"txt\">Las <strong>entradas del concierto de La Oreja de Van Gogh<\/strong> empiezan con un precio de <strong>50 euros<\/strong>, que se corresponden, en el Coliseum de A Coru\u00f1a, con el tendido alto y con uno de los sectores del tendido bajo. Por un precio de 60 euros, los interesados pueden optar por la zona de la pista o por el tendido medio. Por \u00faltimo, el tendido bajo tiene entradas a partir de los 70 euros.\u00a0A todos esos precios hay que sumarles 5 euros m\u00e1s por gastos de gesti\u00f3n.<\/p>\n<p class=\"txt\">Adem\u00e1s, existe tambi\u00e9n la opci\u00f3n de un Express\u00a0Package, por 110 euros, que incluye la entrada prioritaria a la pista general, carril exclusivo y un regalo de la gira.<\/p>\n<p class=\"txt\">\n<p>\t\t\t\t\t\t\t\t\t\t\t\t&#13;<br \/>\n\t\t\t\t\t\t\t\t&#13;<br \/>\n&#13;<br \/>\n&#13;<\/p>\n<p>\t\t\t&#13;<br \/>\n\t&#13;<\/p>\n<p>\t\t\t<a href=\"https:\/\/www.lavozdegalicia.es\/noticia\/cultura\/2025\/10\/14\/cronologia-regreso-amaia-oreja-van-gogh-concierto-karol-g-lagrimas-premonitorias-comunicadopolemico-ano-rumores\/00031760458669118893198.htm\" data-analytics=\"link-embed\" rel=\"nofollow noopener\" target=\"_blank\">Cronolog\u00eda del\u00a0regreso de Amaia a La Oreja de Van Gogh: un concierto de Karol G, unas l\u00e1grimas premonitorias, un comunicado\u00a0pol\u00e9mico y\u00a0un a\u00f1o de rumores<\/a><\/p>\n<p class=\"a-min-author\">\n<p>\t\t\t\t\t\t\t\t\t\t\tP. V.<\/p>\n<p>\t&#13;<br \/>\n\t&#13;<br \/>\n&#13;<\/p>\n<p class=\"txt\">La gira\u00a0Tantas cosas que contar llega tras la pol\u00e9mica gesti\u00f3n del \u00faltimo a\u00f1o por parte de La Oreja de Van Gogh. El grupo anunci\u00f3 hace justo un a\u00f1o la salida de Leire Mart\u00ednez tras 17 a\u00f1os como vocalista y, desde ah\u00ed, el runr\u00fan no hizo\u00a0m\u00e1s que crecer sobre la posibilidad del regreso de Amaia Montero, cofundadora de la banda.\u00a0Los rumores se confirmaron, finalmente, hace solo una semana. A trav\u00e9s de un comunicado oficial, anunciaron este\u00a0nuevo cap\u00edtulo en el que\u00a0\u00c1lvaro Fuentes, Xabi San Mart\u00edn, Haritz Garde y Amaia Montero se unen, tras la salida de Pablo Benegas,\u00a0para una nueva gira y un nuevo proyecto que llevan preparando un a\u00f1o.<\/p>\n<p class=\"txt\">Un proceso creativo del que han mostrado un avance a trav\u00e9s de una sesi\u00f3n grabada el pasado 10 de octubre en la que los componentes de la banda, con Amaia Montero ya como vocalista, ensayan un tema in\u00e9dito. Qui\u00e9n sabe si sonar\u00e1 en sus conciertos de A Coru\u00f1a.<\/p>\n<p>&#13;<br \/>\n\tArchivado en:&#13;<br \/>\n\t\t\t\t\t<a href=\"https:\/\/www.lavozdegalicia.es\/temas\/la-oreja-de-van-gogh\/\" target=\"_blank\" class=\"mg-l\" rel=\"nofollow noopener\">La Oreja de Van Gogh<\/a>&#13;<br \/>\n\t\t\t\t\t<a href=\"https:\/\/www.lavozdegalicia.es\/temas\/conciertos\/\" target=\"_blank\" class=\"mg-l\" rel=\"nofollow noopener\">Conciertos<\/a>&#13;<br \/>\n\t\t\t\t\t<a href=\"https:\/\/www.lavozdegalicia.es\/temas\/amaia-montero\/\" target=\"_blank\" class=\"mg-l\" rel=\"nofollow noopener\">Amaia Montero<\/a>&#13;<br \/>\n\t&#13;<\/p>\n","protected":false},"excerpt":{"rendered":"La Oreja de Van Gogh, en su nueva etapa REMITIDA AL ROIG ARENA | EUROPAPRESS La banda donostiarra\u00a0pasar\u00e1&hellip;\n","protected":false},"author":2,"featured_media":190279,"comment_status":"","ping_status":"","sticky":false,"template":"","format":"standard","meta":{"footnotes":""},"categories":[91],"tags":[20219,208,146,147,25,24,20220,23],"class_list":{"0":"post-190278","1":"post","2":"type-post","3":"status-publish","4":"format-standard","5":"has-post-thumbnail","7":"category-entretenimiento","8":"tag-amaia-montero","9":"tag-conciertos","10":"tag-entertainment","11":"tag-entretenimiento","12":"tag-es","13":"tag-espana","14":"tag-la-oreja-de-van-gogh","15":"tag-spain"},"share_on_mastodon":{"url":"","error":""},"_links":{"self":[{"href":"https:\/\/www.europesays.com\/es\/wp-json\/wp\/v2\/posts\/190278","targetHints":{"allow":["GET"]}}],"collection":[{"href":"https:\/\/www.europesays.com\/es\/wp-json\/wp\/v2\/posts"}],"about":[{"href":"https:\/\/www.europesays.com\/es\/wp-json\/wp\/v2\/types\/post"}],"author":[{"embeddable":true,"href":"https:\/\/www.europesays.com\/es\/wp-json\/wp\/v2\/users\/2"}],"replies":[{"embeddable":true,"href":"https:\/\/www.europesays.com\/es\/wp-json\/wp\/v2\/comments?post=190278"}],"version-history":[{"count":0,"href":"https:\/\/www.europesays.com\/es\/wp-json\/wp\/v2\/posts\/190278\/revisions"}],"wp:featuredmedia":[{"embeddable":true,"href":"https:\/\/www.europesays.com\/es\/wp-json\/wp\/v2\/media\/190279"}],"wp:attachment":[{"href":"https:\/\/www.europesays.com\/es\/wp-json\/wp\/v2\/media?parent=190278"}],"wp:term":[{"taxonomy":"category","embeddable":true,"href":"https:\/\/www.europesays.com\/es\/wp-json\/wp\/v2\/categories?post=190278"},{"taxonomy":"post_tag","embeddable":true,"href":"https:\/\/www.europesays.com\/es\/wp-json\/wp\/v2\/tags?post=190278"}],"curies":[{"name":"wp","href":"https:\/\/api.w.org\/{rel}","templated":true}]}}