{"id":190292,"date":"2025-10-20T22:47:29","date_gmt":"2025-10-20T22:47:29","guid":{"rendered":"https:\/\/www.europesays.com\/es\/190292\/"},"modified":"2025-10-20T22:47:29","modified_gmt":"2025-10-20T22:47:29","slug":"me-robaron-escandalo-en-la-ufc-con-la-fuerte-denuncia-del-chito-vera","status":"publish","type":"post","link":"https:\/\/www.europesays.com\/es\/190292\/","title":{"rendered":"\u00abMe robaron\u00bb: Esc\u00e1ndalo en la UFC con la fuerte denuncia del Chito Vera"},"content":{"rendered":"<p>Este s\u00e1bado 18 de octubre se celebr\u00f3 en el Rogers Arena de Vancouver, Canad\u00e1 el <strong><a href=\"https:\/\/juanfutbol.com\/tema\/ufc\" rel=\"nofollow noopener\" target=\"_blank\">UFC Fight Night: Ridder vs. Allen<\/a><\/strong>. Uno de los participantes de la cartelera principal del evento de este fin de semana era <strong>Chito Vera<\/strong>, peleador ecuatoriano que fue derrotado por Aiemann Zahabi y que lanz\u00f3 una fuerte denuncia contra la organizaci\u00f3n.<\/p>\n<p>Marlon Vera fue uno de los protagonistas de la velada de este s\u00e1bado en UFC Fight Night, en la cartelera estelarizada por el combate entre Reinier de Ridder y Brendan Allen. El ecuatoriano se midi\u00f3 en el oct\u00e1gono ante en canadiense Aiemann Zahabi en el peso gallo.<\/p>\n<p>                        Ver Tambi\u00e9n                    <\/p>\n<p>                    <img decoding=\"async\" src=\"https:\/\/www.europesays.com\/es\/wp-content\/uploads\/2025\/10\/BeFunky-collage1-2025-10-16T162124.035-150x150.webp.webp\" alt=\"\" class=\"img-fluid\" style=\"width: 100px; height: 100px; object-fit: cover;\"\/><\/p>\n<p>Chito Vera, por momentos, parec\u00eda tener el combate controlado en Vancouver, logrando un takedownen el segundo asalto. Sin embargo, el ecuatoriano no pudo concretar su victoria con una finalizaci\u00f3n y acab\u00f3 teniendo una pelea mucho m\u00e1s cerrada de lo esperado. Finalmente, los jueces dieron a Zahabi por ganador en una decisi\u00f3n dividida.<\/p>\n<p>La decisi\u00f3n ha sorprendido a muchos, incluyendo al propio Chito Vera. El sudamericano se mostr\u00f3 sumamente descontento con el resultado de las tarjetas y ha lanzado una fuerte denuncia por medio de sus redes oficiales. <\/p>\n<p>Fuerte mensaje del Chito Vera tras su derrota<\/p>\n<p>Con un corto y contundente mensaje, el Chito Vera acus\u00f3 a los jueces de robo en este UFC Fight Night. \u201cHoy gan\u00e9 y los jueces me robaron\u201d dice el mensaje del peleador por medio de sus redes sociales. <\/p>\n<p><img fetchpriority=\"high\" decoding=\"async\" width=\"492\" height=\"113\" src=\"https:\/\/www.europesays.com\/es\/wp-content\/uploads\/2025\/10\/Captura-de-pantalla-2025-10-19-113234.webp.webp\" alt=\"\" class=\"wp-image-184392\"  \/><\/p>\n<p>As\u00ed est\u00e1 el ranking del peso gallo en la UFC<\/p>\n<ol class=\"wp-block-list\">\n<li>Sean O\u2019Malley<\/li>\n<li>Umar Nurmagomedov<\/li>\n<li>Petr Yan<\/li>\n<li>Cory Sandhagen<\/li>\n<li>Song Yadong<\/li>\n<li>Deiveson Figueiredo<\/li>\n<li>Marlon Vera<\/li>\n<li>Mario Bautista<\/li>\n<li>Aiemann Zahabi<\/li>\n<li>Henry Cejudo<\/li>\n<li>David Mart\u00ednez<\/li>\n<li>Vinicius Oliveira<\/li>\n<li>Rob Font<\/li>\n<li>Kyler Phillips<\/li>\n<li>Marcus McGhee <\/li>\n<\/ol>\n","protected":false},"excerpt":{"rendered":"Este s\u00e1bado 18 de octubre se celebr\u00f3 en el Rogers Arena de Vancouver, Canad\u00e1 el UFC Fight Night:&hellip;\n","protected":false},"author":2,"featured_media":190293,"comment_status":"","ping_status":"","sticky":false,"template":"","format":"standard","meta":{"footnotes":""},"categories":[276],"tags":[168,25,24,23,167,343],"class_list":{"0":"post-190292","1":"post","2":"type-post","3":"status-publish","4":"format-standard","5":"has-post-thumbnail","7":"category-ufc","8":"tag-deportes","9":"tag-es","10":"tag-espana","11":"tag-spain","12":"tag-sports","13":"tag-ufc"},"share_on_mastodon":{"url":"https:\/\/pubeurope.com\/@es\/115408931818009479","error":""},"_links":{"self":[{"href":"https:\/\/www.europesays.com\/es\/wp-json\/wp\/v2\/posts\/190292","targetHints":{"allow":["GET"]}}],"collection":[{"href":"https:\/\/www.europesays.com\/es\/wp-json\/wp\/v2\/posts"}],"about":[{"href":"https:\/\/www.europesays.com\/es\/wp-json\/wp\/v2\/types\/post"}],"author":[{"embeddable":true,"href":"https:\/\/www.europesays.com\/es\/wp-json\/wp\/v2\/users\/2"}],"replies":[{"embeddable":true,"href":"https:\/\/www.europesays.com\/es\/wp-json\/wp\/v2\/comments?post=190292"}],"version-history":[{"count":0,"href":"https:\/\/www.europesays.com\/es\/wp-json\/wp\/v2\/posts\/190292\/revisions"}],"wp:featuredmedia":[{"embeddable":true,"href":"https:\/\/www.europesays.com\/es\/wp-json\/wp\/v2\/media\/190293"}],"wp:attachment":[{"href":"https:\/\/www.europesays.com\/es\/wp-json\/wp\/v2\/media?parent=190292"}],"wp:term":[{"taxonomy":"category","embeddable":true,"href":"https:\/\/www.europesays.com\/es\/wp-json\/wp\/v2\/categories?post=190292"},{"taxonomy":"post_tag","embeddable":true,"href":"https:\/\/www.europesays.com\/es\/wp-json\/wp\/v2\/tags?post=190292"}],"curies":[{"name":"wp","href":"https:\/\/api.w.org\/{rel}","templated":true}]}}