{"id":190298,"date":"2025-10-20T22:52:20","date_gmt":"2025-10-20T22:52:20","guid":{"rendered":"https:\/\/www.europesays.com\/es\/190298\/"},"modified":"2025-10-20T22:52:20","modified_gmt":"2025-10-20T22:52:20","slug":"la-minicopa-endesa-se-jugara-integramente-en-valencia","status":"publish","type":"post","link":"https:\/\/www.europesays.com\/es\/190298\/","title":{"rendered":"La Minicopa Endesa se jugar\u00e1 \u00edntegramente en Val\u00e8ncia"},"content":{"rendered":"<p class=\"ft-text\"><strong>La<\/strong><a class=\"ft-link ft-link--decoration\" href=\"https:\/\/www.superdeporte.es\/tags\/minicopa\/\" rel=\"nofollow noopener\" target=\"_blank\"><strong> Minicopa<\/strong><\/a><strong>, competici\u00f3n que re\u00fane a las canteras de todos los clubes<\/strong><a class=\"ft-link ft-link--decoration\" href=\"https:\/\/www.superdeporte.es\/tags\/acb\/\" rel=\"nofollow noopener\" target=\"_blank\"> ACB<\/a> y que completa anualmente<strong> la gran fiesta de la Copa del Rey, t<\/strong>endr\u00e1 como protagonista a Val\u00e8ncia en su edici\u00f3n de 2026. La capital del Turia se hab\u00eda asegurado ya acoger la fase final que se disputa siempre de forma paralela y por tanto, en la misma ciudad que la Copa del Rey. V<a class=\"ft-link ft-link--decoration\" href=\"https:\/\/www.superdeporte.es\/valencia-basket\/2025\/03\/11\/roig-arena-sera-sede-copa-115168314.html\" rel=\"nofollow noopener\" target=\"_blank\">al\u00e8ncia, tras el acuerdo alcanzado hace unos meses con la ACB acoger\u00e1 la Copa del Rey tando en 2026 y 2027.<\/a> Ahora, esa colaboracion va m\u00e1s all\u00e1, y no s\u00f3lo se celebrar\u00e1 en la capital del Turia la fase final de la Minicopa, sino la competici\u00f3n \u00edntegra tras el acuerdo entre la ACB y la Generalitat Valenciana.<\/p>\n<p><img decoding=\"async\" src=\"https:\/\/www.europesays.com\/es\/wp-content\/uploads\/2025\/10\/88e41f7f-8d86-420b-8092-f3d2cee7d562_alta-libre-aspect-ratio_default_0.jpg\" width=\"1200\" height=\"675\" alt=\"minicopa 16 9\" class=\"ft-helper-img-rd\" loading=\"lazy\" hasdataaida=\"true\"\/><\/p>\n<p class=\"ft-helper-fontColor-quaternary ft-helper-fontSize-body-S ft-helper-spacer-t-xxs\">minicopa 16 9  \/ acb<\/p>\n<p>En noviembre, la primera fase<\/p>\n<p class=\"ft-text\"><strong> La Minicopa Endesa arrancar\u00e1 entre el 28 y el 30 de noviembre c<\/strong>on la primera fase entre el <a class=\"ft-link ft-link--decoration\" href=\"https:\/\/www.superdeporte.es\/tags\/la-fonteta\/\" rel=\"nofollow noopener\" target=\"_blank\">Pabell\u00f3n Fuente de San Luis, la Fonteta, <\/a>y las instalaciones de <a class=\"ft-link ft-link--decoration\" href=\"https:\/\/alqueriadelbasket.com\/\" rel=\"nofollow noopener\" target=\"_blank\">L\u2019Alqueria del Basket.<\/a> Como novedad, esta temporada se jugar\u00e1 durante la ventana de selecciones, aprovechando el par\u00f3n de la Liga Endesa.<\/p>\n<p class=\"ft-text\"><strong>\u00a0Val\u00e8ncia ser\u00e1 el epicentro del mejor baloncesto de formaci\u00f3n, con los equipos infantiles (jugadores nacidos en 2012 y posterior) <\/strong>de 16 clubes acb, todos menos el Bar\u00e7a como vigente campe\u00f3n y el Valencia Basket como anfitri\u00f3n de la fase final, ya clasificados para febrero. En total, m\u00e1s de 200 ni\u00f1os que disfrutar\u00e1n de un evento por el que han pasado ya una larga lista de \u2018leyendas\u2019 de nuestro baloncesto como <a class=\"ft-link ft-link--decoration\" href=\"https:\/\/www.superdeporte.es\/tags\/ricky-rubio\/\" rel=\"nofollow noopener\" target=\"_blank\">Ricky Rubio<\/a>, <strong>Luka Doncic, Domantas Sabonis, Jaime Fern\u00e1ndez, Alberto D\u00edaz, Victor Wembanyama, Santi Aldama, Jaime Pradilla o Josep Puerto,<\/strong> entre otros.<\/p>\n<p class=\"ft-text\">La primera fase que se celebrar\u00e1 este noviembre buscar\u00e1 conocer a los <strong>seis equipos que se unir\u00e1n a Bar\u00e7a y <\/strong><a class=\"ft-link ft-link--decoration\" href=\"https:\/\/www.superdeporte.es\/tags\/valencia-basket\/\" rel=\"nofollow noopener\" target=\"_blank\">Valencia Basket<\/a> en la fase final de Val\u00e8ncia, de forma paralela a la<strong> Copa del Rey<\/strong>. La <strong>Minicopa Endesa <\/strong>empezar\u00e1 el viernes 28 por la tarde con la primera jornada, disputando el s\u00e1bado 29 la segunda y tercera jornada. Ah\u00ed, los ganadores de cada uno de los cuatro grupos conseguir\u00e1n su billete para la fase final, mientras que los segundos clasificados se enfrentar\u00e1n el domingo 30 en un \u2018Play in\u2019 que decidir\u00e1 las \u00faltimas dos plazas.<\/p>\n<p class=\"ft-text\">\u00a0 De este modo, la <a class=\"ft-link ft-link--decoration\" href=\"https:\/\/www.superdeporte.es\/tags\/minicopa-endesa\/\" rel=\"nofollow noopener\" target=\"_blank\">Minicopa Endesa<\/a> vuelve a Val\u00e8ncia, donde se jugaron cinco ediciones de la primera fase entre 2017 y 2023.<\/p>\n<p>Fase final con la Copa del Rey<\/p>\n<p class=\"ft-text\">La Fase Final en la que se dar\u00e1n cita los ocho mejores equipos se celebrar\u00e1 de forma paralela a la Copa del Rey y por tanto tambi\u00e9n en Val\u00e8ncia. Ser\u00e1 del <strong>19 al 22 de febrero de 2026<\/strong>.<\/p>\n","protected":false},"excerpt":{"rendered":"La Minicopa, competici\u00f3n que re\u00fane a las canteras de todos los clubes ACB y que completa anualmente la&hellip;\n","protected":false},"author":2,"featured_media":190299,"comment_status":"","ping_status":"","sticky":false,"template":"","format":"standard","meta":{"footnotes":""},"categories":[269],"tags":[302,299,298,1941,168,2917,25,24,49680,10660,23832,53242,53243,23,167,5212,235,2916],"class_list":{"0":"post-190298","1":"post","2":"type-post","3":"status-publish","4":"format-standard","5":"has-post-thumbnail","7":"category-baloncesto","8":"tag-acb","9":"tag-baloncesto","10":"tag-basketball","11":"tag-copa-del-rey","12":"tag-deportes","13":"tag-endesa","14":"tag-es","15":"tag-espana","16":"tag-integramente","17":"tag-jugara","18":"tag-l","19":"tag-minicopa","20":"tag-minicopa-endesa","21":"tag-spain","22":"tag-sports","23":"tag-turia","24":"tag-valencia","25":"tag-valencia-basket"},"share_on_mastodon":{"url":"https:\/\/pubeurope.com\/@es\/115408951527073200","error":""},"_links":{"self":[{"href":"https:\/\/www.europesays.com\/es\/wp-json\/wp\/v2\/posts\/190298","targetHints":{"allow":["GET"]}}],"collection":[{"href":"https:\/\/www.europesays.com\/es\/wp-json\/wp\/v2\/posts"}],"about":[{"href":"https:\/\/www.europesays.com\/es\/wp-json\/wp\/v2\/types\/post"}],"author":[{"embeddable":true,"href":"https:\/\/www.europesays.com\/es\/wp-json\/wp\/v2\/users\/2"}],"replies":[{"embeddable":true,"href":"https:\/\/www.europesays.com\/es\/wp-json\/wp\/v2\/comments?post=190298"}],"version-history":[{"count":0,"href":"https:\/\/www.europesays.com\/es\/wp-json\/wp\/v2\/posts\/190298\/revisions"}],"wp:featuredmedia":[{"embeddable":true,"href":"https:\/\/www.europesays.com\/es\/wp-json\/wp\/v2\/media\/190299"}],"wp:attachment":[{"href":"https:\/\/www.europesays.com\/es\/wp-json\/wp\/v2\/media?parent=190298"}],"wp:term":[{"taxonomy":"category","embeddable":true,"href":"https:\/\/www.europesays.com\/es\/wp-json\/wp\/v2\/categories?post=190298"},{"taxonomy":"post_tag","embeddable":true,"href":"https:\/\/www.europesays.com\/es\/wp-json\/wp\/v2\/tags?post=190298"}],"curies":[{"name":"wp","href":"https:\/\/api.w.org\/{rel}","templated":true}]}}