{"id":190319,"date":"2025-10-20T23:05:09","date_gmt":"2025-10-20T23:05:09","guid":{"rendered":"https:\/\/www.europesays.com\/es\/190319\/"},"modified":"2025-10-20T23:05:09","modified_gmt":"2025-10-20T23:05:09","slug":"trump-apremia-a-zelenski-a-aceptar-las-condiciones-de-putin-o-su-pais-sera-destruido-la-voz-de-galicia","status":"publish","type":"post","link":"https:\/\/www.europesays.com\/es\/190319\/","title":{"rendered":"Trump apremia a Zelenski a aceptar las condiciones de Putin o su pa\u00eds ser\u00e1 destruido &#8211; La Voz de Galicia"},"content":{"rendered":"<ol>\n<li><a href=\"https:\/\/news.google.com\/rss\/articles\/CBMi7AFBVV95cUxQTUp4Ml9BZGtFVlAzN2Y0WENoY3JPVlFoaGF5TkdZaWN0UUtPaFVoUkd6T0d0UkY4aE5xa21zYTA2UzZ6VE5GS1Z1VXBmRkhjSXJlZjhRYlBDNVU1ODk3bk9xeXlpQlNkM1J3OFp4NU83ZzNfT0xENktLaDh1T1ROMVRLMzUzaFAyWm5pZWUzSWMxbnU0T2ZMZmpjZ1k1R0NRXzduTFR4UHlOck1FckE0VldJNmswMmhTaGxBMWd6WnZENkhBTDdvV2hlT3ZyN0JCZDhiSUh3MDhITFBOdmJBQ0pmTXBmR29kUVRIYdIBiAJBVV95cUxPM0lJMzVOSUQ4Q3JLWjc2MlI3azBGX255bWRLMmd2MmVYbWw3Sk0tRkVwNVVwTlBMZWloMmhpM2dlNGFGM3p5bHg4VjAtVkNEZ21kc2VFWVFBNnBla1YwUjk0YjZoRmlfWG0yNGVFVzl0NlUzZ0lvQVg0Y2JoMzRlU0RPM2tTQkdXaHlPRHc0emU4VFRicDZ5SnYwSjdMUXl0MGNRZ0JBdmtKbUpOTDkta2FMcGppbEZzLXVkRHRqX1JpYmw1S0ZKRUNKQVBPd1NkMGtIV19tajlHNkdBZmNmV3RrVktGRlRPT2pLNHhETWNKYnJYN0VPajBwdnB1aUhXVUdwTHVXSHU?oc=5\" target=\"_blank\" rel=\"nofollow noopener\">Trump apremia a Zelenski a aceptar las condiciones de Putin o su pa\u00eds ser\u00e1 destruido<\/a>&nbsp;&nbsp;La Voz de Galicia<\/li>\n<li><a href=\"https:\/\/news.google.com\/rss\/articles\/CBMizAFBVV95cUxOZkhsWTNLNEU3V05MQ2pTblRkLUNvQjNEVDh0c2dXLWZqdUE4NGx6TW90QWt3bjY3NGVKZ1R1a1V0Uklnb2E5VjNoeVVteHVTQnRNejB4RURYaGU1UHlhRXIyQlNQSTRCU2RWdnJwd0RUaDF4ZGM3VjQxTzRTREtuLXN5cnlHNXJHVGNnZlpzV2FBVHc3c1V4WHJ5TTRJbWs3ZVdPdURUR0FpVDg2T2J2VVFsVmRBdXhVVDBGQ3VSUjhKOHFXQkJaVndrcng?oc=5\" target=\"_blank\" rel=\"nofollow noopener\">Europa busca f\u00f3rmulas para aumentar la ayuda a Ucrania ante las exigencias de Trump<\/a>&nbsp;&nbsp;EL PA\u00cdS<\/li>\n<li><a href=\"https:\/\/news.google.com\/rss\/articles\/CBMijgFBVV95cUxNSjhBMlFmdUhoQnpwbjhCTXUwUFhtZ3dSdG5pOFlUdWhXdm0xX1FHQjdiWHFvd2FQSllHWEl6aHUzZDdRemxteHY2RTFPNUIwQ1NRRmJUaTZobnRGai1ndGlZY0xiRERkcHphOEhJcGlsdGtJdU1IZ0hDZzRzZnNYc3ZMWmcxUWlDbW9rdG530gGOAUFVX3lxTE1KUXRwQXZ0bXo1N3k4QjUzcXJQU1VvZFR3M1I3bU9ERzZMN0ZKVEp3dG9RMTA5OU5GWXFPU2tWTzUyQnZxck56bzRfRkFjUGFFX0tGYUppNHVsYVdjRmxBOWpyRXl5SGFLb1JXUVhpVVpDZWgwMDY4UEZjNlBsdGlIazhfYWdCMTZ6Q2RKWWc?oc=5\" target=\"_blank\" rel=\"nofollow noopener\">Guerra Ucrania-Rusia, \u00faltima hora en directo | El nuevo giro de Trump sobre la guerra: \u00abUcrania podr\u00eda ganarla, no creo que lo haga, pero podr\u00eda\u00bb<\/a>&nbsp;&nbsp;El Mundo<\/li>\n<li><a href=\"https:\/\/news.google.com\/rss\/articles\/CBMipgFBVV95cUxOUTRnRFIySEp6ckNrYm04SFV5T2U0VmxZR1hJNVFxbUVLQkhTSndvV3J3ekRFem1wOEN0eVBtNHRSdVRjeV9oUURuWk5NblJYdTRCcFF3eTVRYmE5TDNud0JhR1BZb2Y1UkFuVmhIeEoyVDdST3k5bjVRRnNfLUVjR3lveE1KOWp2R3FjMUR3NWJvLWRIbGtGbVYwdlg0dGVMT3RKM0130gGrAUFVX3lxTE1FTXJJQlhCby1SWUZfTjJwRlhDcDVuQXpaOU5SbEktbVR3dXJDc0h1U2l5VGpIbDMzeW92c0pHaXBFLWdocXVGd1VxMk5jTVhNUUR2ZEZuTnRNN21sVzFtOXhfdU1PbHBCb2tmdjRZQ01FRU84Y0htMGpJYk16dzQzaDQyR3FNUEZiYldsTlFSSk5jdV9mRUE4NGk1WUYtM3FkeGlIVGY3SktvVQ?oc=5\" target=\"_blank\" rel=\"nofollow noopener\">Zelenski ir\u00e1 a Budapest si es invitado a la reuni\u00f3n entre Putin y Trump, pero rechaza a Orb\u00e1n como mediador<\/a>&nbsp;&nbsp;El Confidencial<\/li>\n<li><a href=\"https:\/\/news.google.com\/rss\/articles\/CBMirgFBVV95cUxQRDRlSXAtX1pUQ2w1Uk5DNWVueE04b2dnZlZ6UGRQMTdKVTVWblhCdVFLcUxJNkh4QzB2UXl2Yk9WRW9rbmpYLTJsZmtKMEtnTHF2Y1hnQzA1cWRWS0RCdy1jbGh5bUhFM2ZjX2w0a191QXUzVWlPay1BU3Z3WkhmMnVsMmZsVjBoLUZZX24yWmEzbW9FNFl0eTA2dzNjQmFfMGJTMXhuNEQ1dXd0ZGc?oc=5\" target=\"_blank\" rel=\"nofollow noopener\">Sin Tomahawk, Ucrania se resigna a una larga lucha contra Rusia durante los pr\u00f3ximos a\u00f1os<\/a>&nbsp;&nbsp;ABC<\/li>\n<\/ol>\n","protected":false},"excerpt":{"rendered":"Trump apremia a Zelenski a aceptar las condiciones de Putin o su pa\u00eds ser\u00e1 destruido&nbsp;&nbsp;La Voz de Galicia&hellip;\n","protected":false},"author":2,"featured_media":190320,"comment_status":"","ping_status":"","sticky":false,"template":"","format":"standard","meta":{"footnotes":""},"categories":[42],"tags":[17,18,352,13,14,7419,11,61,62,63,64,19,20,9,10,15,16,12,21,22,7083,14181,65,66,67],"class_list":{"0":"post-190319","1":"post","2":"type-post","3":"status-publish","4":"format-standard","5":"has-post-thumbnail","7":"category-internacional","8":"tag-breaking-news","9":"tag-breakingnews","10":"tag-donald-trump","11":"tag-featured-news","12":"tag-featurednews","13":"tag-guerra-en-ucrania","14":"tag-headlines","15":"tag-internacional","16":"tag-international","17":"tag-international-news","18":"tag-internationalnews","19":"tag-latest-news","20":"tag-latestnews","21":"tag-news","22":"tag-noticias","23":"tag-noticias-destacadas","24":"tag-noticiasdestacadas","25":"tag-titulares","26":"tag-ultimas-noticias","27":"tag-ultimasnoticias","28":"tag-vladimir-putin","29":"tag-volodimir-zelenski","30":"tag-world","31":"tag-world-news","32":"tag-worldnews"},"share_on_mastodon":{"url":"https:\/\/pubeurope.com\/@es\/115409002445492241","error":""},"_links":{"self":[{"href":"https:\/\/www.europesays.com\/es\/wp-json\/wp\/v2\/posts\/190319","targetHints":{"allow":["GET"]}}],"collection":[{"href":"https:\/\/www.europesays.com\/es\/wp-json\/wp\/v2\/posts"}],"about":[{"href":"https:\/\/www.europesays.com\/es\/wp-json\/wp\/v2\/types\/post"}],"author":[{"embeddable":true,"href":"https:\/\/www.europesays.com\/es\/wp-json\/wp\/v2\/users\/2"}],"replies":[{"embeddable":true,"href":"https:\/\/www.europesays.com\/es\/wp-json\/wp\/v2\/comments?post=190319"}],"version-history":[{"count":0,"href":"https:\/\/www.europesays.com\/es\/wp-json\/wp\/v2\/posts\/190319\/revisions"}],"wp:featuredmedia":[{"embeddable":true,"href":"https:\/\/www.europesays.com\/es\/wp-json\/wp\/v2\/media\/190320"}],"wp:attachment":[{"href":"https:\/\/www.europesays.com\/es\/wp-json\/wp\/v2\/media?parent=190319"}],"wp:term":[{"taxonomy":"category","embeddable":true,"href":"https:\/\/www.europesays.com\/es\/wp-json\/wp\/v2\/categories?post=190319"},{"taxonomy":"post_tag","embeddable":true,"href":"https:\/\/www.europesays.com\/es\/wp-json\/wp\/v2\/tags?post=190319"}],"curies":[{"name":"wp","href":"https:\/\/api.w.org\/{rel}","templated":true}]}}