{"id":190321,"date":"2025-10-20T23:06:08","date_gmt":"2025-10-20T23:06:08","guid":{"rendered":"https:\/\/www.europesays.com\/es\/190321\/"},"modified":"2025-10-20T23:06:08","modified_gmt":"2025-10-20T23:06:08","slug":"san-gonzalo-suspende-el-cabildo-de-elecciones","status":"publish","type":"post","link":"https:\/\/www.europesays.com\/es\/190321\/","title":{"rendered":"San Gonzalo suspende el cabildo de elecciones"},"content":{"rendered":"<p>20\/10\/2025<br \/>\n<br \/><strong><br \/>\nActualizado a las 23:49h.<br \/>\n<\/strong><\/p>\n<p class=\"voc-p\" style=\"\"><strong>La junta de gobierno de la hermandad de San Gonzalo,<\/strong> reunida en cabildo de oficiales en la noche de este lunes 20 de octubre, dictado por la autoridad eclesi\u00e1stica, <strong>ha comunicado que suspende el cabildo de elecciones previsto para este domingo 26 de octubre. <\/strong><\/p>\n<p class=\"voc-p\" style=\"\"><strong>La corporaci\u00f3n explica que se encuentra a la espera de la resoluci\u00f3n<\/strong> de la Delegaci\u00f3n Episcopal de Asuntos Jur\u00eddicos para Hermandades y Cofrad\u00edas de la Archidi\u00f3cesis de Sevilla,<strong> tras la impugnaci\u00f3n presentada en relaci\u00f3n con el procedimiento del voto por correo.<\/strong>\u00a0<\/p>\n<p class=\"voc-p\" style=\"\">Dicha impugnaci\u00f3n <strong>hace referencia, por un lado, a un error en la fecha del cabildo<\/strong> \u2014que figura como 2026 en lugar de 2025\u2014 y, por otro, a que la documentaci\u00f3n necesaria para ejercer el voto habr\u00eda sido remitida con tan solo dos semanas de antelaci\u00f3n, cuando la normativa diocesana establece un plazo m\u00ednimo de un mes para garantizar el correcto desarrollo del proceso electoral.<\/p>\n<p class=\"voc-p\" style=\"\"><strong>El proceso electoral de la hermandad de San Gonzalo atraviesa unas semanas especialmente convulsas,<\/strong> marcadas adem\u00e1s por las recientes dimisiones registradas en el seno de la actual junta de gobierno de la corporaci\u00f3n.<\/p>\n<p>\nArt\u00edculo solo para suscriptores\n<\/p>\n<p>Reportar un error<\/p>\n","protected":false},"excerpt":{"rendered":"20\/10\/2025 Actualizado a las 23:49h. La junta de gobierno de la hermandad de San Gonzalo, reunida en cabildo&hellip;\n","protected":false},"author":2,"featured_media":190322,"comment_status":"","ping_status":"","sticky":false,"template":"","format":"standard","meta":{"footnotes":""},"categories":[8],"tags":[17,18,58,4374,25,24,13,14,4799,11,19,20,9,10,15,16,2228,23,9986,12,21,22],"class_list":{"0":"post-190321","1":"post","2":"type-post","3":"status-publish","4":"format-standard","5":"has-post-thumbnail","7":"category-espana","8":"tag-breaking-news","9":"tag-breakingnews","10":"tag-cabildo","11":"tag-elecciones","12":"tag-es","13":"tag-espana","14":"tag-featured-news","15":"tag-featurednews","16":"tag-gonzalo","17":"tag-headlines","18":"tag-latest-news","19":"tag-latestnews","20":"tag-news","21":"tag-noticias","22":"tag-noticias-destacadas","23":"tag-noticiasdestacadas","24":"tag-san","25":"tag-spain","26":"tag-suspende","27":"tag-titulares","28":"tag-ultimas-noticias","29":"tag-ultimasnoticias"},"share_on_mastodon":{"url":"https:\/\/pubeurope.com\/@es\/115409006415087760","error":""},"_links":{"self":[{"href":"https:\/\/www.europesays.com\/es\/wp-json\/wp\/v2\/posts\/190321","targetHints":{"allow":["GET"]}}],"collection":[{"href":"https:\/\/www.europesays.com\/es\/wp-json\/wp\/v2\/posts"}],"about":[{"href":"https:\/\/www.europesays.com\/es\/wp-json\/wp\/v2\/types\/post"}],"author":[{"embeddable":true,"href":"https:\/\/www.europesays.com\/es\/wp-json\/wp\/v2\/users\/2"}],"replies":[{"embeddable":true,"href":"https:\/\/www.europesays.com\/es\/wp-json\/wp\/v2\/comments?post=190321"}],"version-history":[{"count":0,"href":"https:\/\/www.europesays.com\/es\/wp-json\/wp\/v2\/posts\/190321\/revisions"}],"wp:featuredmedia":[{"embeddable":true,"href":"https:\/\/www.europesays.com\/es\/wp-json\/wp\/v2\/media\/190322"}],"wp:attachment":[{"href":"https:\/\/www.europesays.com\/es\/wp-json\/wp\/v2\/media?parent=190321"}],"wp:term":[{"taxonomy":"category","embeddable":true,"href":"https:\/\/www.europesays.com\/es\/wp-json\/wp\/v2\/categories?post=190321"},{"taxonomy":"post_tag","embeddable":true,"href":"https:\/\/www.europesays.com\/es\/wp-json\/wp\/v2\/tags?post=190321"}],"curies":[{"name":"wp","href":"https:\/\/api.w.org\/{rel}","templated":true}]}}