{"id":190323,"date":"2025-10-20T23:07:16","date_gmt":"2025-10-20T23:07:16","guid":{"rendered":"https:\/\/www.europesays.com\/es\/190323\/"},"modified":"2025-10-20T23:07:16","modified_gmt":"2025-10-20T23:07:16","slug":"detenido-el-hombre-atrincherado-en-brenes-como-autor-del-crimen-de-dos-hermanas-y-decomisada-la-pistola-usada-en-los-hechos","status":"publish","type":"post","link":"https:\/\/www.europesays.com\/es\/190323\/","title":{"rendered":"Detenido el hombre atrincherado en Brenes como autor del crimen de Dos Hermanas y decomisada la pistola usada en los hechos"},"content":{"rendered":"<p style=\"\">La Polic\u00eda Nacional ha detenido sobre las 20.00 horas de la tarde de este lunes a un var\u00f3n que s<strong>e hab\u00eda atrincherado con un arma de fuego en un piso de la calle Juli\u00e1n Grimau de Brene<\/strong>s, donde ha sido desplegado un importante  &#8230; dispositivo de seguridad y emergencias, acordonando por completo dicha calle y desalojando incluso a los moradores de sus viviendas, lo que ha despertado una gran expectaci\u00f3n vecinal y medi\u00e1tica. <\/p>\n<p class=\"voc-p\" style=\"\">El arrestado es el autor material del crimen perpetrado este pasado s\u00e1bado en <strong>Dos Hermanas<\/strong>, donde Alejandro G.M., un portero de discoteca con antecedentes, recibi\u00f3 <strong>un disparo en la frente en una vivienda okupada de la planta baja del n\u00famero 37 de la calle Real de Utrera de Dos Hermanas.<\/strong><\/p>\n<p class=\"voc-p\" style=\"\">El hombre detenido este lunes en Brenes ser\u00eda as\u00ed quien apret\u00f3 el gatillo de la <strong>pistola<\/strong> usada para dicho asesinato <strong>en el centro de Dos Hermanas<\/strong>, porque los agentes le han intervenido precisamente esta tarde noche dicha arma de fuego corta, como la utilizada para matar a la v\u00edctima.<\/p>\n<p class=\"voc-p\" style=\"\">Al detalle, los hechos se habr\u00edan desencadenado antes de las 15.00 horas de la tarde de este lunes, despu\u00e9s de que durante el s\u00e1bado, la Polic\u00eda Nacional arrestase ya a un primer var\u00f3n por su presunta relaci\u00f3n con el crimen de la calle Real de Utrera en Dos Hermanas. En concreto, siguiendo el rastro de <strong>un reguero de sangre que part\u00eda de la vivienda donde Alejandro G.M.<\/strong> recibi\u00f3 un tiro en la frente, los agentes detuvieron en el hospital Virgen del Roc\u00edo a un hombre que hab\u00eda acudido all\u00ed herido.<\/p>\n<p class=\"voc-p\" style=\"\">Aunque en aquel momento fuentes del caso aseguraban ya a ABC que se segu\u00eda investigando para <strong>dar con el principal autor del crimen y que este primer arrestado pod\u00eda tener otro papel en los hechos<\/strong>, al d\u00eda siguiente, el domingo, el gabinete de comunicaci\u00f3n de la Polic\u00eda Nacional atribu\u00eda a esta persona la autor\u00eda como tal del disparo que acab\u00f3 con la vida de Alejandro G.M. en el piso bajo del n\u00famero 37 de la calle Real de Utrera en Dos Hermanas. <\/p>\n<p class=\"voc-p\" style=\"\">Finalmente, <strong>ha sido la tarde de este lunes cuando finalmente ha sido arrestado en Brenes el presunto autor del disparo<\/strong>, en este amplio dispositivo movilizado por la Polic\u00eda Nacional, mientras <strong>se investiga un supuesto ajuste de cuentas como principal hip\u00f3tesis sobre las causas del crime<\/strong>n, toda vez que una semana antes, la Polic\u00eda ya tuvo que intervenir en el piso okupado de del n\u00famero 37 de la calle Real de Utrera en Dos Hermanas por una trifulca previa. <\/p>\n<p class=\"voc-p\" style=\"\">La operaci\u00f3n desplegada este lunes en Brenes habr\u00eda comenzado, en cualquier caso, antes de las 15.00 horas y habr\u00eda tenido c<strong>omo epicentro un piso de uno de los bloques de viviendas de la calle Juan Grimau<\/strong>, localizada en la salida del municipio hacia Villaverde del R\u00edo, entre la traves\u00eda de la carretera auton\u00f3mica A-462 y la avenida de Tocina o traves\u00eda de la carretera SE-3100. Se trata del barrio de San Sebasti\u00e1n. <\/p>\n<p class=\"voc-p\" style=\"\">All\u00ed, todo habr\u00eda ocurrido en <strong>un piso alquilado desde hace pocos a\u00f1os por un individuo que reside junto a su mujer. E<\/strong>l padre del propietario del piso y casero del mismo ha manifestado a los medios de comunicaci\u00f3n que por la informaci\u00f3n con la que contaba, alguien se habr\u00eda \u00abmetido\u00bb en el piso del inquilino y este \u00faltimo habr\u00eda saltado desde el mismo al vac\u00edo. <\/p>\n<p class=\"voc-p\" style=\"\">El inquilino de la vivienda, en efecto, <strong>habr\u00eda sido asistido en un centro de salud por las lesiones sufridas en su ca\u00edda,<\/strong> siendo adem\u00e1s detenido por los agentes. Vecinos de la zona comentaban que este inquilino no hab\u00eda dado problemas de convivencia y que abonaba sus rentas de alquiler, manifestando no conocer al otro var\u00f3n que estaba en la vivienda, quien llevaba muy poco en ella y que ser\u00eda quiz\u00e1 extranjero, portugu\u00e9s entre las nacionalidades mencionadas por estas personas. <\/p>\n<p class=\"voc-p\" style=\"\">Este otro var\u00f3n, seg\u00fan testimonios a pie de calle, habr\u00eda podido protagonizar una <strong>persecuci\u00f3n<\/strong> antes de recalar en el piso, donde habr\u00eda podido amenazar con una deflagraci\u00f3n con una bombona de gas butano.<\/p>\n<p class=\"voc-p\" style=\"\">A partir de entonces, en el citado piso de la calle Juli\u00e1n Grimau habr\u00eda quedado tan s\u00f3lo el var\u00f3n finalmente buscado por la Polic\u00eda Nacional co<strong>mo autor material del disparo mortal del crimen de Dos Hermanas<\/strong>, quien se habr\u00eda atrincherado blandiendo la pistola usada para matar a Alejandro G.M. el pasado s\u00e1bado en Dos Hermanas.<\/p>\n<p class=\"voc-p\" style=\"\">La Polic\u00eda Nacional ha desplegado as\u00ed un importante dispositivo, con agentes de los Grupos Operativos Especiales de Seguridad (<strong>GOES<\/strong>), agentes de la unidad de Intervenci\u00f3n, negociadores y otros equipos, junto con efectivos de la Guardia Civil, un cami\u00f3n de bomberos y dos ambulancias.<\/p>\n<p class=\"voc-p\" style=\"\">Los agentes han cortado por completo la calle Juli\u00e1n Grimau, que ha quedado<strong> absolutamente precintada y blindada junto con sus aleda\u00f1os<\/strong>, con el desalojo de las viviendas de dicha v\u00eda durante las cinco horas que ha durado aproximadamente esta operaci\u00f3n. En algunos casos de necesidad, los agentes s\u00ed han permitido a sus vecinos entrar moment\u00e1neamente en sus hogares para recuperar alg\u00fan efecto indispensable para alguna contingencia.<\/p>\n<p class=\"voc-p\" style=\"\">Todo este despliegue ha motivado una i<strong>mportante expectaci\u00f3n medi\u00e1tica y vecinal, con mucha poblaci\u00f3n de la zona congreg\u00e1ndose en los alrededores<\/strong> para contemplar la escena, si bien pocos de los vecinos se animaban a hablar abiertamente con los medios de comunicaci\u00f3n, en una atm\u00f3sfera en la que reinaba cierto temor. Incluso se han vivido algunos momentos de tensi\u00f3n entre los propios vecinos, con una airada discusi\u00f3n en plena calle. <\/p>\n<p class=\"voc-p\" style=\"\"> M\u00e1s de uno de los vecinos se quejaba eso s\u00ed de la <strong>racha de sucesos que arrastra Brenes<\/strong>,que hace unas semanas registr\u00f3 el asesinato de una mujer presuntamente a manos de su hijo y donde a comienzos de febrero un var\u00f3n era detenido por asesinar a una joven de 27 a\u00f1os de edad. Las dos mujeres v\u00edctimas de estos cr\u00edmenes eran de nacionalidad brasile\u00f1a.<\/p>\n<p class=\"voc-p\" style=\"\">Sobre las 20.00 horas, finalmente, la <strong>Polic\u00eda Nacional consumaba el arresto del var\u00f3n atrincherado en este piso de la calle Juli\u00e1n Grimau de Brenes<\/strong>, intervini\u00e9ndole adem\u00e1s una pistola que ser\u00eda el arma usada para disparar contra Alejandro G.M. Tras ello, los agentes comenzaron a levantar el precinto de la calle y la misma empezaba a recuperar la normalidad, poco a poco, despu\u00e9s de unas horas de <strong>gran tensi\u00f3n y expectaci\u00f3n<\/strong>. <\/p>\n","protected":false},"excerpt":{"rendered":"La Polic\u00eda Nacional ha detenido sobre las 20.00 horas de la tarde de este lunes a un var\u00f3n&hellip;\n","protected":false},"author":2,"featured_media":190324,"comment_status":"","ping_status":"","sticky":false,"template":"","format":"standard","meta":{"footnotes":""},"categories":[5],"tags":[29959,1697,17,18,33890,3718,53244,8838,1563,25,24,13,14,11,3553,366,19,20,9,10,15,16,26834,23,12,21,22,53245],"class_list":{"0":"post-190323","1":"post","2":"type-post","3":"status-publish","4":"format-standard","5":"has-post-thumbnail","7":"category-titulares","8":"tag-atrincherado","9":"tag-autor","10":"tag-breaking-news","11":"tag-breakingnews","12":"tag-brenes","13":"tag-crimen","14":"tag-decomisada","15":"tag-detenido","16":"tag-dos","17":"tag-es","18":"tag-espana","19":"tag-featured-news","20":"tag-featurednews","21":"tag-headlines","22":"tag-hermanas","23":"tag-hombre","24":"tag-latest-news","25":"tag-latestnews","26":"tag-news","27":"tag-noticias","28":"tag-noticias-destacadas","29":"tag-noticiasdestacadas","30":"tag-pistola","31":"tag-spain","32":"tag-titulares","33":"tag-ultimas-noticias","34":"tag-ultimasnoticias","35":"tag-usada"},"share_on_mastodon":{"url":"https:\/\/pubeurope.com\/@es\/115409010292685546","error":""},"_links":{"self":[{"href":"https:\/\/www.europesays.com\/es\/wp-json\/wp\/v2\/posts\/190323","targetHints":{"allow":["GET"]}}],"collection":[{"href":"https:\/\/www.europesays.com\/es\/wp-json\/wp\/v2\/posts"}],"about":[{"href":"https:\/\/www.europesays.com\/es\/wp-json\/wp\/v2\/types\/post"}],"author":[{"embeddable":true,"href":"https:\/\/www.europesays.com\/es\/wp-json\/wp\/v2\/users\/2"}],"replies":[{"embeddable":true,"href":"https:\/\/www.europesays.com\/es\/wp-json\/wp\/v2\/comments?post=190323"}],"version-history":[{"count":0,"href":"https:\/\/www.europesays.com\/es\/wp-json\/wp\/v2\/posts\/190323\/revisions"}],"wp:featuredmedia":[{"embeddable":true,"href":"https:\/\/www.europesays.com\/es\/wp-json\/wp\/v2\/media\/190324"}],"wp:attachment":[{"href":"https:\/\/www.europesays.com\/es\/wp-json\/wp\/v2\/media?parent=190323"}],"wp:term":[{"taxonomy":"category","embeddable":true,"href":"https:\/\/www.europesays.com\/es\/wp-json\/wp\/v2\/categories?post=190323"},{"taxonomy":"post_tag","embeddable":true,"href":"https:\/\/www.europesays.com\/es\/wp-json\/wp\/v2\/tags?post=190323"}],"curies":[{"name":"wp","href":"https:\/\/api.w.org\/{rel}","templated":true}]}}