{"id":190325,"date":"2025-10-20T23:08:08","date_gmt":"2025-10-20T23:08:08","guid":{"rendered":"https:\/\/www.europesays.com\/es\/190325\/"},"modified":"2025-10-20T23:08:08","modified_gmt":"2025-10-20T23:08:08","slug":"igualdad-entre-unlam-y-racing","status":"publish","type":"post","link":"https:\/\/www.europesays.com\/es\/190325\/","title":{"rendered":"igualdad entre UNLaM y Racing"},"content":{"rendered":"<p>Con cuatro fechas por jugarse, la <strong>Universidad Nacional de La Matanza<\/strong> (UNLaM) sigue con el objetivo entre ceja y ceja de mantener la categor\u00eda. Si bien matem\u00e1ticamente a\u00fan no est\u00e1 cerrado, la meta est\u00e1 cerca gracias a los resultados de las \u00faltimas jornadas. Este s\u00e1bado viaj\u00f3 hasta Comunicaciones para enfrentar a Racing, se le escap\u00f3 la victoria sobre el final del encuentro y debi\u00f3 conformarse con dos puntos tras igualar <strong>21-21<\/strong>.<\/p>\n<p>Los primeros 30 minutos se vieron empapados de imprecisiones por ambos lados. El conjunto local de Villa del Parque no pudo imponer su juego y cometi\u00f3 muchos errores en posesi\u00f3n forzados por la presi\u00f3n intensa del Verde. Las dirigidas por <strong>Lucas Roggero<\/strong> se vieron firmes en defensa, pero no estuvieron finas de cara al arco. A pesar de perdonar en varias ocasiones a su rival, se fueron al entretiempo ganando por 9-4.<\/p>\n<p>En el complemento, la Academia control\u00f3 la pelota y supo lastimar a la escuadra universitaria con transiciones r\u00e1pidas explotando la potencia de sus extremos. La UNLaM intent\u00f3 mantener la tranquilidad con posesiones largas para enfriar el juego, pero sobre el final lleg\u00f3 el empate de las locales y se qued\u00f3 sin tiempo para ir a buscarlo.<\/p>\n<p><strong>Ludmila Pr\u00edncipe<\/strong> volvi\u00f3 a ser una de las piezas claves, luego de anotar ocho tantos. Con 23 unidades, las matanceras escalaron al <strong>octavo lugar<\/strong> y quedaron a ocho puntos de los puestos de descenso, restando doce por jugar. El pr\u00f3ximo compromiso ser\u00e1 frente a La Uni\u00f3n de Villa Giambruno en el <strong>Microestadio de Usos M\u00faltiples<\/strong> de la Universidad. El encuentro est\u00e1 programado para el <strong>s\u00e1bado 1 de noviembre<\/strong>, con horario a confirmar.<\/p>\n<p>De a tres sin rival<\/p>\n<p>Por otro lado, tanto el conjunto masculino como las formativas de damas, acabaron sumando los tres puntos sin jugar sus partidos.<\/p>\n<p>Los caballeros deb\u00edan recibir a la Municipalidad de Vicente L\u00f3pez C, que no present\u00f3 equipo. Su siguiente encuentro ser\u00e1 ante la <strong>UNSAM<\/strong> en el ISEF Enrique Romero Brest el <strong>domingo 2 de noviembre<\/strong>, sin horario confirmado.<\/p>\n<p>Las inferiores, por su parte, tambi\u00e9n el domingo, recib\u00edan al Club SAPA en San Justo, pero tampoco present\u00f3 categor\u00edas. De igual manera, el <strong>domingo 2<\/strong>, visitar\u00e1 a <strong>Lan\u00fas B<\/strong>, con horario estimado desde las 11.30.<\/p>\n<p>\t\tContinue Reading<\/p>\n","protected":false},"excerpt":{"rendered":"Con cuatro fechas por jugarse, la Universidad Nacional de La Matanza (UNLaM) sigue con el objetivo entre ceja&hellip;\n","protected":false},"author":2,"featured_media":106676,"comment_status":"","ping_status":"","sticky":false,"template":"","format":"standard","meta":{"footnotes":""},"categories":[278],"tags":[376,20484,168,25,24,375,23,167,20485],"class_list":{"0":"post-190325","1":"post","2":"type-post","3":"status-publish","4":"format-standard","5":"has-post-thumbnail","7":"category-balonmano","8":"tag-balonmano","9":"tag-deporte-universitario-argentino","10":"tag-deportes","11":"tag-es","12":"tag-espana","13":"tag-handball","14":"tag-spain","15":"tag-sports","16":"tag-universidad-nacional-de-la-matanza"},"share_on_mastodon":{"url":"https:\/\/pubeurope.com\/@es\/115409014143591657","error":""},"_links":{"self":[{"href":"https:\/\/www.europesays.com\/es\/wp-json\/wp\/v2\/posts\/190325","targetHints":{"allow":["GET"]}}],"collection":[{"href":"https:\/\/www.europesays.com\/es\/wp-json\/wp\/v2\/posts"}],"about":[{"href":"https:\/\/www.europesays.com\/es\/wp-json\/wp\/v2\/types\/post"}],"author":[{"embeddable":true,"href":"https:\/\/www.europesays.com\/es\/wp-json\/wp\/v2\/users\/2"}],"replies":[{"embeddable":true,"href":"https:\/\/www.europesays.com\/es\/wp-json\/wp\/v2\/comments?post=190325"}],"version-history":[{"count":0,"href":"https:\/\/www.europesays.com\/es\/wp-json\/wp\/v2\/posts\/190325\/revisions"}],"wp:featuredmedia":[{"embeddable":true,"href":"https:\/\/www.europesays.com\/es\/wp-json\/wp\/v2\/media\/106676"}],"wp:attachment":[{"href":"https:\/\/www.europesays.com\/es\/wp-json\/wp\/v2\/media?parent=190325"}],"wp:term":[{"taxonomy":"category","embeddable":true,"href":"https:\/\/www.europesays.com\/es\/wp-json\/wp\/v2\/categories?post=190325"},{"taxonomy":"post_tag","embeddable":true,"href":"https:\/\/www.europesays.com\/es\/wp-json\/wp\/v2\/tags?post=190325"}],"curies":[{"name":"wp","href":"https:\/\/api.w.org\/{rel}","templated":true}]}}