{"id":190326,"date":"2025-10-20T23:10:08","date_gmt":"2025-10-20T23:10:08","guid":{"rendered":"https:\/\/www.europesays.com\/es\/190326\/"},"modified":"2025-10-20T23:10:08","modified_gmt":"2025-10-20T23:10:08","slug":"un-demoledor-ecuatoriano-quiere-la-cabeza-de-merab-dvalishvili-metro-ecuador","status":"publish","type":"post","link":"https:\/\/www.europesays.com\/es\/190326\/","title":{"rendered":"Un \u201cDemoledor\u201d ecuatoriano quiere la cabeza de Merab Dvalishvili \u2013 Metro Ecuador"},"content":{"rendered":"<p class=\"c-paragraph\"><b>Cristhian Rivas <\/b>es un ecuatoriano de 31 a\u00f1os que se caracteriza por una izquierda devastadora, un nivel de lucha agresiva y un coraz\u00f3n que palpita al \u201cson\u201d <b>del amor de su familia. <\/b><\/p>\n<p class=\"c-paragraph\">El \u201cDemoledor\u201d, guayaquile\u00f1o de cepa, quiere transformarse en el <a href=\"https:\/\/www.metroecuador.com.ec\/tags\/ufc\/\" target=\"_self\" rel=\"nofollow noopener\" title=\"https:\/\/www.metroecuador.com.ec\/tags\/ufc\/\"><b>quinto ecuatoriano<\/b> en firmar con la UFC<\/a>. Sus caracter\u00edsticas le permitieron dar una performance incre\u00edble este 18 de octubre en MMA M\u00e9xico, donde se proclam\u00f3 campe\u00f3n. <\/p>\n<p class=\"c-paragraph\">Ahora, el tricolor est\u00e1 a la espera de una llamada de UFC y as\u00ed empezar a labrar su camino en las 135 libras. Su vida familiar, su enfoque profesional y su hambre de gloria son detalles que han catapultado su carrera donde suma 13 victorias y 4 derrotas. <\/p>\n<p class=\"c-paragraph\"><b>En un di\u00e1logo con Metro Ecuador<\/b> resalt\u00f3 que desde temprana edad despert\u00f3 su ADN de guerrero, y su preparaci\u00f3n constante no le hacen dudar en estar a la par de la m\u00e1quina de Georgia: <b>Merab Dvalishvili. <\/b><\/p>\n<p>\u00bfC\u00f3mo empez\u00f3 su amor por los deportes de contacto?<\/p>\n<p class=\"c-paragraph\">\u201cBueno, comenz\u00f3 en la escuela, peleaba mucho, mi mam\u00e1 me cambiaba mucho de escuela por ser pele\u00f3n y mi familia viene de deportistas, tengo primos jugadores, mis t\u00edos y primos tambi\u00e9n son deportistas, son luchadores y mi mam\u00e1 decidi\u00f3 entregarme a mi t\u00edo para que \u00e9l me lleve por la senda del deporte y creo que eso me hizo tomar este camino y ser el demoledor que soy ahora\u201d. <\/p>\n<p>Preparaci\u00f3n en su carrera profesional<\/p>\n<p class=\"c-paragraph\">\u201cBueno, como todo el mundo sabe, este deporte es un deporte muy duro, un deporte muy fuerte, que tienes que estar preparado psicol\u00f3gicamente m\u00e1s que todo porque vas a subirte a la jaula con alguien m\u00e1s que quiere el triunfo y quiere quitarte tu sue\u00f1o. Para m\u00ed ha sido una evoluci\u00f3n tambi\u00e9n psicol\u00f3gica, creo que en eso me preparo yo mismo, tengo mis psic\u00f3logos tambi\u00e9n, ellos me ayudan y yo siempre creo en Dios, mi familia tambi\u00e9n, somos muy creyentes y creo que el tiempo de Dios es perfecto, yo solo estoy haciendo el trabajo que me toca a m\u00ed y ya el trabajo que le toca a \u00e9l ya va a venir a\u00f1adido poco a poco\u201d.<\/p>\n<p>Su desarrollo en M\u00e9xico<\/p>\n<p class=\"c-paragraph\">\u201cBueno, creo que mi carrera ha sido de evoluci\u00f3n desde que yo comenc\u00e9 la lucha, he sido seleccionado de Ecuador en lucha ol\u00edmpica, represent\u00e9 a mi pa\u00eds en los Juegos Panamericanos, he sido medallista Panamericano, Sudamericano y creo que eso tambi\u00e9n me ayuda, ser l\u00edder, ser un deportista de alto rendimiento y acoplarme a todos los escenarios, de todos mis compa\u00f1eros, de toda la gente que conozco nueva, ac\u00e1 estamos gente de Chile, Argentina, Per\u00fa, Colombia, Venezuela, los mismos mexicanos y creo que eso me ha llevado a crecer mentalmente. Feliz y contento de permanecer en este equipo tan grande que es el UFC Performance y ser uno de los mejores atletas de Latinoam\u00e9rica y pronto estar en UFC\u201d. <\/p>\n<p>Codearse con grandes exponentes de UFC<\/p>\n<p class=\"c-paragraph\">\u201cBueno, con Brandon Moreno ya llevo varios a\u00f1os de amistad, \u00e9l me llam\u00f3 por mi desempe\u00f1o en la lucha ol\u00edmpica que es mi deporte m\u00e1s fuerte, siempre he estado rodeado de gente de alto nivel y estuvimos la pelea por el cintur\u00f3n con el Brandon, fuimos a Brazilian Warrior con mi compa\u00f1ero Diego L\u00f3pez. Nos recibi\u00f3 con todo el gusto all\u00e1 en su academia e hicimos el campamento y logramos el campeonato mundial con Brandon en el UFC y contento de que ellos me inviten, contento de que ellos me reciban cada vez que yo voy y ellos saben el nivel que tengo y yo tambi\u00e9n s\u00e9 el nivel que tengo y pronto estoy en UFC, como te lo digo y siempre lo repito para m\u00ed es algo importante esto, que el tiempo de Dios es perfecto y nada, yo solo me estoy preparando\u201d. <\/p>\n<p>Su mano izquierda es terror\u00edfica para sus rivales<\/p>\n<p class=\"c-paragraph\">\u201cBueno, creo que me he preparado muy bien, mi nivel de striking al nivel de boxeo, de kickboxing me ha mejorado mucho, me destaco mucho por mi izquierda, es mi mano m\u00e1s poderosa y nada, implementando el deporte, el boxeo mexicano y todas las armas que nos est\u00e1n dando los entrenadores y afilando estas armas para que llegue a UFC y ganarme los 50 mil d\u00f3lares con nocaut de la mano izquierda\u201d.<\/p>\n<p>Mentalidad antes de ser campe\u00f3n<\/p>\n<p class=\"c-paragraph\">\u201cBueno, antes de la pelea siempre uno est\u00e1 con el nervio, siempre uno est\u00e1 con el pensamiento de qu\u00e9 puede pasar porque es una pelea de uno contra uno y cualquier cosa puede pasar, no importa si tengas el mejor campamento, la mejor preparaci\u00f3n, pero todo puede pasar en alg\u00fan momento. Siempre en mi cabeza est\u00e1 que tengo que llevar el pan a mi casa, tengo que darle comer a mi familia, a mi beb\u00e9, tengo que darle escuela, tengo que darle cosas grandes y creo que eso me motiva, eso me tiene tranquilo, igual ya mi experiencia ha sido grande, he estado con grandes rivales y eso me tuvo muy tranquilo al momento de subirme al ring y hacer mi trabajo tranquilo y despu\u00e9s de la pelea una emoci\u00f3n bien grande, ya suelta los hombros porque el peso ya se sali\u00f3 y nada. Alegre, alegre, ahora estoy esperando para volver a los entrenamientos, seguir con mi vida normal porque esto no acaba aqu\u00ed y despu\u00e9s ir a ver a mi familia de Ecuador\u201d. <\/p>\n<p>Su familia, su motor<\/p>\n<p class=\"c-paragraph\">\u201cPara m\u00ed es muy dif\u00edcil estar muy lejos de mi familia, mi beb\u00e9 tiene 6 a\u00f1os y casi no he estado con \u00e9l, pero \u00e9l sabe que yo siempre lo tengo en mi pensamiento y \u00e9l es mi inspiraci\u00f3n, \u00e9l, mi familia, yo solo lucho por ellos, por mi mam\u00e1, por mi pap\u00e1, por mi esposa, por mi beb\u00e9 que es lo m\u00e1s importante y siempre quiero darle lo mejor a toda mi familia, a mis hermanos que ellos siempre est\u00e1n apoy\u00e1ndome, ellos son un pilar fundamental que no me deja caer y feliz y contento de que \u00e9l sepa que yo estoy ac\u00e1 luch\u00e1ndola y pronto cuando \u00e9l me va a ver en la UFC se va a sentir orgulloso. En la escuela a \u00e9l siempre lo saludan, siempre lo felicitan por tener un pap\u00e1 luchador y nada, eso me tiene contento y tranquilo\u201d.<\/p>\n<p>Cultiva el h\u00e1bito de la lectura<\/p>\n<p class=\"c-paragraph\">\u201cCreo que eso es una parte fundamental, nosotros tenemos muchos golpes en la cabeza y eso te va mermando poco a poco y creo que tienes que nutrir tu cabeza, tu ser, tu inteligencia tambi\u00e9n con todo lo que puedas, no sumar todas las armas posibles, para m\u00ed es muy importante leer, siempre me ha gustado, siempre estoy nutri\u00e9ndome, siempre estoy en el crecimiento personal, mental y eso a m\u00ed me tiene contento y me tiene tranquilo y creo que eso es una de las claves donde yo voy y hago pr\u00e1ctica en el entrenamiento o ahora en la pelea en los frases de que tu poder mental es mucho mayor y creo que la mente lo puede todo y controla todo el cuerpo y eso es lo que me quita el nervio y para m\u00ed eso es muy fundamental en mi cuerpo\u201d. <\/p>\n<p>Su amor por la familia<\/p>\n<p class=\"c-paragraph\">\u201cNada, que ellos siempre me van a acompa\u00f1ar donde sea que est\u00e9, yo lo siento tambi\u00e9n, que ellos siempre est\u00e1n mir\u00e1ndome, ellos siempre est\u00e1n apoy\u00e1ndome y que ellos me aman al mismo tiempo que yo los amo y eso me tiene tranquilo, no hay mucho que hablar porque todos los d\u00edas se los digo, todos los d\u00edas ellos lo saben que yo estoy luchando por ellos, tanto como mi familia, tanto como mi mujer, tanto como mi hijo, ellos saben que yo estoy luchando por ellos y tranquilo, eso es lo que m\u00e1s me tiene tranquilo, que ellos me dan tranquilidad para yo seguir haciendo lo m\u00edo y ellos esperarme all\u00e1 en Ecuador con los brazos abiertos y sabiendo que el coraz\u00f3n est\u00e1 lleno y contento\u201d. <\/p>\n<p>Evaluaci\u00f3n de la categor\u00eda peso gallo de UFC<\/p>\n<p class=\"c-paragraph\">\u201cEs una categor\u00eda muy fuerte, creo que Chito ha hecho ejemplo de todo eso, ha peleado con los mejores y nosotros estamos al mismo nivel porque tenemos la misma preparaci\u00f3n y lo que le pas\u00f3 a Chito fue cosas del destino, as\u00ed es esta vida, as\u00ed es el deporte, altas y bajas pero para m\u00ed Chito es una gran inspiraci\u00f3n, para m\u00ed Chito es el que llev\u00f3 renacer el deporte a Ecuador y nada, para m\u00ed va a ser lo mismo estando all\u00e1 adentro, siempre me voy a preparar con el mismo entusiasmo siempre me voy a preparar con la misma gana mental y f\u00edsicamente y a lo que venga, yo estoy preparado a lo que venga estoy preparado para pelear con cualquiera y estoy listo\u201d.<\/p>\n<p>Su imagen a seguir<\/p>\n<p class=\"c-paragraph\">\u201cBueno para m\u00ed desde que conoc\u00ed a Brandon Moreno, \u00e9l quiere mucho a mi familia, \u00e9l ha sido campe\u00f3n \u00e9l es una excelente persona, un ejemplo a seguir, \u00e9l me inculc\u00f3 tambi\u00e9n la parte de leer, de estar concentrado de no ir por malos caminos, de no tener vicio, de solo estar con la familia y creo que eso a mi carrera ha llevado mucho y toda la gente se ha dado cuenta de mi cambio y nada, para m\u00ed es una inspiraci\u00f3n muy grande\u201d.<\/p>\n<p>\u00bfEs posible UFC Ecuador?<\/p>\n<p class=\"c-paragraph\">\u201cSi, solo es cuesti\u00f3n de que la gente siga apoyando, de que la gente en Ecuador siga viendo el UFC eso llama mucho la atenci\u00f3n, no solo es que hablemos muchos peleadores ecuatorianos en UFC eso no es todo, es que la gente siga viendo, la gente siga apoyando y que Dana White se d\u00e9 cuenta de que en Ecuador hay mucho apoyo y podemos llevar una cartelera muy linda a Ecuador y dar el mejor espect\u00e1culo\u201d. <\/p>\n<p>Su punto de quiebre<\/p>\n<p class=\"c-paragraph\">\u201cMi punto de quiebre fue una pelea que perd\u00ed con Payton Talbott, esta actual en UFC no perd\u00ed con cualquiera, todo el mundo lo dice, pero para m\u00ed fue eso, es un cambio un cambio de que digan, no, est\u00e1s para ese nivel, hiciste una buena pelea, la perdiste pero hiciste una buena pelea con mejor preparaci\u00f3n. Tom\u00e9 esa pelea con 20 d\u00edas de aviso y me di mi mejor performance y creo que eso para m\u00ed fue un cambio y s\u00e9 y lo siento y estoy seguro de que yo voy a llegar y voy a romper la UFC\u201d.<\/p>\n<p>\u00bfA qui\u00e9n retar\u00eda al llegar a UFC?<\/p>\n<p class=\"c-paragraph\">\u201cMerab Dvalishvili, yo he entrenado con \u00e9l y s\u00e9 que mi nivel tambi\u00e9n est\u00e1 cabr\u00f3n. Estoy listo Estoy listo con mis peleas y si me llaman el fin de semana incluso habl\u00e9 con mi manager reci\u00e9n ahora y le mand\u00e9 un mensaje que si necesita un peleador para el fin de semana, UFC Abu Dhabi, estoy listo\u201d.<\/p>\n<p>Frase que lo define<\/p>\n<p class=\"c-paragraph\">\u00a0\u201cAguerrido, lleno de amor por mi familia y con muchas ganas de comerme el mundo\u201d.<\/p>\n","protected":false},"excerpt":{"rendered":"Cristhian Rivas es un ecuatoriano de 31 a\u00f1os que se caracteriza por una izquierda devastadora, un nivel de&hellip;\n","protected":false},"author":2,"featured_media":190327,"comment_status":"","ping_status":"","sticky":false,"template":"","format":"standard","meta":{"footnotes":""},"categories":[276],"tags":[53246,53248,53258,53254,53255,53253,53251,53259,53256,53247,53249,53250,53257,168,25,24,23,167,343,53252],"class_list":{"0":"post-190326","1":"post","2":"type-post","3":"status-publish","4":"format-standard","5":"has-post-thumbnail","7":"category-ufc","8":"tag-cristhian-rivas","9":"tag-cristhian-rivas-campeon-de-mma-mexico","10":"tag-cristhian-rivas-detalles-de-la-llegada-a-ufc","11":"tag-cristhian-rivas-detalles-de-su-llegada-a-la-ufc","12":"tag-cristhian-rivas-esto-sabemos-de-su-llegada-a-la-ufc","13":"tag-cristhian-rivas-podra-llegar-a-la-ufc","14":"tag-cristhian-rivas-podra-ser-el-quinto-ecuatoriano-en-llegar-a-la-uf","15":"tag-cristhian-rivas-podra-ser-que-llegue-a-la-ufc","16":"tag-cristhian-rivas-que-podemos-conocer-de-su-llegada-a-la-ufc","17":"tag-cristhian-rivas-quien-es","18":"tag-cristhian-rivas-quinto-ecuatoriano-en-llegar-a-la-ufc","19":"tag-cristhian-rivas-sera-el-quinto-ecuatoriano-en-llegar-a-la-ufc","20":"tag-cristhian-rivas-sera-posible-que-llegue-a-la-ufc","21":"tag-deportes","22":"tag-es","23":"tag-espana","24":"tag-spain","25":"tag-sports","26":"tag-ufc","27":"tag-v-podra-llegar-a-la-ufc"},"share_on_mastodon":{"url":"","error":"Validation failed: Text character limit of 500 exceeded"},"_links":{"self":[{"href":"https:\/\/www.europesays.com\/es\/wp-json\/wp\/v2\/posts\/190326","targetHints":{"allow":["GET"]}}],"collection":[{"href":"https:\/\/www.europesays.com\/es\/wp-json\/wp\/v2\/posts"}],"about":[{"href":"https:\/\/www.europesays.com\/es\/wp-json\/wp\/v2\/types\/post"}],"author":[{"embeddable":true,"href":"https:\/\/www.europesays.com\/es\/wp-json\/wp\/v2\/users\/2"}],"replies":[{"embeddable":true,"href":"https:\/\/www.europesays.com\/es\/wp-json\/wp\/v2\/comments?post=190326"}],"version-history":[{"count":0,"href":"https:\/\/www.europesays.com\/es\/wp-json\/wp\/v2\/posts\/190326\/revisions"}],"wp:featuredmedia":[{"embeddable":true,"href":"https:\/\/www.europesays.com\/es\/wp-json\/wp\/v2\/media\/190327"}],"wp:attachment":[{"href":"https:\/\/www.europesays.com\/es\/wp-json\/wp\/v2\/media?parent=190326"}],"wp:term":[{"taxonomy":"category","embeddable":true,"href":"https:\/\/www.europesays.com\/es\/wp-json\/wp\/v2\/categories?post=190326"},{"taxonomy":"post_tag","embeddable":true,"href":"https:\/\/www.europesays.com\/es\/wp-json\/wp\/v2\/tags?post=190326"}],"curies":[{"name":"wp","href":"https:\/\/api.w.org\/{rel}","templated":true}]}}