{"id":190333,"date":"2025-10-20T23:15:09","date_gmt":"2025-10-20T23:15:09","guid":{"rendered":"https:\/\/www.europesays.com\/es\/190333\/"},"modified":"2025-10-20T23:15:09","modified_gmt":"2025-10-20T23:15:09","slug":"el-gran-canaria-se-juega-el-liderato-de-la-champions-en-territorio-comanche","status":"publish","type":"post","link":"https:\/\/www.europesays.com\/es\/190333\/","title":{"rendered":"El Gran Canaria se juega el liderato de la Champions en territorio comanche"},"content":{"rendered":"<p><a class=\"v-mdl-ath__fig-a\" href=\"https:\/\/www.canarias7.es\/autor\/daniel-herrera-rodriguez-6598.html\" title=\"Daniel Herrera Rodr\u00edguez\" rel=\"nofollow noopener\" target=\"_blank\"><br \/>\n<img decoding=\"async\" class=\"v-mdl-ath__img\" src=\"https:\/\/www.europesays.com\/es\/wp-content\/uploads\/2025\/08\/autor-6598-foto-1.jpeg\" alt=\"Daniel Herrera Rodr\u00edguez\"\/><br \/>\n<\/a><\/p>\n<p class=\"v-mdl-ath__p v-mdl-ath__p--6\">\nLunes, 20 de octubre 2025, 20:52<\/p>\n<p class=\"v-p\">A pesar de que el itinerario del <strong>Dreamland Gran Canaria <\/strong>ha sido hasta ahora impoluto en la <strong>Champions League (BCL), el encuentro de este martes en Subotica -19.00 horas- ante el KK Spartak <\/strong>se antoja crucial, con el liderato del Grupo H en juego despu\u00e9s del buen rendimiento mostrado por el conjunto serbio. El conjunto dirigido por Jaka Lakovic tendr\u00e1 enfrente a un rival humilde de pedigr\u00ed pero con jugadores con hambre, talento y experiencia. En su roster aparecen trotamundos como el jamaicano <strong>Shevon Thompson<\/strong>, que lidera al equipo en valoraci\u00f3n (16,5) y rebotes (9). <\/p>\n<p class=\"v-p\">Un veterano de 2,13 metros y 32 a\u00f1os que hace un lustro lleg\u00f3 a jugar en la ACB, defendiendo los colores del Baloncesto Fuenlabrada. A \u00e9l se suma el frenes\u00ed anotador del canadiense <strong>Olivier Hanlan <\/strong>(16 puntos por encuentro). Un escolta muy del gusto del Gran Canaria con un prol\u00edfico curriculum en el Viejo Continente: CSKA, Turk Telekom, Iraklis, Zalgiris Kaunas, Le Mans o incluso el Valencia Basket, entre otros equipos. <\/p>\n<p class=\"v-p\">La triada anotadora se completa con la presencia del norteamericano <strong>Keondre Kennedy <\/strong>-12 puntos y 12 cr\u00e9ditos de valoraci\u00f3n., un jugador vers\u00e1til y con un poder\u00edo f\u00edsico que, sin duda, dificultar\u00e1 el juego interior de los amarillos.<\/p>\n<p class=\"v-p\">Cabe recordar que el equipo balc\u00e1nico comenz\u00f3 su singladura en el Grupo H venciendo in extremis al<strong> Le Mans <\/strong>en su feudo (74-73), mientras que al <strong>Benfica <\/strong>lo super\u00f3 con solvencia en Lisboa (74-90).<\/p>\n<p class=\"v-p\">En cualquier caso, <strong>Jaka Lakovic <\/strong>contar\u00e1 para este choque con todas sus piezas disponibles, con la variable de contemplar un descarte para esbozar un cupo de cinco jugadores de formaci\u00f3n local, en el cual toman peso tanto el suizo <strong>Lucas Maniema <\/strong>-que ha ganado minutos en ACB- como el finland\u00e9s del filial amarillo, el exterior <strong>Eetu Heinonen.<\/strong><\/p>\n<p class=\"v-p\">En esta competici\u00f3n, el escolta estadounidense <strong>Isaiah Wong <\/strong>sigue al alza, al menos en el aspecto estad\u00edstico -17 puntos y 12,5 de valoraci\u00f3n-, tomando protagonismo por su polivalencia tanto <strong>Pierre Pelos<\/strong> -9 puntos, 3 rebotes y 12 de valoraci\u00f3n- y <strong>Braian Angola <\/strong>-9,5 puntos y 42,9% en triples-. En definitiva, piezas en crecimiento que pueden ser decisivas en este duelo a cara de perro en territorio comanche.<\/p>\n<p>Reporta un error<\/p>\n","protected":false},"excerpt":{"rendered":"Lunes, 20 de octubre 2025, 20:52 A pesar de que el itinerario del Dreamland Gran Canaria ha sido&hellip;\n","protected":false},"author":2,"featured_media":190334,"comment_status":"","ping_status":"","sticky":false,"template":"","format":"standard","meta":{"footnotes":""},"categories":[269],"tags":[299,298,7221,11681,53260,168,25,24,3956,4348,13686,23,167,702],"class_list":{"0":"post-190333","1":"post","2":"type-post","3":"status-publish","4":"format-standard","5":"has-post-thumbnail","7":"category-baloncesto","8":"tag-baloncesto","9":"tag-basketball","10":"tag-canaria","11":"tag-champions","12":"tag-comanche","13":"tag-deportes","14":"tag-es","15":"tag-espana","16":"tag-gran","17":"tag-juega","18":"tag-liderato","19":"tag-spain","20":"tag-sports","21":"tag-territorio"},"share_on_mastodon":{"url":"https:\/\/pubeurope.com\/@es\/115409042117270966","error":""},"_links":{"self":[{"href":"https:\/\/www.europesays.com\/es\/wp-json\/wp\/v2\/posts\/190333","targetHints":{"allow":["GET"]}}],"collection":[{"href":"https:\/\/www.europesays.com\/es\/wp-json\/wp\/v2\/posts"}],"about":[{"href":"https:\/\/www.europesays.com\/es\/wp-json\/wp\/v2\/types\/post"}],"author":[{"embeddable":true,"href":"https:\/\/www.europesays.com\/es\/wp-json\/wp\/v2\/users\/2"}],"replies":[{"embeddable":true,"href":"https:\/\/www.europesays.com\/es\/wp-json\/wp\/v2\/comments?post=190333"}],"version-history":[{"count":0,"href":"https:\/\/www.europesays.com\/es\/wp-json\/wp\/v2\/posts\/190333\/revisions"}],"wp:featuredmedia":[{"embeddable":true,"href":"https:\/\/www.europesays.com\/es\/wp-json\/wp\/v2\/media\/190334"}],"wp:attachment":[{"href":"https:\/\/www.europesays.com\/es\/wp-json\/wp\/v2\/media?parent=190333"}],"wp:term":[{"taxonomy":"category","embeddable":true,"href":"https:\/\/www.europesays.com\/es\/wp-json\/wp\/v2\/categories?post=190333"},{"taxonomy":"post_tag","embeddable":true,"href":"https:\/\/www.europesays.com\/es\/wp-json\/wp\/v2\/tags?post=190333"}],"curies":[{"name":"wp","href":"https:\/\/api.w.org\/{rel}","templated":true}]}}