{"id":190411,"date":"2025-10-21T00:03:10","date_gmt":"2025-10-21T00:03:10","guid":{"rendered":"https:\/\/www.europesays.com\/es\/190411\/"},"modified":"2025-10-21T00:03:10","modified_gmt":"2025-10-21T00:03:10","slug":"deja-vu-al-basket-que-se-dejo-escapar","status":"publish","type":"post","link":"https:\/\/www.europesays.com\/es\/190411\/","title":{"rendered":"\u2018D\u00e9j\u00e0 vu\u2019 al basket que se dej\u00f3 escapar"},"content":{"rendered":"<p class=\"paragraph\">Oportunidad de oro para recordar el baloncesto que se dej\u00f3 escapa.  El duelo que jugar\u00e1 el UEMC Baloncesto Valladolid en la tarde-noche de este martes en Pisuerga no deja de ser un \u2018d\u00e9j\u00e0 vu\u2019 en toda regla. Un duelo que deber\u00eda jugarse en Liga y no en la Copa de Espa\u00f1a pero que por culpa de la incapacidad del conjunto morado la pasada campa\u00f1a con el descenso a Segunda FEB se convierte ahora en uno de los pocos caramelos con sabor a baloncesto de verdad que vivir\u00e1 la sufrida (nunca mejor dicho) afici\u00f3n vallisoletana.<\/p>\n<p>            <a href=\"#\" title=\"\"><\/p>\n<p>                    <img loading=\"lazy\" decoding=\"async\" data-index=\"\" width=\"140\" height=\"140\" alt=\"'Ice' Haney, m\u00e1ximo artillero con 16 puntos y 4 triples.\" data-full=\"[object Object]\" data-original=\"[object Object]\" src=\"https:\/\/imagenes.diariodevalladolid.es\/files\/related_image\/uploads\/2025\/10\/18\/68f3f3d0d9493.jpeg\" data-full-src=\"https:\/\/www.europesays.com\/es\/wp-content\/uploads\/2025\/10\/68f3f3d0d9493.jpeg\"\/><\/p>\n<p>            <\/a><\/p>\n<p class=\"paragraph\">Con la aureola de haber ganado sus tres partidos en el camino de penitencia de la Segunda FEB, el equipo de David Barrio toma este duelo como algo persona, una deuda con ellos mismos y con la afici\u00f3n. \u00abYo creo que nos lo debemos a nosotros mismos. Hemos ganado los \u00faltimos cinco partidos oficiales de esta temporada, vamos invictos, vamos l\u00edderes. Bueno, yo creo que eso es un refrendo al trabajo que estamos haciendo, a los problemas f\u00edsicos que hemos tenido y nos lo debemos a nosotros y nos lo debemos a la afici\u00f3n. O sea, no podemos tirar el partido de ninguna manera. Sin volvernos locos, pero como estamos haciendo en todos los partidos a nivel de rotaciones\u00bb, asegura el t\u00e9cnico.<\/p>\n<p class=\"c-detail__cite full \">\n<p>\u00abVamos a intentarlo. Nos lo debemos a nosotros mismos y se lo debemos a la afici\u00f3n\u00bbDAVID BARRIO<\/p>\n<p class=\"paragraph\">El Estudiantes se presenta en Pisuerga tambi\u00e9n invicto en Primera FEB y con ese pesado, pesad\u00edsimo cartel de favorito al ascenso a la ACB, que le ha estrangulado en los \u00faltimos a\u00f1os. Barrio se muestra ilusionado ante el reto y posiblemente se fija en el partido que tambi\u00e9n jug\u00f3 sin presi\u00f3n ante Palencia en pretemporada y que acab\u00f3 ganando de forma sorprendente. \u00abVamos a intentarlo, vamos a intentarlo. La conclusi\u00f3n es que es muy dif\u00edcil, que tiene todas las posiciones cubiertas, con uno de los mejores bases de la competici\u00f3n, que podr\u00eda estar perfectamente en ACB como es Jason Granger, con un juego interior de alt\u00edsimo nivel, con un viejo conocido de aqu\u00ed como Lotanna Nwogbo, bien acompa\u00f1ado con dos cuatros que podr\u00edan estar igual los dos en ACB como McGrew y  Vaulet\u00bb.<\/p>\n<p class=\"paragraph\">Barrio hace un llamamiento a la afici\u00f3n. \u00abLos chicos, desde que sali\u00f3 Estudiantes tienen una ilusi\u00f3n brutal.  Ma\u00f1ana (por este martes)  es un d\u00eda bonito y por nuestra parte vamos a poner todo lo que tengamos y ver si con eso es suficiente. Estoy seguro que la afici\u00f3n nos apoyar\u00e1\u00bb.<\/p>\n","protected":false},"excerpt":{"rendered":"Oportunidad de oro para recordar el baloncesto que se dej\u00f3 escapa. El duelo que jugar\u00e1 el UEMC Baloncesto&hellip;\n","protected":false},"author":2,"featured_media":190412,"comment_status":"","ping_status":"","sticky":false,"template":"","format":"standard","meta":{"footnotes":""},"categories":[269],"tags":[299,298,168,25,24,9486,831,531,23,167],"class_list":{"0":"post-190411","1":"post","2":"type-post","3":"status-publish","4":"format-standard","5":"has-post-thumbnail","7":"category-baloncesto","8":"tag-baloncesto","9":"tag-basketball","10":"tag-deportes","11":"tag-es","12":"tag-espana","13":"tag-estudiantes","14":"tag-liga-acb","15":"tag-once","16":"tag-spain","17":"tag-sports"},"share_on_mastodon":{"url":"https:\/\/pubeurope.com\/@es\/115409230519050901","error":""},"_links":{"self":[{"href":"https:\/\/www.europesays.com\/es\/wp-json\/wp\/v2\/posts\/190411","targetHints":{"allow":["GET"]}}],"collection":[{"href":"https:\/\/www.europesays.com\/es\/wp-json\/wp\/v2\/posts"}],"about":[{"href":"https:\/\/www.europesays.com\/es\/wp-json\/wp\/v2\/types\/post"}],"author":[{"embeddable":true,"href":"https:\/\/www.europesays.com\/es\/wp-json\/wp\/v2\/users\/2"}],"replies":[{"embeddable":true,"href":"https:\/\/www.europesays.com\/es\/wp-json\/wp\/v2\/comments?post=190411"}],"version-history":[{"count":0,"href":"https:\/\/www.europesays.com\/es\/wp-json\/wp\/v2\/posts\/190411\/revisions"}],"wp:featuredmedia":[{"embeddable":true,"href":"https:\/\/www.europesays.com\/es\/wp-json\/wp\/v2\/media\/190412"}],"wp:attachment":[{"href":"https:\/\/www.europesays.com\/es\/wp-json\/wp\/v2\/media?parent=190411"}],"wp:term":[{"taxonomy":"category","embeddable":true,"href":"https:\/\/www.europesays.com\/es\/wp-json\/wp\/v2\/categories?post=190411"},{"taxonomy":"post_tag","embeddable":true,"href":"https:\/\/www.europesays.com\/es\/wp-json\/wp\/v2\/tags?post=190411"}],"curies":[{"name":"wp","href":"https:\/\/api.w.org\/{rel}","templated":true}]}}