{"id":190413,"date":"2025-10-21T00:04:07","date_gmt":"2025-10-21T00:04:07","guid":{"rendered":"https:\/\/www.europesays.com\/es\/190413\/"},"modified":"2025-10-21T00:04:07","modified_gmt":"2025-10-21T00:04:07","slug":"mi-prioridad-es-hablar-con-los-jugadores","status":"publish","type":"post","link":"https:\/\/www.europesays.com\/es\/190413\/","title":{"rendered":"Mi prioridad es hablar con los jugadores"},"content":{"rendered":"<p class=\"paragraph\">Rub\u00e9n Sell\u00e9s <a href=\"https:\/\/www.heraldo.es\/multimedia\/imagenes\/deportes\/futbol\/real-zaragoza\/ruben-selles-nuevo-entrenador-real-zaragoza\/\" title=\"Llegada de Rub\u00e9n Sell\u00e9s, nuevo entrenador del Real Zaragoza\" rel=\"nofollow noopener\" target=\"_blank\">ya est\u00e1 en la capital aragonesa<\/a>, y ya ha hablado como entrenador del Real Zaragoza. Lo ha hecho para los medios del club, a la espera de que este martes se ponga a disposici\u00f3n de los medios de comunicaci\u00f3n en su presentaci\u00f3n como nuevo t\u00e9cnico del equipo aragon\u00e9s.<\/p>\n<p class=\"paragraph\">Sell\u00e9s, que ha estado esta tarde visitando las instalaciones del Real Zaragoza en la Ciudad Deportiva, <b>ha dicho en estas declaraciones suministradas por el club que llega a un club\u00a0en \u00abuna situaci\u00f3n dif\u00edcil\u00bb,<\/b> pero se ha mostrado convencido de\u00a0\u00absacarlo adelante\u00bb.<\/p>\n<p class=\"paragraph\">\u00abMi prioridad es hablar con los jugadores, transmitir lo que queremos hacer. Hoy vamos a hacer lo mejor posible para estar lo mejor preparados para ma\u00f1ana\u00bb, ha apuntado.<\/p>\n<p class=\"paragraph\">Sell\u00e9s se ha definido como \u00abun chico de Valencia que ha tenido siempre la pasi\u00f3n por el f\u00fatbol y este le ha llevado por caminos incre\u00edbles, en diferentes pa\u00edses, con distintas experiencias donde he trabajado para ser entrenador\u00bb. <b>\u00abHe estado tres a\u00f1os en Inglaterra con tres equipos en situaciones similares a las que tenemos ahora en el Real Zaragoza<\/b>, y siempre con la ambici\u00f3n de en esos momentos duros mostrar ese car\u00e1cter, ese saber hacer, mantener la calma, ir partido a partido, d\u00eda a d\u00eda mejorando las sensaciones&#8230;\u00bb.\u00a0<\/p>\n<p class=\"paragraph\">Y ha se\u00f1alado lo que le empuj\u00f3 a decir s\u00ed a la oferta del Real Zaragoza: \u00abDesde el primer momento viendo el tipo de jugadores, la afici\u00f3n y la manera que tengo de gestionar esas sinergias, esa sinton\u00eda\u00bb.<\/p>\n<p class=\"paragraph\">\u00a0<\/p>\n","protected":false},"excerpt":{"rendered":"Rub\u00e9n Sell\u00e9s ya est\u00e1 en la capital aragonesa, y ya ha hablado como entrenador del Real Zaragoza. Lo&hellip;\n","protected":false},"author":2,"featured_media":190414,"comment_status":"","ping_status":"","sticky":false,"template":"","format":"standard","meta":{"footnotes":""},"categories":[268],"tags":[168,2226,25,24,280,282,2713,1298,1790,281,23,167,491],"class_list":{"0":"post-190413","1":"post","2":"type-post","3":"status-publish","4":"format-standard","5":"has-post-thumbnail","7":"category-futbol","8":"tag-deportes","9":"tag-entrenador","10":"tag-es","11":"tag-espana","12":"tag-football","13":"tag-futbol","14":"tag-jugadores","15":"tag-palabras","16":"tag-prioridad","17":"tag-soccer","18":"tag-spain","19":"tag-sports","20":"tag-zaragoza"},"share_on_mastodon":{"url":"https:\/\/pubeurope.com\/@es\/115409234452292653","error":""},"_links":{"self":[{"href":"https:\/\/www.europesays.com\/es\/wp-json\/wp\/v2\/posts\/190413","targetHints":{"allow":["GET"]}}],"collection":[{"href":"https:\/\/www.europesays.com\/es\/wp-json\/wp\/v2\/posts"}],"about":[{"href":"https:\/\/www.europesays.com\/es\/wp-json\/wp\/v2\/types\/post"}],"author":[{"embeddable":true,"href":"https:\/\/www.europesays.com\/es\/wp-json\/wp\/v2\/users\/2"}],"replies":[{"embeddable":true,"href":"https:\/\/www.europesays.com\/es\/wp-json\/wp\/v2\/comments?post=190413"}],"version-history":[{"count":0,"href":"https:\/\/www.europesays.com\/es\/wp-json\/wp\/v2\/posts\/190413\/revisions"}],"wp:featuredmedia":[{"embeddable":true,"href":"https:\/\/www.europesays.com\/es\/wp-json\/wp\/v2\/media\/190414"}],"wp:attachment":[{"href":"https:\/\/www.europesays.com\/es\/wp-json\/wp\/v2\/media?parent=190413"}],"wp:term":[{"taxonomy":"category","embeddable":true,"href":"https:\/\/www.europesays.com\/es\/wp-json\/wp\/v2\/categories?post=190413"},{"taxonomy":"post_tag","embeddable":true,"href":"https:\/\/www.europesays.com\/es\/wp-json\/wp\/v2\/tags?post=190413"}],"curies":[{"name":"wp","href":"https:\/\/api.w.org\/{rel}","templated":true}]}}