{"id":190455,"date":"2025-10-21T00:31:09","date_gmt":"2025-10-21T00:31:09","guid":{"rendered":"https:\/\/www.europesays.com\/es\/190455\/"},"modified":"2025-10-21T00:31:09","modified_gmt":"2025-10-21T00:31:09","slug":"nos-conocimos-y-hablamos-es-maravillosa","status":"publish","type":"post","link":"https:\/\/www.europesays.com\/es\/190455\/","title":{"rendered":"Nos conocimos y hablamos, es maravillosa"},"content":{"rendered":"<p class=\"c-paragraph\"><a href=\"https:\/\/www.20minutos.es\/tags\/personas\/gabriel-rufian.html\" title=\"Gabriel Rufi\u00e1n\" rel=\"nofollow noopener\" target=\"_blank\">Gabriel Rufi\u00e1n<\/a> ha visitado este lunes La Revuelta, donde ha aclarado el <b>encuentro que tuvo con Ester Exp\u00f3sito <\/b>en un after y cuyo <a href=\"https:\/\/www.20minutos.es\/gente\/pillan-ester-exposito-gabriel-rufian-bailando-bachata-un-after_6529723_0.html\" title=\"Pillan a Ester Exp\u00f3sito y a Gabriel Rufi\u00e1n bailando bachata en un &#039;after&#039;\" rel=\"nofollow noopener\" target=\"_blank\">v\u00eddeo se ha viralizado en las redes sociales<\/a>.<\/p>\n<p class=\"c-paragraph\">\u00abTe saco el tema de la forma m\u00e1s neutra posible. <b>Pocos congresistas o diputados tienen presencia de la prensa del coraz\u00f3n<\/b>\u00ab, comenz\u00f3 Broncano con la introducci\u00f3n del tema. \u00abS\u00ed, y, \u00bfcu\u00e1l es la pregunta?\u00bb, le contest\u00f3 el pol\u00edtico al presentador.<\/p>\n<p class=\"c-paragraph\">\u00abTe la he dicho, que c\u00f3mo gestionas el foco medi\u00e1tico y pol\u00edtico habitual cuando se junta el foco del salseo\u00bb, le indic\u00f3 el jiennense, a lo que Rufi\u00e1n le respondi\u00f3 que<b> \u00abregular\u00bb y que \u00abno gusta\u00bb.<\/b><\/p>\n<p class=\"c-paragraph\">A continuaci\u00f3n el diputado de ERC explic\u00f3 c\u00f3mo se fragu\u00f3 su encuentro con la actriz, que hace unas semanas <a href=\"https:\/\/www.20minutos.es\/television\/ester-exposito-se-sincera-revuelta-sobre-tener-relaciones-sentimentales-con-companeros-profesion-ya-me-he-cansado_6363753_0.html\" title=\"Ester Exp\u00f3sito se sincera en &#039;La Revuelta&#039; sobre tener relaciones sentimentales con compa\u00f1eros de profesi\u00f3n: &quot;Ya me he cansado&quot;\" rel=\"nofollow noopener\" target=\"_blank\">visit\u00f3 el programa de la uno para presentar su nueva pel\u00edcula, El talento<\/a>:\u00a0\u00abIba con unos amigos porque uno\u00a0 se casa y <b>coincidimos con otro grupo, en el que estaba una actriz maravillosa, simpatiqu\u00edsima\u00bb.<\/b><\/p>\n<p class=\"c-paragraph\">\u00abNos conocimos, hablamos, sobre todo le coment\u00e9 lo valiente que era en cuanto a su significaci\u00f3n con Gaza, con alguna causa pol\u00edtica&#8230;\u00bb, detall\u00f3 sobre su conversaci\u00f3n con la int\u00e9rprete. \u00abTe lanzaste, as\u00ed de primeras, eh [&#8230;]<b> Ser\u00e1 la primera vez que a Ester en una discoteca le hayan dicho &#8216;te valoro las significaciones<\/b>\u00ab, brome\u00f3 Broncano.<\/p>\n<p class=\"c-paragraph\">Tras un momento de risas, Rufi\u00e1n coment\u00f3 el momento &#8216;pillada&#8217;: \u00abBail\u00f3 con todo el mundo porque es simpatiqu\u00edsima y <b>en una de estas me toc\u00f3 a m\u00ed durante un minuto y me grabaron\u00bb<\/b>. \u00abLa gente saca el m\u00f3vil todo el rato, t\u00edo. A m\u00ed me flipa mucho, pero no me queda otra\u00bb, reconoci\u00f3 el catal\u00e1n, asegurando que no le gusta, pero que peor son otras cosas. \u00abPeor que bailar es robar\u00bb sentenci\u00f3.<\/p>\n","protected":false},"excerpt":{"rendered":"Gabriel Rufi\u00e1n ha visitado este lunes La Revuelta, donde ha aclarado el encuentro que tuvo con Ester Exp\u00f3sito&hellip;\n","protected":false},"author":2,"featured_media":190456,"comment_status":"","ping_status":"","sticky":false,"template":"","format":"standard","meta":{"footnotes":""},"categories":[171],"tags":[2825,146,147,25,24,35871,528,45069,23,3271,214],"class_list":{"0":"post-190455","1":"post","2":"type-post","3":"status-publish","4":"format-standard","5":"has-post-thumbnail","7":"category-tv","8":"tag-aclara","9":"tag-entertainment","10":"tag-entretenimiento","11":"tag-es","12":"tag-espana","13":"tag-gabriel","14":"tag-revuelta","15":"tag-rufian","16":"tag-spain","17":"tag-su","18":"tag-tv"},"share_on_mastodon":{"url":"https:\/\/pubeurope.com\/@es\/115409340585608682","error":""},"_links":{"self":[{"href":"https:\/\/www.europesays.com\/es\/wp-json\/wp\/v2\/posts\/190455","targetHints":{"allow":["GET"]}}],"collection":[{"href":"https:\/\/www.europesays.com\/es\/wp-json\/wp\/v2\/posts"}],"about":[{"href":"https:\/\/www.europesays.com\/es\/wp-json\/wp\/v2\/types\/post"}],"author":[{"embeddable":true,"href":"https:\/\/www.europesays.com\/es\/wp-json\/wp\/v2\/users\/2"}],"replies":[{"embeddable":true,"href":"https:\/\/www.europesays.com\/es\/wp-json\/wp\/v2\/comments?post=190455"}],"version-history":[{"count":0,"href":"https:\/\/www.europesays.com\/es\/wp-json\/wp\/v2\/posts\/190455\/revisions"}],"wp:featuredmedia":[{"embeddable":true,"href":"https:\/\/www.europesays.com\/es\/wp-json\/wp\/v2\/media\/190456"}],"wp:attachment":[{"href":"https:\/\/www.europesays.com\/es\/wp-json\/wp\/v2\/media?parent=190455"}],"wp:term":[{"taxonomy":"category","embeddable":true,"href":"https:\/\/www.europesays.com\/es\/wp-json\/wp\/v2\/categories?post=190455"},{"taxonomy":"post_tag","embeddable":true,"href":"https:\/\/www.europesays.com\/es\/wp-json\/wp\/v2\/tags?post=190455"}],"curies":[{"name":"wp","href":"https:\/\/api.w.org\/{rel}","templated":true}]}}