{"id":190459,"date":"2025-10-21T00:33:25","date_gmt":"2025-10-21T00:33:25","guid":{"rendered":"https:\/\/www.europesays.com\/es\/190459\/"},"modified":"2025-10-21T00:33:25","modified_gmt":"2025-10-21T00:33:25","slug":"el-pecio-romano-de-ses-fontanelles-un-hallazgo-de-pelicula","status":"publish","type":"post","link":"https:\/\/www.europesays.com\/es\/190459\/","title":{"rendered":"El pecio romano de Ses Fontanelles: un hallazgo &#8216;de pel\u00edcula&#8217;"},"content":{"rendered":"<p>Hace unos a\u00f1os, en 2019, un vecino se encontr\u00f3 por casualidad algo que no pod\u00eda creer. F\u00e9lix Alarc\u00f3n, nombre de aquel intr\u00e9pido ba\u00f1ista que se visti\u00f3 de Indiana Jones, dio con algo que parece sin duda la trama de una <a href=\"https:\/\/www.ultimahora.es\/etiqueta\/pel%C3%ADcula.html?utm_source=Inline-tag&amp;utm_medium=internal\" rel=\"nofollow noopener\" target=\"_blank\">pel\u00edcula<\/a>: a pocos metros de la costa, un <a href=\"https:\/\/www.ultimahora.es\/etiqueta\/barco+romano.html?utm_source=Inline-tag&amp;utm_medium=internal\" rel=\"nofollow noopener\" target=\"_blank\">barco romano<\/a> con su carga en perfecto estado de conservaci\u00f3n aguardaba para ser hallado tras pasar enterrado 1.600 a\u00f1os. Ahora, a la espera de que finalmente se extraiga en los pr\u00f3ximos meses, aquel <a href=\"https:\/\/www.ultimahora.es\/etiqueta\/nav%C3%ADo.html?utm_source=Inline-tag&amp;utm_medium=internal\" rel=\"nofollow noopener\" target=\"_blank\">nav\u00edo<\/a> ha dado mucho de qu\u00e9 hablar, por su espectacular cargamento en un estado inmejorable, y la historia, de hecho, ha dado el salto a la gran pantalla con <strong>Navis Romana<\/strong>, un <a href=\"https:\/\/www.ultimahora.es\/etiqueta\/documental.html?utm_source=Inline-tag&amp;utm_medium=internal\" rel=\"nofollow noopener\" target=\"_blank\">documental<\/a> que relata toda la aventura y que ha sido producido por el Consell de Mallorca, IB3, CaixaForum y que se ver\u00e1 en el <strong><a href=\"https:\/\/www.ultimahora.es\/etiqueta\/Evolution+Mallorca+International+Film+Festival.html?utm_source=Inline-tag&amp;utm_medium=internal\" rel=\"nofollow noopener\" target=\"_blank\">Evolution Mallorca International Film Festival<\/a><\/strong>.<\/p>\n<p>La pieza, que constar\u00e1 de dos cap\u00edtulos de cerca de una hora de duraci\u00f3n cada uno, ha sido promovida por el Consell desde el \u00e1rea de Cultura i Patrimoni, liderada por la vicepresidenta <strong>Ant\u00f2nia Roca<\/strong>. La pol\u00edtica explic\u00f3 que el del barco es uno de los \u00abhallazgos arqueol\u00f3gicos m\u00e1s importantes de nuestra historia\u00bb y lo catalog\u00f3 de una \u00ab<strong>c\u00e1psula del tiempo<\/strong>\u00bb. El filme ha seguido las varias tareas de an\u00e1lisis, estudio, extracci\u00f3n de la carga y contin\u00faa ahora en marcha ante los inminentes pasos a dar de cara a la futura extracci\u00f3n y conservaci\u00f3n del nav\u00edo entero.<\/p>\n<p>Para Roca, la cinta es una \u00abforma muy <strong>atractiva<\/strong> de hacer llegar la arqueolog\u00eda a toda la ciudadan\u00eda\u00bb y confiesa que ante este proyecto lo tuvieron muy claro desde el principio: \u00abDeb\u00edamos formar parte porque no sirve de nada hacer un gran trabajo patrimonial si no conseguimos que legue a todo el mundo\u00bb.<\/p>\n<p>Por su parte, los directores, <strong>Pere Salom y Antoni Maria Thom\u00e0s<\/strong>, se\u00f1alaron que es \u00abun regalo\u00bb para ellos este documental por poder seguir de cerca un \u00abhecho hist\u00f3rico\u00bb como el de encontrar algo as\u00ed en la Platja de Palma. Ellos se han limitado a acompa\u00f1ar y a \u00abhablar con la gente que m\u00e1s sabe\u00bb. El filme se podr\u00e1 ver este viernes en <strong>CaixaForum<\/strong>, al tiempo que se estrena en la plataforma gratuita de streaming del centro, CaixaForum+, y tambi\u00e9n se ver\u00e1 pr\u00f3ximamente en IB3.<\/p>\n","protected":false},"excerpt":{"rendered":"Hace unos a\u00f1os, en 2019, un vecino se encontr\u00f3 por casualidad algo que no pod\u00eda creer. F\u00e9lix Alarc\u00f3n,&hellip;\n","protected":false},"author":2,"featured_media":190460,"comment_status":"","ping_status":"","sticky":false,"template":"","format":"standard","meta":{"footnotes":""},"categories":[169],"tags":[53279,53280,177,53281,5318,209,6084,146,147,25,24,53276,176,175,53282,53283,53277,1257,5320,53278,23],"class_list":{"0":"post-190459","1":"post","2":"type-post","3":"status-publish","4":"format-standard","5":"has-post-thumbnail","7":"category-cine","8":"tag-barco-hundido","9":"tag-barco-romano","10":"tag-cine","11":"tag-cine-documental","12":"tag-cine-en-mallorca","13":"tag-cultura","14":"tag-documental","15":"tag-entertainment","16":"tag-entretenimiento","17":"tag-es","18":"tag-espana","19":"tag-evolution-mallorca-international-film-festival","20":"tag-film","21":"tag-movies","22":"tag-navio","23":"tag-pecio","24":"tag-pecio-romano","25":"tag-pelicula","26":"tag-peliculas-en-mallorca","27":"tag-ses-fontanelles","28":"tag-spain"},"share_on_mastodon":{"url":"https:\/\/pubeurope.com\/@es\/115409348432529621","error":""},"_links":{"self":[{"href":"https:\/\/www.europesays.com\/es\/wp-json\/wp\/v2\/posts\/190459","targetHints":{"allow":["GET"]}}],"collection":[{"href":"https:\/\/www.europesays.com\/es\/wp-json\/wp\/v2\/posts"}],"about":[{"href":"https:\/\/www.europesays.com\/es\/wp-json\/wp\/v2\/types\/post"}],"author":[{"embeddable":true,"href":"https:\/\/www.europesays.com\/es\/wp-json\/wp\/v2\/users\/2"}],"replies":[{"embeddable":true,"href":"https:\/\/www.europesays.com\/es\/wp-json\/wp\/v2\/comments?post=190459"}],"version-history":[{"count":0,"href":"https:\/\/www.europesays.com\/es\/wp-json\/wp\/v2\/posts\/190459\/revisions"}],"wp:featuredmedia":[{"embeddable":true,"href":"https:\/\/www.europesays.com\/es\/wp-json\/wp\/v2\/media\/190460"}],"wp:attachment":[{"href":"https:\/\/www.europesays.com\/es\/wp-json\/wp\/v2\/media?parent=190459"}],"wp:term":[{"taxonomy":"category","embeddable":true,"href":"https:\/\/www.europesays.com\/es\/wp-json\/wp\/v2\/categories?post=190459"},{"taxonomy":"post_tag","embeddable":true,"href":"https:\/\/www.europesays.com\/es\/wp-json\/wp\/v2\/tags?post=190459"}],"curies":[{"name":"wp","href":"https:\/\/api.w.org\/{rel}","templated":true}]}}