{"id":190471,"date":"2025-10-21T00:40:08","date_gmt":"2025-10-21T00:40:08","guid":{"rendered":"https:\/\/www.europesays.com\/es\/190471\/"},"modified":"2025-10-21T00:40:08","modified_gmt":"2025-10-21T00:40:08","slug":"la-fiscalia-de-menores-investigara-a-las-companeras-de-clase-y-al-colegio-tras-el-suicidio-de-sandra-pena","status":"publish","type":"post","link":"https:\/\/www.europesays.com\/es\/190471\/","title":{"rendered":"La Fiscal\u00eda de Menores investigar\u00e1 a las compa\u00f1eras de clase y al colegio tras el suicidio de Sandra pe\u00f1a"},"content":{"rendered":"<p>La Fiscal\u00eda de Menores <b>va a abrir dos expedientes tras el suicidio de la joven de 14 a\u00f1os<\/b> <b>Sandra Pe\u00f1a<\/b> el pasado martes en Sevilla: uno sobre las menores supuestamente implicadas en un <a href=\"https:\/\/www.huffingtonpost.es\/sociedad\/la-familia-menor-suicido-sevilla-acoso-escolar-asegura-aviso-colegio-dos-ocasiones.html\" title=\"La familia de la menor que se suicid\u00f3 en Sevilla por acoso escolar asegura que avis\u00f3 al colegio hasta en dos ocasiones\" rel=\"nofollow noopener\" target=\"_blank\">caso de acoso escolar a la menor <\/a>y otro para <b>evaluar la posible responsabilidad del colegio<\/b> Irlandesas Loreto en el que estudiaba.<\/p>\n<p>Fuentes del Ministerio P\u00fablico, que han informado a EFE de estas primeras medidas adoptadas por parte de la Fiscal\u00eda de Menores, han precisado que <b>todav\u00eda no se han comunicado los nombres de las menores<\/b> supuestamente implicadas en los hechos al no disponer del atestado policial.<\/p>\n<p>A \u00abexpediente de reforma juvenil\u00bb sobre las menores se sumar\u00e1 otro de supervisi\u00f3n para evaluar la posible responsabilidad del centro educativo concertado, han indicado las fuentes.<\/p>\n<p>La decisi\u00f3n de la Fiscal\u00eda de Menores se produce despu\u00e9s de que la Inspecci\u00f3n Educativa constatara que el colegio de la adolescente sevillana adopt\u00f3 una serie de medidas aunque, seg\u00fan inform\u00f3 la consejera de Desarrollo Educativo, Carmen Castillo,<a href=\"https:\/\/www.huffingtonpost.es\/sociedad\/la-junta-investiga-suicidiona-14nos-sevilla-detras-hay-caso-acoso-escolar.html\" title=\"La Junta investiga el suicidio de una ni\u00f1a de 14 a\u00f1os en Sevilla por si detr\u00e1s hay un caso de acoso escolar\" rel=\"nofollow noopener\" target=\"_blank\"> \u00abno constara\u00bb el inicio del protocolo de acoso<\/a> ni del de conductas autol\u00edticas.<\/p>\n<p>La familia de la menor tambi\u00e9n anunci\u00f3 que <b>emprender\u00eda \u00abtodas las medidas legales necesarias\u00bb<\/b> ante la que considera inacci\u00f3n del centro escolar, ya que la \u00fanica medida que habr\u00eda tomado fue cambiar de aula a las supuestas acosadoras a petici\u00f3n de la madre de la adolescente, seg\u00fan indic\u00f3 el t\u00edo de la ni\u00f1a, Isaac Villar.<\/p>\n<p>Por su parte, la Consejer\u00eda de Desarrollo Educativo ha advertido de que<b> el colegio podr\u00eda perder su actual concierto educativo<\/b> si en el expediente administrativo abierto a ra\u00edz del suicidio de Sandra Pe\u00f1a se confirmara que ha habido alg\u00fan tipo de incumplimiento \u00abmuy grave\u00bb.<\/p>\n","protected":false},"excerpt":{"rendered":"La Fiscal\u00eda de Menores va a abrir dos expedientes tras el suicidio de la joven de 14 a\u00f1os&hellip;\n","protected":false},"author":2,"featured_media":190472,"comment_status":"","ping_status":"","sticky":false,"template":"","format":"standard","meta":{"footnotes":""},"categories":[8],"tags":[29305,17,18,2027,25,24,13,14,11,19,20,1567,9,10,15,16,23,12,21,22],"class_list":{"0":"post-190471","1":"post","2":"type-post","3":"status-publish","4":"format-standard","5":"has-post-thumbnail","7":"category-espana","8":"tag-acoso-escolar","9":"tag-breaking-news","10":"tag-breakingnews","11":"tag-colegios","12":"tag-es","13":"tag-espana","14":"tag-featured-news","15":"tag-featurednews","16":"tag-headlines","17":"tag-latest-news","18":"tag-latestnews","19":"tag-menores","20":"tag-news","21":"tag-noticias","22":"tag-noticias-destacadas","23":"tag-noticiasdestacadas","24":"tag-spain","25":"tag-titulares","26":"tag-ultimas-noticias","27":"tag-ultimasnoticias"},"share_on_mastodon":{"url":"https:\/\/pubeurope.com\/@es\/115409375949928473","error":""},"_links":{"self":[{"href":"https:\/\/www.europesays.com\/es\/wp-json\/wp\/v2\/posts\/190471","targetHints":{"allow":["GET"]}}],"collection":[{"href":"https:\/\/www.europesays.com\/es\/wp-json\/wp\/v2\/posts"}],"about":[{"href":"https:\/\/www.europesays.com\/es\/wp-json\/wp\/v2\/types\/post"}],"author":[{"embeddable":true,"href":"https:\/\/www.europesays.com\/es\/wp-json\/wp\/v2\/users\/2"}],"replies":[{"embeddable":true,"href":"https:\/\/www.europesays.com\/es\/wp-json\/wp\/v2\/comments?post=190471"}],"version-history":[{"count":0,"href":"https:\/\/www.europesays.com\/es\/wp-json\/wp\/v2\/posts\/190471\/revisions"}],"wp:featuredmedia":[{"embeddable":true,"href":"https:\/\/www.europesays.com\/es\/wp-json\/wp\/v2\/media\/190472"}],"wp:attachment":[{"href":"https:\/\/www.europesays.com\/es\/wp-json\/wp\/v2\/media?parent=190471"}],"wp:term":[{"taxonomy":"category","embeddable":true,"href":"https:\/\/www.europesays.com\/es\/wp-json\/wp\/v2\/categories?post=190471"},{"taxonomy":"post_tag","embeddable":true,"href":"https:\/\/www.europesays.com\/es\/wp-json\/wp\/v2\/tags?post=190471"}],"curies":[{"name":"wp","href":"https:\/\/api.w.org\/{rel}","templated":true}]}}