{"id":190497,"date":"2025-10-21T00:59:10","date_gmt":"2025-10-21T00:59:10","guid":{"rendered":"https:\/\/www.europesays.com\/es\/190497\/"},"modified":"2025-10-21T00:59:10","modified_gmt":"2025-10-21T00:59:10","slug":"la-rocambolesca-historia-de-infidelidad-y-traicion-tras-la-ruptura-de-andy-y-lucas-sucedio-hace-dos-anos","status":"publish","type":"post","link":"https:\/\/www.europesays.com\/es\/190497\/","title":{"rendered":"La rocambolesca historia de infidelidad y traici\u00f3n tras la ruptura de Andy y Lucas: \u00abSucedi\u00f3 hace dos a\u00f1os&#8230;\u00bb"},"content":{"rendered":"<p><img loading=\"lazy\" decoding=\"async\" src=\"https:\/\/www.europesays.com\/es\/wp-content\/uploads\/2025\/10\/1760450890_434_100x100_informalia-logo.jpg\" itemtype=\"\/\/schema.org\/ImageObject\" itemprop=\"url\" alt=\"Informalia\" width=\"64\" height=\"64\" pinger-seen=\"true\"\/><\/p>\n<p>Engorda la pol\u00e9mica en torno a la supuesta mala relaci\u00f3n entre los dos cantantes, que han visto empa\u00f1ados sus \u00faltimos meses en los escenarios por las discusiones subidas de tono y las acusaciones de impago. Las \u00faltimas informaciones apuntan a que durante su actuaci\u00f3n en Madrid llegaron a las manos en los camerinos, algo que <b>Andy<\/b> ha negado:<a href=\"https:\/\/www.eleconomista.es\/informalia\/famosos\/noticias\/13600654\/10\/25\/andy-desmiente-la-pelea-con-lucas-no-me-toco-no-nos-pegamos.html\" rel=\"nofollow noopener\" target=\"_blank\"> \u00abNo pas\u00f3 nada, las marcas que tengo me las hice jugando al f\u00fatbol\u00bb, asegur\u00f3<\/a>. La mujer de <b>Lucas<\/b>, sin embargo, ha echado le\u00f1a al fuego: \u00abAndy siempre ha tenido envidia\u00bb. Este lunes, una nueva informaci\u00f3n ha dinamitado el &#8216;story-line&#8217; de este culebr\u00f3n &#8216;made in Spain&#8217;: una traici\u00f3n y una infidelidad. <\/p>\n<p>Seg\u00fan Marta Riesco, las desavenencias entre Andy y Lucas comenzaron hace dos a\u00f1os, cuando el segundo inici\u00f3 un supuesto romance con la mujer del que era su productor: \u00abEl equipo empieza a ver cosas extra\u00f1as entre Lucas y la mujer del productor, que se llama Mar\u00eda Jos\u00e9. Me cuentan que un d\u00eda el productor entra en su casa y se encuentra a su mujer manteniendo relaciones \u00edntimas con Lucas\u00bb, ha asegurado la periodista en No somos nadie. \u00abHubo una pelea bastante importante entre ellos, incluso llegaron a las manos\u00bb. <\/p>\n<p>La relaci\u00f3n entre los tres fue ya irrecuperable, no solo en el terreno personal sino tambi\u00e9n en el profesional, pues el productor abandon\u00f3 al grupo, una decisi\u00f3n que provoc\u00f3 el enfado de Andy con Lucas: \u00abSe quedaron sin productor\u00bb. Y esto no es todo, porque seg\u00fan Riesco, la novia de Lucas era \u00edntima amiga de la mujer del productor, por lo que la tensi\u00f3n se multiplic\u00f3: \u00ab\u00c9l dej\u00f3 a Soraya y ahora est\u00e1 con Mar\u00eda Jos\u00e9\u00bb.<\/p>\n<p>La \u00faltima discusi\u00f3n<\/p>\n<p>Los rumores sobre el distanciamiento entre Andy y Lucas llevan meses cogiendo fuerza. Testigos presenciales de sus discusiones aseguran que ya no existe relaci\u00f3n entre ellos y que la separaci\u00f3n art\u00edstica, aunque est\u00e1 oficialmente justificada por los problemas de salud de Lucas, lleva gest\u00e1ndose tiempo. <a href=\"https:\/\/www.eleconomista.es\/informalia\/famosos\/noticias\/13591514\/10\/25\/la-discusion-de-andy-y-lucas-tras-su-concierto-de-despedida-en-madrid-la-relacion-es-inexistente.html\" rel=\"nofollow noopener\" target=\"_blank\">El \u00faltimo enfrentamiento entre los cantantes de &#8216;Son de amores&#8217; fue el pasado s\u00e1bado 18 tras actuar en Madrid<\/a>. \u00abAndy le reproch\u00f3 a Lucas el exceso de protagonismo durante todo el espect\u00e1culo; se sinti\u00f3 desplazado, como si ya no formara parte del grupo. La relaci\u00f3n es inexistente, no se hablan\u00bb, aseguraron.<\/p>\n<p>WhatsApp<a href=\"https:\/\/api.whatsapp.com\/send?text=https:\/\/www.eleconomista.es\/informalia\/famosos\/noticias\/13602864\/10\/25\/la-rocambolesca-historia-de-infidelidad-y-traicion-tras-la-ruptura-de-andy-y-lucas-sucedio-hace-dos-anos.html?utm_source%3Dwhatsapp%26utm_medium%3Dshare_button&amp;id=1648118629957_whatsapp\" target=\"_blank\" data-action=\"share\/whatsapp\/share\" aria-label=\"Compartir en Whatsapp\" rel=\"nofollow noopener\"><\/a>Facebook<a id=\"fb-share\" href=\"#\" target=\"_blank\" rel=\"noopener noreferrer\" aria-label=\"Compartir en Facebook\"><\/a>Twitter<a href=\"https:\/\/twitter.com\/share?text=La+rocambolesca+historia+de+infidelidad+y+traici%C3%B3n+tras+la+ruptura+de+Andy+y+Lucas%3A+%22Sucedi%C3%B3+hace+dos+a%C3%B1os...%22&amp;url=https:\/\/www.eleconomista.es\/informalia\/famosos\/noticias\/13602864\/10\/25\/la-rocambolesca-historia-de-infidelidad-y-traicion-tras-la-ruptura-de-andy-y-lucas-sucedio-hace-dos-anos.html&amp;via=Informalia&amp;id=1648118839245_twitter\" target=\"_blank\" aria-label=\"Compartir en Twitter\" rel=\"nofollow noopener\"><\/a>Linkedin<a onclick=\"return abrirLinkedin();\" href=\"https:\/\/www.linkedin.com\/shareArticle?text=La+rocambolesca+historia+de+infidelidad+y+traici%C3%B3n+tras+la+ruptura+de+Andy+y+Lucas%3A+%22Sucedi%C3%B3+hace+dos+a%C3%B1os...%22&amp;url=https:\/\/www.eleconomista.es\/informalia\/famosos\/noticias\/13602864\/10\/25\/la-rocambolesca-historia-de-infidelidad-y-traicion-tras-la-ruptura-de-andy-y-lucas-sucedio-hace-dos-anos.html&amp;mini=true\" target=\"_blank\" aria-label=\"Compartir en linkedin\" rel=\"nofollow noopener\"><\/a>Beloud<a href=\"https:\/\/beloud.com\/share?text=La+rocambolesca+historia+de+infidelidad+y+traici%C3%B3n+tras+la+ruptura+de+Andy+y+Lucas%3A+%22Sucedi%C3%B3+hace+dos+a%C3%B1os...%22&amp;url=https:\/\/www.eleconomista.es\/informalia\/famosos\/noticias\/13602864\/10\/25\/la-rocambolesca-historia-de-infidelidad-y-traicion-tras-la-ruptura-de-andy-y-lucas-sucedio-hace-dos-anos.html&amp;via=Informalia&amp;id=1648118839245_beloud\" target=\"_blank\" aria-label=\"Compartir en beloud\" rel=\"nofollow noopener\"><\/a>Bluesky<a href=\"https:\/\/bsky.app\/intent\/compose?text=https:\/\/bsky.app\/intent\/compose?text=https:\/\/www.eleconomista.es\/informalia\/famosos\/noticias\/13602864\/10\/25\/la-rocambolesca-historia-de-infidelidad-y-traicion-tras-la-ruptura-de-andy-y-lucas-sucedio-hace-dos-anos.html&amp;url=https:\/\/www.eleconomista.es\/informalia\/famosos\/noticias\/13602864\/10\/25\/la-rocambolesca-historia-de-infidelidad-y-traicion-tras-la-ruptura-de-andy-y-lucas-sucedio-hace-dos-anos.html&amp;via=elEconomistaes&amp;id=1648118839245_bluesky\" target=\"_blank\" aria-label=\"Compartir en bluesky\" rel=\"nofollow noopener\"><\/a><\/p>\n<p><script async src=\"https:\/\/platform.twitter.com\/widgets.js\" charset=\"utf-8\"><\/script><\/p>\n","protected":false},"excerpt":{"rendered":"Engorda la pol\u00e9mica en torno a la supuesta mala relaci\u00f3n entre los dos cantantes, que han visto empa\u00f1ados&hellip;\n","protected":false},"author":2,"featured_media":190498,"comment_status":"","ping_status":"","sticky":false,"template":"","format":"standard","meta":{"footnotes":""},"categories":[91],"tags":[146,147,25,24,260,23],"class_list":{"0":"post-190497","1":"post","2":"type-post","3":"status-publish","4":"format-standard","5":"has-post-thumbnail","7":"category-entretenimiento","8":"tag-entertainment","9":"tag-entretenimiento","10":"tag-es","11":"tag-espana","12":"tag-gente","13":"tag-spain"},"share_on_mastodon":{"url":"https:\/\/pubeurope.com\/@es\/115409450688957442","error":""},"_links":{"self":[{"href":"https:\/\/www.europesays.com\/es\/wp-json\/wp\/v2\/posts\/190497","targetHints":{"allow":["GET"]}}],"collection":[{"href":"https:\/\/www.europesays.com\/es\/wp-json\/wp\/v2\/posts"}],"about":[{"href":"https:\/\/www.europesays.com\/es\/wp-json\/wp\/v2\/types\/post"}],"author":[{"embeddable":true,"href":"https:\/\/www.europesays.com\/es\/wp-json\/wp\/v2\/users\/2"}],"replies":[{"embeddable":true,"href":"https:\/\/www.europesays.com\/es\/wp-json\/wp\/v2\/comments?post=190497"}],"version-history":[{"count":0,"href":"https:\/\/www.europesays.com\/es\/wp-json\/wp\/v2\/posts\/190497\/revisions"}],"wp:featuredmedia":[{"embeddable":true,"href":"https:\/\/www.europesays.com\/es\/wp-json\/wp\/v2\/media\/190498"}],"wp:attachment":[{"href":"https:\/\/www.europesays.com\/es\/wp-json\/wp\/v2\/media?parent=190497"}],"wp:term":[{"taxonomy":"category","embeddable":true,"href":"https:\/\/www.europesays.com\/es\/wp-json\/wp\/v2\/categories?post=190497"},{"taxonomy":"post_tag","embeddable":true,"href":"https:\/\/www.europesays.com\/es\/wp-json\/wp\/v2\/tags?post=190497"}],"curies":[{"name":"wp","href":"https:\/\/api.w.org\/{rel}","templated":true}]}}