{"id":190505,"date":"2025-10-21T01:03:08","date_gmt":"2025-10-21T01:03:08","guid":{"rendered":"https:\/\/www.europesays.com\/es\/190505\/"},"modified":"2025-10-21T01:03:08","modified_gmt":"2025-10-21T01:03:08","slug":"investigan-la-muerte-de-un-joven-discapacitado-en-un-calabozo-de-la-guardia-civil","status":"publish","type":"post","link":"https:\/\/www.europesays.com\/es\/190505\/","title":{"rendered":"investigan la muerte de un joven discapacitado en un calabozo de la Guardia Civil"},"content":{"rendered":"<p style=\"\">Pocas muertes pueden imaginarse m\u00e1s tristes. <strong>Valent\u00edn<\/strong> ten\u00eda 29 a\u00f1os de edad, una <strong>discapacidad<\/strong> del 66% y hac\u00eda a\u00f1os que suplicaba que lo ingresaran en un centro psiqui\u00e1trico porque \u00ab<strong>quer\u00eda curarse<\/strong>\u00bb. En vez de eso, ha acabado su existencia encerrado durante horas  &#8230; entre barrotes de un cuartel de la <strong>Guardia Civil<\/strong> v\u00edctima posiblemente de la reacci\u00f3n de dos sustancias qu\u00edmicas -f\u00e1rmacos y droga- que nunca debi\u00f3 tomar juntos. \u00ab<strong>Pidi\u00f3 agua<\/strong>, <strong>socorro<\/strong> y <strong>muri\u00f3 detenido<\/strong>\u00bb, relata angustiado su padre, Daniel.<\/p>\n<p class=\"voc-p\" style=\"\">Hay una investigaci\u00f3n en curso con denuncia preparada por dos expertos de renombre, Carmen Balfag\u00f3n y Ram\u00f3n Chippirr\u00e1s, decana y secretario del Colegio Profesional de Criminolog\u00eda de Madrid, respectivament, porque los <strong>progenitores<\/strong> de la v\u00edctima consideran que en J\u00e1vea (Alicante) hubo \u00ab<strong>negligencia<\/strong>\u00bb durante la <strong>custodia<\/strong> por este arresto, y responsabilizan de forma m\u00e1s amplia, aparte de a los agentes que intervinieron de la Polic\u00eda Local y la Benem\u00e9rita, a la Sanidad p\u00fablica por haberle administrado el medicamento sin control y a la Generalitat Valenciana porque hace a\u00f1os que les hab\u00edan negado el internamiento para su tratamiento.<\/p>\n<p class=\"voc-p\" style=\"\">\u00abEstamos <strong>devastados<\/strong>, <strong>consternados<\/strong>, no s\u00e9 cu\u00e1l es la palabra\u00bb, confiesa <strong>Daniel Ropero<\/strong>, quien se apoya como \u00abcreyente\u00bb para encontrar fuerza moral, mientras ve a su pareja, <strong>Ana Comas<\/strong>, \u00abdestruida\u00bb por completo sin ese apoyo de la fe cat\u00f3lica y \u00abllorando\u00bb mientras le escucha narra su horrible experiencia a ABC y otros medios.<\/p>\n<p class=\"voc-p\" style=\"\">Aquella \u00faltima tarde con vida, \u00absali\u00f3 de casa y se despidi\u00f3 muy bien de su madre, dici\u00e9ndole que volv\u00eda en un rato\u00bb. Pero por desgracia se hab\u00eda metido en un l\u00edo. \u00abTodo el mundo lo conoc\u00eda, ten\u00eda reconocido un 66% de discapacidad y grado de dependencia uno, con algunos problemas, y era v\u00edctima y carne de ca\u00f1\u00f3n de algunas mafias por la zona, que le usaban como correveidile, para traer y llevar cosas\u00bb, describe Daniel. \u00abNunca pudimos controlarle del todo\u00bb.<\/p>\n<p class=\"voc-p\" style=\"\">En este caso, se present\u00f3 en un hotel y dijo que ten\u00eda que entregar algo a una persona, pero la chica que hab\u00eda detr\u00e1s del mostrador se asust\u00f3 y dio la alerta. \u00abLa Polic\u00eda Local le hace acta de denuncia porque le encuentran tres <strong>bolsitas<\/strong> de nylon con un<strong> polvo blanco<\/strong> dentro; hay un peque\u00f1o <strong>forcejeo<\/strong> porque no quer\u00eda que le quitaran eso porque dec\u00eda que peligraba su vida, pero el problema es que lo llevan a un centro de salud y le dan un <strong>tranquilizante<\/strong>\u00bb, contin\u00faa su estremecedora cr\u00f3nica el padre, a partir de la informaci\u00f3n que les ha llegado de las circunstancias del arresto.<\/p>\n<p class=\"voc-p\" style=\"\">\u00abSin an\u00e1lisis previo, le dan un tranquilizante, eso fue un choque de trenes con lo que \u00e9l llevaba, en lugar de llevarlo a un hospital o avisar a los padres\u00bb, se lamenta, al rememorar aquellas seis horas que pas\u00f3 de madrugada en un cautiverio que result\u00f3 <strong>letal<\/strong>, con desenlace de <strong>parada cardiorrespiratoria<\/strong>. \u00abSiete horas despu\u00e9s de su muerte, vienen a buscar a su madre con una ambulancia, porque ya saben c\u00f3mo va a reaccionar\u00bb, narra Daniel. Al producirse el fallecimiento en dependencias de la Guardia Civil, no les devuelven el <strong>cad\u00e1ver<\/strong> hasta <strong>cinco d\u00edas<\/strong> despu\u00e9s \u2013con fin de semana por medio\u2013 y \u00abya est\u00e1 maquillado y preparado con claros y visibles golpes en la cabeza, abultamientos, que aseguran se caus\u00f3 \u00e9l mismo porque sufri\u00f3 convulsiones y se golpeaba con los barrotes\u00bb. No obstante, los padres no sospechan de que sufriera maltrato. \u00abLa autopsia deja alguna duda, las im\u00e1genes de las c\u00e1maras no est\u00e1n completas, son circunstancias complejas\u00bb, precisa.<\/p>\n<p>\nPrestaci\u00f3n de 300-400 euros que nunca cobr\u00f3\n<\/p>\n<p class=\"voc-p\" style=\"\">Antes de llegar a eso, \u00abdurante doce a\u00f1os se nos neg\u00f3 el ingreso en un centro psiqui\u00e1trico o de contenci\u00f3n a pesar de <strong>autos<\/strong> de <strong>jueces<\/strong> y juezas ordenando que lo <strong>ingresaran<\/strong> por su propia <strong>seguridad<\/strong> y la de los dem\u00e1s, aunque fuera en contra de su voluntad, pero en realidad \u00e9l s\u00ed acced\u00eda, se quer\u00eda curar y nunca lo pudo lograr, nos dec\u00edan que no hab\u00eda plazas, s\u00f3lo si pag\u00e1bamos 6.000 euros al mes\u00bb, se\u00f1ala Daniel, que aclara que no es su padre biol\u00f3gico (quien \u00abse desentendi\u00f3\u00bb) aunque \u00e9l lo hab\u00eda criado desde los cinco a\u00f1os. Para colmo de sinsentidos, \u00abten\u00eda derecho a una <strong>prestaci\u00f3n<\/strong> de 300 o <strong>400 euros<\/strong> y nunca le han dado ni un euro; lo conoc\u00edan hasta en la Polic\u00eda Local y le preguntaban &#8216;Valent\u00edn, \u00bfc\u00f3mo vas, necesitas algo?, y \u00e9l les ped\u00eda trabajo a los agentes\u00bb.<\/p>\n<p class=\"voc-p\" style=\"\">Acerca de su motivaci\u00f3n para pleitear, tienen claro que quieren \u00ab<strong>cuestionar<\/strong>\u00bb a todos los implicados directa o indirectamente, en esas cuatro instancias administrativas: \u00abNo es tema de dinero, de buscas una indemnizaci\u00f3n, que se la dar\u00e1n a su madre en un proceso que alargar\u00e1n cinco o seis a\u00f1os, todo lo que puedan, se trata de que no repitan casos as\u00ed: un joven que muere porque le encuentran unas bolsitas\u00bb.<\/p>\n","protected":false},"excerpt":{"rendered":"Pocas muertes pueden imaginarse m\u00e1s tristes. Valent\u00edn ten\u00eda 29 a\u00f1os de edad, una discapacidad del 66% y hac\u00eda&hellip;\n","protected":false},"author":2,"featured_media":190506,"comment_status":"","ping_status":"","sticky":false,"template":"","format":"standard","meta":{"footnotes":""},"categories":[8],"tags":[5051,17,18,53291,2804,8838,53290,25,24,13,14,2803,11,9074,27050,1928,19,20,4920,11611,9,10,15,16,4165,53289,23,12,21,22,4189],"class_list":{"0":"post-190505","1":"post","2":"type-post","3":"status-publish","4":"format-standard","5":"has-post-thumbnail","7":"category-espana","8":"tag-agua","9":"tag-breaking-news","10":"tag-breakingnews","11":"tag-calabozos","12":"tag-civil","13":"tag-detenido","14":"tag-discapacitado","15":"tag-es","16":"tag-espana","17":"tag-featured-news","18":"tag-featurednews","19":"tag-guardia","20":"tag-headlines","21":"tag-investigan","22":"tag-javea","23":"tag-joven","24":"tag-latest-news","25":"tag-latestnews","26":"tag-muerte","27":"tag-murio","28":"tag-news","29":"tag-noticias","30":"tag-noticias-destacadas","31":"tag-noticiasdestacadas","32":"tag-pidio","33":"tag-socorro","34":"tag-spain","35":"tag-titulares","36":"tag-ultimas-noticias","37":"tag-ultimasnoticias","38":"tag-valentin"},"share_on_mastodon":{"url":"https:\/\/pubeurope.com\/@es\/115409466411361165","error":""},"_links":{"self":[{"href":"https:\/\/www.europesays.com\/es\/wp-json\/wp\/v2\/posts\/190505","targetHints":{"allow":["GET"]}}],"collection":[{"href":"https:\/\/www.europesays.com\/es\/wp-json\/wp\/v2\/posts"}],"about":[{"href":"https:\/\/www.europesays.com\/es\/wp-json\/wp\/v2\/types\/post"}],"author":[{"embeddable":true,"href":"https:\/\/www.europesays.com\/es\/wp-json\/wp\/v2\/users\/2"}],"replies":[{"embeddable":true,"href":"https:\/\/www.europesays.com\/es\/wp-json\/wp\/v2\/comments?post=190505"}],"version-history":[{"count":0,"href":"https:\/\/www.europesays.com\/es\/wp-json\/wp\/v2\/posts\/190505\/revisions"}],"wp:featuredmedia":[{"embeddable":true,"href":"https:\/\/www.europesays.com\/es\/wp-json\/wp\/v2\/media\/190506"}],"wp:attachment":[{"href":"https:\/\/www.europesays.com\/es\/wp-json\/wp\/v2\/media?parent=190505"}],"wp:term":[{"taxonomy":"category","embeddable":true,"href":"https:\/\/www.europesays.com\/es\/wp-json\/wp\/v2\/categories?post=190505"},{"taxonomy":"post_tag","embeddable":true,"href":"https:\/\/www.europesays.com\/es\/wp-json\/wp\/v2\/tags?post=190505"}],"curies":[{"name":"wp","href":"https:\/\/api.w.org\/{rel}","templated":true}]}}