{"id":190518,"date":"2025-10-21T01:14:10","date_gmt":"2025-10-21T01:14:10","guid":{"rendered":"https:\/\/www.europesays.com\/es\/190518\/"},"modified":"2025-10-21T01:14:10","modified_gmt":"2025-10-21T01:14:10","slug":"le-llueven-los-me-gusta-a-la-insolita-reaccion-a-la-vuelta-de-amaia-montero-a-la-oreja-de-van-gogh-actualidad","status":"publish","type":"post","link":"https:\/\/www.europesays.com\/es\/190518\/","title":{"rendered":"Le llueven los &#8216;me gusta&#8217; a la ins\u00f3lita reacci\u00f3n a la vuelta de Amaia Montero a La Oreja de Van Gogh | Actualidad"},"content":{"rendered":"<p class=\"loc\">Madrid<\/p>\n<p>La vuelta del m\u00edtico grupo La Oreja de Van Gogh anunciada el pasado 15 de octubre no est\u00e1 dejando indiferente a nadie. Desde entonces, las redes sociales se han inundado de opiniones y posicionamientos, tanto del lado de la banda como a favor de Leire Mart\u00ednez, quien fue su vocalista durante 17 a\u00f1os.<\/p>\n<p>M\u00e1s informaci\u00f3n<\/p>\n<p>El 14 de octubre de 2024, el grupo musical anunci\u00f3 que \u00ablas trayectorias profesionales de Leire y La Oreja de Van Gogh\u00bb seguir\u00edan \u00abcaminos separados\u00bb, en un comunicado que no firmaba la vocalista. Exactamente, un a\u00f1o y un d\u00eda despu\u00e9s, la banda de pop espa\u00f1ol anunciaba con un v\u00eddeo en sus redes sociales no solo la vuelta de La Oreja de Van Gogh \u2013a excepci\u00f3n de Pablo Benegas\u2013, sino tambi\u00e9n la vuelta de Amaia Montero, que ya fue la vocalista entre 1995 y 2007.<\/p>\n<p>Con este anuncio, Amaia Montero ha vuelto a ser la comidilla de X esta pasada semana para todas las generaciones. Los memes y teor\u00edas de las generaciones m\u00e1s j\u00f3venes no tardaron en llegar, pero los comentarios de los que vieron nacer la banda tampoco se han quedado atr\u00e1s.<\/p>\n<p>La Oreja de &#8216;Bangkok&#8217;<\/p>\n<p>Un ejemplo de ello es un tweet que ha conseguido un mill\u00f3n de visualizaciones en solo cinco d\u00edas en el que la madre del propietario de la cuenta le informa de la vuelta de Montero de una forma un tanto peculiar. \u00abAmaya Montero vuelve a la oreja de Bangkok\u00bb, afirma la madre de este usuario. La confusi\u00f3n entre el apellido del pintor (y nombre del grupo) y la capital de Tailandia ha hecho reaccionar a cientos de usuarios de X.<\/p>\n<p>Algunas de las respuestas a este tweet viral han sido de lo m\u00e1s original. \u00abSiempre ser\u00e1s bienvenido a chiang mai\u00bb, apuntaba un usuario refiri\u00e9ndose a la ciudad tailandesa. \u00abY en el momento que vi tu mirada buscando mi cara&#8230; La madrugada del 20 de enero saliendo del tuk-tuk..\u00bb, comentaba otro parodiando 20 de enero, una canci\u00f3n de 2003 de la banda.<\/p>\n","protected":false},"excerpt":{"rendered":"Madrid La vuelta del m\u00edtico grupo La Oreja de Van Gogh anunciada el pasado 15 de octubre no&hellip;\n","protected":false},"author":2,"featured_media":190519,"comment_status":"","ping_status":"","sticky":false,"template":"","format":"standard","meta":{"footnotes":""},"categories":[174],"tags":[20219,4328,255,12019,146,147,25,24,2501,256,1906,53292,53293,23],"class_list":{"0":"post-190518","1":"post","2":"type-post","3":"status-publish","4":"format-standard","5":"has-post-thumbnail","7":"category-famosos","8":"tag-amaia-montero","9":"tag-cantante","10":"tag-celebrities","11":"tag-disco","12":"tag-entertainment","13":"tag-entretenimiento","14":"tag-es","15":"tag-espana","16":"tag-espanola","17":"tag-famosos","18":"tag-mexico","19":"tag-si-dios-quiere-yo-tambien","20":"tag-sony-music","21":"tag-spain"},"share_on_mastodon":{"url":"https:\/\/pubeurope.com\/@es\/115409509895207157","error":""},"_links":{"self":[{"href":"https:\/\/www.europesays.com\/es\/wp-json\/wp\/v2\/posts\/190518","targetHints":{"allow":["GET"]}}],"collection":[{"href":"https:\/\/www.europesays.com\/es\/wp-json\/wp\/v2\/posts"}],"about":[{"href":"https:\/\/www.europesays.com\/es\/wp-json\/wp\/v2\/types\/post"}],"author":[{"embeddable":true,"href":"https:\/\/www.europesays.com\/es\/wp-json\/wp\/v2\/users\/2"}],"replies":[{"embeddable":true,"href":"https:\/\/www.europesays.com\/es\/wp-json\/wp\/v2\/comments?post=190518"}],"version-history":[{"count":0,"href":"https:\/\/www.europesays.com\/es\/wp-json\/wp\/v2\/posts\/190518\/revisions"}],"wp:featuredmedia":[{"embeddable":true,"href":"https:\/\/www.europesays.com\/es\/wp-json\/wp\/v2\/media\/190519"}],"wp:attachment":[{"href":"https:\/\/www.europesays.com\/es\/wp-json\/wp\/v2\/media?parent=190518"}],"wp:term":[{"taxonomy":"category","embeddable":true,"href":"https:\/\/www.europesays.com\/es\/wp-json\/wp\/v2\/categories?post=190518"},{"taxonomy":"post_tag","embeddable":true,"href":"https:\/\/www.europesays.com\/es\/wp-json\/wp\/v2\/tags?post=190518"}],"curies":[{"name":"wp","href":"https:\/\/api.w.org\/{rel}","templated":true}]}}