{"id":190526,"date":"2025-10-21T01:19:08","date_gmt":"2025-10-21T01:19:08","guid":{"rendered":"https:\/\/www.europesays.com\/es\/190526\/"},"modified":"2025-10-21T01:19:08","modified_gmt":"2025-10-21T01:19:08","slug":"la-hora-de-la-desaparicion-llega-al-streaming-donde-ver-una-de-las-mejores-cintas-de-terror-de-2025","status":"publish","type":"post","link":"https:\/\/www.europesays.com\/es\/190526\/","title":{"rendered":"La Hora de la Desaparici\u00f3n llega al streaming: d\u00f3nde ver una de las mejores cintas de terror de 2025"},"content":{"rendered":"<p>Por\u00a0<a aria-label=\"Link a autor\" class=\"base-link article-body__byline__author\" href=\"https:\/\/www.latercera.com\/autor\/culto\/\" target=\"_self\" rel=\"nofollow noopener\">Equipo de Culto<\/a>20 OCTUBRE 2025<img alt=\"\" class=\"global-image\" decoding=\"async\"  src=\"https:\/\/www.latercera.com\/resizer\/v2\/2YBYO4QJINEDXJSY57E4WVABRM.jpg?auth=3bc3023f931c0b06e55bcedc1274c22a2c0851e357959ce49a4dfc925e9f21df&amp;smart=true&amp;width=800&amp;height=450&amp;quality=70\"  fetchpriority=\"high\" loading=\"eager\"\/>La Hora de la Desaparici\u00f3n llega al streaming: d\u00f3nde ver una de las mejores cintas de terror de 2025 <a href=\"#comments\" class=\"article-body__social__btn\">Comentarios<\/a><\/p>\n<p class=\"article-body__paragraph\">En un a\u00f1o particularmente fecundo para el cine de terror, <b>La hora de la desaparici\u00f3n<\/b><b> (o <\/b><b>Weapons<\/b><b>, su t\u00edtulo original) es uno de los filmes m\u00e1s destacados de este 2025<\/b>.<\/p>\n<p class=\"article-body__paragraph\">Bajo la direcci\u00f3n de Zach Cregger (B\u00e1rbaro), la pel\u00edcula presenta lo que ocurre despu\u00e9s de que todos los ni\u00f1os de una misma clase \u2013excepto uno\u2013 desaparecen misteriosamente la misma noche a las 02:17. La historia se narra desde la \u00f3ptica de diferentes miembros de esa comunidad, desde una profesora (<a href=\"https:\/\/www.latercera.com\/etiqueta\/julia-garner\/\" target=\"_self\" rel=\"nofollow noopener\" title=\"https:\/\/www.latercera.com\/etiqueta\/julia-garner\/\">Julia Garner<\/a>) hasta un joven adicto (Austin Abrams).<\/p>\n<p class=\"article-body__paragraph\">Estrenada en agosto en las salas del mundo, <b>la cinta conquist\u00f3 la taquilla de Estados Unidos y el mundo<\/b>, recaudando US$ 267 a nivel global. Tambi\u00e9n consigui\u00f3 elogios de los cr\u00edticos, que la posicionaron entre las mejores apuestas del g\u00e9nero del \u00faltimo tiempo.<\/p>\n<p class=\"article-body__paragraph\">Ahora ya tiene fecha de lanzamiento en el streaming. Seg\u00fan el anuncio de <a href=\"https:\/\/www.latercera.com\/etiqueta\/hbo-max\/\" target=\"_self\" rel=\"nofollow noopener\" title=\"https:\/\/www.latercera.com\/etiqueta\/hbo-max\/\">HBO Max<\/a>, estar\u00e1 disponible en la plataforma desde este viernes 24 de octubre, justo en la previa a Halloween.<\/p>\n<p class=\"article-body__paragraph\">Revisa un adelanto a continuaci\u00f3n:<\/p>\n<p>Lee tambi\u00e9n:<\/p>\n<p>M\u00e1s sobre:<a class=\"base-link article-body__tags__item\" href=\"https:\/\/www.latercera.com\/etiqueta\/cine\/\" target=\"_self\" rel=\"nofollow noopener\">Cine<\/a><a class=\"base-link article-body__tags__item\" href=\"https:\/\/www.latercera.com\/etiqueta\/weapons\/\" target=\"_self\" rel=\"nofollow noopener\">Weapons<\/a><a class=\"base-link article-body__tags__item\" href=\"https:\/\/www.latercera.com\/etiqueta\/zach-cregger\/\" target=\"_self\" rel=\"nofollow noopener\">Zach Cregger<\/a><a class=\"base-link article-body__tags__item\" href=\"https:\/\/www.latercera.com\/etiqueta\/la-hora-de-la-desaparicion\/\" target=\"_self\" rel=\"nofollow noopener\">La Hora de la Desaparici\u00f3n<\/a><a class=\"base-link article-body__tags__item\" href=\"https:\/\/www.latercera.com\/etiqueta\/josh-brolin\/\" target=\"_self\" rel=\"nofollow noopener\">Josh Brolin<\/a><a class=\"base-link article-body__tags__item\" href=\"https:\/\/www.latercera.com\/etiqueta\/julia-garner\/\" target=\"_self\" rel=\"nofollow noopener\">Julia Garner<\/a><a class=\"base-link article-body__tags__item\" href=\"https:\/\/www.latercera.com\/etiqueta\/alden-ehrenreich\/\" target=\"_self\" rel=\"nofollow noopener\">Alden Ehrenreich<\/a><a class=\"base-link article-body__tags__item\" href=\"https:\/\/www.latercera.com\/etiqueta\/austin-abrams\/\" target=\"_self\" rel=\"nofollow noopener\">Austin Abrams<\/a><a class=\"base-link article-body__tags__item\" href=\"https:\/\/www.latercera.com\/etiqueta\/cary-christopher\/\" target=\"_self\" rel=\"nofollow noopener\">Cary Christopher<\/a><a class=\"base-link article-body__tags__item\" href=\"https:\/\/www.latercera.com\/etiqueta\/benedict-wong\/\" target=\"_self\" rel=\"nofollow noopener\">Benedict Wong<\/a><a class=\"base-link article-body__tags__item\" href=\"https:\/\/www.latercera.com\/etiqueta\/amy-madigan\/\" target=\"_self\" rel=\"nofollow noopener\">Amy Madigan<\/a><a class=\"base-link article-body__tags__item\" href=\"https:\/\/www.latercera.com\/etiqueta\/hbo-max\/\" target=\"_self\" rel=\"nofollow noopener\">HBO Max<\/a><a class=\"base-link article-body__tags__item\" href=\"https:\/\/www.latercera.com\/etiqueta\/cine-culto\/\" target=\"_self\" rel=\"nofollow noopener\">Cine Culto<\/a><\/p>\n<p class=\"article-body__newsletter__title\">NEWSLETTER<\/p>\n<p><img decoding=\"async\" class=\"newsletter-card__image\" src=\"https:\/\/www.latercera.com\/pf\/resources\/images\/newsletter\/culto.svg?d=1070&amp;mxId=00000000\" alt=\"Newsletter\"\/>CultoMi\u00e9rcoles, AMSeries, libros, m\u00fasica y cine que est\u00e1n en boca de todos. La gu\u00eda pop para entrar con estilo a las conversaciones del momento.Regi\u0301strate\tAl suscribirte est\u00e1s aceptando los <a href=\"https:\/\/www.latercera.com\/terminos-y-condiciones\/\" target=\"_blank\" rel=\"nofollow noopener\">T\u00e9rminos y Condiciones<\/a> y las <a href=\"https:\/\/www.latercera.com\/aviso-de-privacidad\/\" target=\"_blank\" rel=\"nofollow noopener\">Pol\u00edticas de Privacidad<\/a> de La Tercera.<\/p>\n","protected":false},"excerpt":{"rendered":"Por\u00a0Equipo de Culto20 OCTUBRE 2025La Hora de la Desaparici\u00f3n llega al streaming: d\u00f3nde ver una de las mejores&hellip;\n","protected":false},"author":2,"featured_media":190527,"comment_status":"","ping_status":"","sticky":false,"template":"","format":"standard","meta":{"footnotes":""},"categories":[169],"tags":[53295,53299,53296,53298,53297,177,20680,146,147,25,24,176,3526,19458,19459,19460,175,23,6673,19287],"class_list":{"0":"post-190526","1":"post","2":"type-post","3":"status-publish","4":"format-standard","5":"has-post-thumbnail","7":"category-cine","8":"tag-alden-ehrenreich","9":"tag-amy-madigan","10":"tag-austin-abrams","11":"tag-benedict-wong","12":"tag-cary-christopher","13":"tag-cine","14":"tag-cine-culto","15":"tag-entertainment","16":"tag-entretenimiento","17":"tag-es","18":"tag-espana","19":"tag-film","20":"tag-hbo-max","21":"tag-josh-brolin","22":"tag-julia-garner","23":"tag-la-hora-de-la-desaparicion","24":"tag-movies","25":"tag-spain","26":"tag-weapons","27":"tag-zach-cregger"},"share_on_mastodon":{"url":"https:\/\/pubeurope.com\/@es\/115409529453783969","error":""},"_links":{"self":[{"href":"https:\/\/www.europesays.com\/es\/wp-json\/wp\/v2\/posts\/190526","targetHints":{"allow":["GET"]}}],"collection":[{"href":"https:\/\/www.europesays.com\/es\/wp-json\/wp\/v2\/posts"}],"about":[{"href":"https:\/\/www.europesays.com\/es\/wp-json\/wp\/v2\/types\/post"}],"author":[{"embeddable":true,"href":"https:\/\/www.europesays.com\/es\/wp-json\/wp\/v2\/users\/2"}],"replies":[{"embeddable":true,"href":"https:\/\/www.europesays.com\/es\/wp-json\/wp\/v2\/comments?post=190526"}],"version-history":[{"count":0,"href":"https:\/\/www.europesays.com\/es\/wp-json\/wp\/v2\/posts\/190526\/revisions"}],"wp:featuredmedia":[{"embeddable":true,"href":"https:\/\/www.europesays.com\/es\/wp-json\/wp\/v2\/media\/190527"}],"wp:attachment":[{"href":"https:\/\/www.europesays.com\/es\/wp-json\/wp\/v2\/media?parent=190526"}],"wp:term":[{"taxonomy":"category","embeddable":true,"href":"https:\/\/www.europesays.com\/es\/wp-json\/wp\/v2\/categories?post=190526"},{"taxonomy":"post_tag","embeddable":true,"href":"https:\/\/www.europesays.com\/es\/wp-json\/wp\/v2\/tags?post=190526"}],"curies":[{"name":"wp","href":"https:\/\/api.w.org\/{rel}","templated":true}]}}