{"id":190539,"date":"2025-10-21T01:28:10","date_gmt":"2025-10-21T01:28:10","guid":{"rendered":"https:\/\/www.europesays.com\/es\/190539\/"},"modified":"2025-10-21T01:28:10","modified_gmt":"2025-10-21T01:28:10","slug":"david-betancort-defensivamente-estamos-trabajando-dia-a-dia-y-ajustandonos","status":"publish","type":"post","link":"https:\/\/www.europesays.com\/es\/190539\/","title":{"rendered":"David Betancort: \u201cDefensivamente estamos trabajando d\u00eda a d\u00eda y ajust\u00e1ndonos\u201d"},"content":{"rendered":"<p><strong>LanzaroteDeportiva.com<\/strong><\/p>\n<p>El Balonmano Lanzarote Ciudad de Arrecife sum\u00f3 ante el Disiclin Balonmano Lal\u00edn su sexta victoria de la temporada, en un partido que acab\u00f3 con un resultado de 33 a 28 a favor del cuadro lanzarote\u00f1o. El entrenador del San Jos\u00e9 Obrero, David Betancort, analiz\u00f3 el duelo del domingo, asegurando que siguen trabajando en el aspecto defensivo, y que la intensidad de la defensa fue clave para dejar los dos puntos en Titerroy.<\/p>\n","protected":false},"excerpt":{"rendered":"LanzaroteDeportiva.com El Balonmano Lanzarote Ciudad de Arrecife sum\u00f3 ante el Disiclin Balonmano Lal\u00edn su sexta victoria de la&hellip;\n","protected":false},"author":2,"featured_media":190540,"comment_status":"","ping_status":"","sticky":false,"template":"","format":"standard","meta":{"footnotes":""},"categories":[278],"tags":[376,168,37247,25,24,375,40450,36441,23,167],"class_list":{"0":"post-190539","1":"post","2":"type-post","3":"status-publish","4":"format-standard","5":"has-post-thumbnail","7":"category-balonmano","8":"tag-balonmano","9":"tag-deportes","10":"tag-destacado-derecha","11":"tag-es","12":"tag-espana","13":"tag-handball","14":"tag-primera-nacional-masculina","15":"tag-san-jose-obrero","16":"tag-spain","17":"tag-sports"},"share_on_mastodon":{"url":"https:\/\/pubeurope.com\/@es\/115409564678172249","error":""},"_links":{"self":[{"href":"https:\/\/www.europesays.com\/es\/wp-json\/wp\/v2\/posts\/190539","targetHints":{"allow":["GET"]}}],"collection":[{"href":"https:\/\/www.europesays.com\/es\/wp-json\/wp\/v2\/posts"}],"about":[{"href":"https:\/\/www.europesays.com\/es\/wp-json\/wp\/v2\/types\/post"}],"author":[{"embeddable":true,"href":"https:\/\/www.europesays.com\/es\/wp-json\/wp\/v2\/users\/2"}],"replies":[{"embeddable":true,"href":"https:\/\/www.europesays.com\/es\/wp-json\/wp\/v2\/comments?post=190539"}],"version-history":[{"count":0,"href":"https:\/\/www.europesays.com\/es\/wp-json\/wp\/v2\/posts\/190539\/revisions"}],"wp:featuredmedia":[{"embeddable":true,"href":"https:\/\/www.europesays.com\/es\/wp-json\/wp\/v2\/media\/190540"}],"wp:attachment":[{"href":"https:\/\/www.europesays.com\/es\/wp-json\/wp\/v2\/media?parent=190539"}],"wp:term":[{"taxonomy":"category","embeddable":true,"href":"https:\/\/www.europesays.com\/es\/wp-json\/wp\/v2\/categories?post=190539"},{"taxonomy":"post_tag","embeddable":true,"href":"https:\/\/www.europesays.com\/es\/wp-json\/wp\/v2\/tags?post=190539"}],"curies":[{"name":"wp","href":"https:\/\/api.w.org\/{rel}","templated":true}]}}