{"id":190561,"date":"2025-10-21T01:45:11","date_gmt":"2025-10-21T01:45:11","guid":{"rendered":"https:\/\/www.europesays.com\/es\/190561\/"},"modified":"2025-10-21T01:45:11","modified_gmt":"2025-10-21T01:45:11","slug":"la-atropellada-revelacion-entre-callao-y-times-square-de-lo-nuevo-de-rosalia-lux-que-saldra-el-7-de-noviembre","status":"publish","type":"post","link":"https:\/\/www.europesays.com\/es\/190561\/","title":{"rendered":"La atropellada revelaci\u00f3n entre Callao y Times Square de lo nuevo de Rosal\u00eda: &#8216;Lux&#8217;, que saldr\u00e1 el 7 de noviembre"},"content":{"rendered":"<p>Lo nuevo de Rosal\u00eda se presum\u00eda m\u00edstico, y as\u00ed ha sido: un disco llamado Lux, que ver\u00e1 la luz el 7 de noviembre, y que ya se puede reservar. La historia que ha llevado a ese conocimiento ha sido m\u00e1s humana. La cantante ten\u00eda previsto un directo de m\u00e1s de una hora en TikTok para anunciar esta informaci\u00f3n, que empez\u00f3 ca\u00f3tico, con un ordenador con una cuenta atr\u00e1s y Rosal\u00eda en pleno maquillaje, peluquer\u00eda (con un halo dorado en su cabello) y cena: jam\u00f3n y tortilla de patatas. \u201cCon cebolla\u201d, aclar\u00f3. Minutos despu\u00e9s, alguien de su equipo dejaba caer que la sorpresa ser\u00eda en Madrid, en Callao, donde <a href=\"https:\/\/www.revistavanityfair.es\/articulos\/rosalia-nuevo-disco-madrid-callao-casa-salvador\" rel=\"nofollow noopener\" target=\"_blank\">ya hab\u00eda jugado al despiste en los \u00faltimos d\u00edas<\/a>. Y la gente empez\u00f3 a aglutinarse en la plaza, ante la sorpresa de la polic\u00eda de la zona. Hasta aqu\u00ed, todo bien. El problema fue que el t\u00edtulo del disco, la portada y la fecha se filtraron antes en otra plaza: en Times Square, Nueva York.<\/p>\n<p>\u00ab\u00bfQue ha salido en Nueva York?\u00bb, preguntaba a su equipo en el directo. \u201c\u00bfY qui\u00e9n lo ha hecho, qui\u00e9n lo ha puesto?\u201d. Cada vez m\u00e1s enfadada dice \u201cAbro mi m\u00f3vil y veo que el reveal que vamos a hacer aqu\u00ed hoy ya se ha hecho\u201d. Rosal\u00eda  se enciende un cigarrillo, pero el enfado pasa pronto. Termina de prepararse, conduce ella misma el coche que la llevara hasta Callao, con las pantallas de la Gran V\u00eda y la plaza mostrando la misma cuenta atr\u00e1s. Por el camino, se cae el streaming. Ese mismo d\u00eda tambi\u00e9n se hab\u00edan ca\u00eddo durante horas los servicios de Amazon, y con ellos buena parte de Internet, incluso los dat\u00e1fonos de varios bancos. Ser\u00eda lunes.<\/p>\n<p>De vuelta en directo, ahora en Instagram, Rosal\u00eda sigue al volante con varios pasajeros, incluyendo a su hermana y su maquillador, en un viaje en el que firma aut\u00f3grafos, habla con los sorprendidos conductores en los sem\u00e1foros, se deja hacer selfis con sus fans, mientras se va emocionando: \u201c\u00a1Se viene!\u201d, gritaba al entrar en la Gran V\u00eda. En Callao, la gente cada vez m\u00e1s expectante. Hasta que, poco antes de llegar a la plaza, la muchedumbre hace que se baje del coche y recorra, corriendo y sonriente, cuesta arriba, seguida de sus fans, los metros que la separan del hotel donde contemplar\u00e1 la celebraci\u00f3n. Desde all\u00ed lanzar\u00e1 besos al p\u00fablico, pero el directo se ha detenido, para no volver. Y es la gente la que corea y retransmite en sus propias redes la cuenta atr\u00e1s final, <a data-offer-url=\"https:\/\/www.instagram.com\/p\/DQCzwv3iIz_\/?img_index=2\" class=\"external-link\" data-event-click=\"{&quot;element&quot;:&quot;ExternalLink&quot;,&quot;outgoingURL&quot;:&quot;https:\/\/www.instagram.com\/p\/DQCzwv3iIz_\/?img_index=2&quot;}\" href=\"https:\/\/www.instagram.com\/p\/DQCzwv3iIz_\/?img_index=2\" rel=\"nofollow noopener\" target=\"_blank\">los \u00faltimos 10 segundos<\/a> para ver la portada del disco, el nombre, la fecha\u2026 Y confirmar que, efectivamente, la filtraci\u00f3n de Nueva York de la que se quejaba Rosal\u00eda no era un truco m\u00e1s de marketing. Era un error humano en lo que ten\u00eda que haber sido una noche m\u00edstica.<\/p>\n<p>Al final, mientras la cuenta atr\u00e1s se viralizaba en las redes, Rosal\u00eda abandon\u00f3 el hotel sonriente y saludando, escoltada por seguridad y polic\u00eda, mientras su imagen permanec\u00eda grabada en la plaza.<\/p>\n<p><img decoding=\"async\" alt=\"La atropellada revelaci\u00f3n entre Callao y Times Square de lo nuevo de Rosal\u00eda 'Lux' que saldr el 7 de noviembre\" loading=\"lazy\" class=\"ResponsiveImageContainer-eNxvmU cfBbTk responsive-image__image\"   src=\"https:\/\/www.europesays.com\/es\/wp-content\/uploads\/2025\/10\/WhatsApp%20Image%202025-10-20%20at%2022.26.12.jpeg\"\/><script async src=\"\/\/www.instagram.com\/embed.js\"><\/script><\/p>\n","protected":false},"excerpt":{"rendered":"Lo nuevo de Rosal\u00eda se presum\u00eda m\u00edstico, y as\u00ed ha sido: un disco llamado Lux, que ver\u00e1 la&hellip;\n","protected":false},"author":2,"featured_media":190562,"comment_status":"","ping_status":"","sticky":false,"template":"","format":"standard","meta":{"footnotes":""},"categories":[91],"tags":[146,147,25,24,185,4147,23],"class_list":{"0":"post-190561","1":"post","2":"type-post","3":"status-publish","4":"format-standard","5":"has-post-thumbnail","7":"category-entretenimiento","8":"tag-entertainment","9":"tag-entretenimiento","10":"tag-es","11":"tag-espana","12":"tag-musica","13":"tag-rosalia","14":"tag-spain"},"share_on_mastodon":{"url":"https:\/\/pubeurope.com\/@es\/115409631870519354","error":""},"_links":{"self":[{"href":"https:\/\/www.europesays.com\/es\/wp-json\/wp\/v2\/posts\/190561","targetHints":{"allow":["GET"]}}],"collection":[{"href":"https:\/\/www.europesays.com\/es\/wp-json\/wp\/v2\/posts"}],"about":[{"href":"https:\/\/www.europesays.com\/es\/wp-json\/wp\/v2\/types\/post"}],"author":[{"embeddable":true,"href":"https:\/\/www.europesays.com\/es\/wp-json\/wp\/v2\/users\/2"}],"replies":[{"embeddable":true,"href":"https:\/\/www.europesays.com\/es\/wp-json\/wp\/v2\/comments?post=190561"}],"version-history":[{"count":0,"href":"https:\/\/www.europesays.com\/es\/wp-json\/wp\/v2\/posts\/190561\/revisions"}],"wp:featuredmedia":[{"embeddable":true,"href":"https:\/\/www.europesays.com\/es\/wp-json\/wp\/v2\/media\/190562"}],"wp:attachment":[{"href":"https:\/\/www.europesays.com\/es\/wp-json\/wp\/v2\/media?parent=190561"}],"wp:term":[{"taxonomy":"category","embeddable":true,"href":"https:\/\/www.europesays.com\/es\/wp-json\/wp\/v2\/categories?post=190561"},{"taxonomy":"post_tag","embeddable":true,"href":"https:\/\/www.europesays.com\/es\/wp-json\/wp\/v2\/tags?post=190561"}],"curies":[{"name":"wp","href":"https:\/\/api.w.org\/{rel}","templated":true}]}}