{"id":190578,"date":"2025-10-21T01:58:09","date_gmt":"2025-10-21T01:58:09","guid":{"rendered":"https:\/\/www.europesays.com\/es\/190578\/"},"modified":"2025-10-21T01:58:09","modified_gmt":"2025-10-21T01:58:09","slug":"la-historia-de-la-jornada-2-en-la-liga-u-bingen-errasti-y-su-inexplicable-canasta-ganadora","status":"publish","type":"post","link":"https:\/\/www.europesays.com\/es\/190578\/","title":{"rendered":"La historia de la Jornada 2 en la Liga U: Bingen Errasti y su inexplicable canasta ganadora"},"content":{"rendered":"\n<p>        <a id=\"volverHyperlink\" class=\"btn volver\" href=\"https:\/\/www.feb.es\/2025\/10\/20\/baloncesto\/historia-jornada-liga-bingen-errasti-inexplicable-canasta-ganadora\/javascript:history.go(-1);\" rel=\"nofollow noopener\" target=\"_blank\">Volver<\/a><\/p>\n<p>LIGA U<\/p>\n<p>La historia de la Jornada 2 en la Liga U: Bingen Errasti y su inexplicable canasta ganadora<\/p>\n<p>10\/20\/2025 &#8211; 12:37 PM<\/p>\n<p>Un espectacular palmeo sobre la bocina de Bingen Errasti le dio a BILBAO BASKET la primera victoria de su historia en Liga U ante su afici\u00f3n.<\/p>\n<p>&#13;<br \/>\n\t\t&#13;<br \/>\n                    &#13;<br \/>\n                &#13;\n\t<\/p>\n<p>                \u00c1REA COMUNICACI\u00d3N FEB<\/p>\n<p>A 7 d\u00e9cima del final\u00a0y\u00a0con el\u00a0B\u00e0squet\u00a0Girona uno arriba en el marcador, surgi\u00f3 el milagro en Artxanda para\u00a0Bilbao\u00a0Basket. Mikel Torre dise\u00f1\u00f3 una jugada que sus pupilos\u00a0ejecutaron a\u00a0la\u00a0perfecci\u00f3n y dieron la\u00a0victoria\u00a0al equipo local gracias a una canasta espectacular.\u00a0<br \/>&#13;<br \/>\n\u00a0<br \/>&#13;<br \/>\nFue Oier de las Heras\u00a0el encargado de\u00a0poner el bal\u00f3n en juego desde la banda.\u00a0Los bloqueos en la l\u00ednea de fondo funcionaron a la perfecci\u00f3n y el env\u00edo milim\u00e9trico lleg\u00f3 a manos de\u00a0Bingen\u00a0Errasti. Y\u00a0que de forma acrob\u00e1tica y de espaldas al aro se invent\u00f3 un palmeo\u00a0para llevar el bal\u00f3n al aro y ganar el partido antes de que se acabara el\u00a0tiempo\u00a0reglamentario.<br \/>&#13;<br \/>\n\u00a0<br \/>&#13;<br \/>\n El delirio se apoder\u00f3 del pabell\u00f3n y de todos los componentes de\u00a0Bilbao\u00a0Basket. Y no era para menos, porque la\u00a0acci\u00f3n record\u00f3 a aquella\u00a0canasta ganadora\u00a0conseguida por Rudy Fern\u00e1ndez con el Joventut\u00a0frente\u00a0al\u00a0Unicaja en\u00a0el Mart\u00edn\u00a0Carpena,\u00a0all\u00e1 por el a\u00f1o 2006\u00a0en partido de\u00a0Euroliga.\u00a0El palmeo de Errasti\u00a0sirvi\u00f3 para que el equipo vizca\u00edno se estrenara en la competici\u00f3n y\u00a0sumara\u00a0su primera victoria de la temporada.\u00a0<br \/>&#13;<br \/>\n\u00a0<br \/>&#13;<br \/>\nLa acci\u00f3n coron\u00f3 el gran partido de\u00a0Bingen\u00a0Errasti, el base\u00a0fue el m\u00e1ximo de su equipo con 17 puntos.\u00a0Tambi\u00e9n pudo\u00a0aportar dos rebotes, dos asistencias y dos balones recuperados para un total de 13 cr\u00e9ditos de valoraci\u00f3n.\u00a0Una gran actuaci\u00f3n en la l\u00ednea de su debut en la competici\u00f3n, en la que consigui\u00f3\u00a0otros 15 puntos con un destacado 3 de 6 desde la l\u00ednea de tres puntos.\u00a0<br \/>&#13;<br \/>\n\u00a0<br \/>&#13;<br \/>\nBingen\u00a0Errasti\u00a0cerr\u00f3 as\u00ed\u00a0una gran semana a nivel personal, pues el pasado martes\u00a0debut\u00f3 en partido oficial con el\u00a0Surne\u00a0Bilbao\u00a0Basket.\u00a0Su\u00a0estreno con el equipo\u00a0dirigido\u00a0por Jaume\u00a0Ponsarnau\u00a0se produjo\u00a0en la\u00a0FIBA\u00a0Europe\u00a0Cup,\u00a0despu\u00e9s de haber\u00a0entrado\u00a0en la\u00a0din\u00e1mica\u00a0del primer equipo ya en la pretemporada.<br \/>&#13;<\/p>\n","protected":false},"excerpt":{"rendered":"Volver LIGA U La historia de la Jornada 2 en la Liga U: Bingen Errasti y su inexplicable&hellip;\n","protected":false},"author":2,"featured_media":190579,"comment_status":"","ping_status":"","sticky":false,"template":"","format":"standard","meta":{"footnotes":""},"categories":[269],"tags":[4605,299,1918,298,4597,4613,4616,4609,4608,4610,168,4603,4606,25,24,4120,4598,4614,2713,4601,830,4599,4600,4602,4615,4617,4607,4604,23,167,4611,4612],"class_list":{"0":"post-190578","1":"post","2":"type-post","3":"status-publish","4":"format-standard","5":"has-post-thumbnail","7":"category-baloncesto","8":"tag-arbitros-baloncesto","9":"tag-baloncesto","10":"tag-basket","11":"tag-basketball","12":"tag-basquet","13":"tag-canalfeb","14":"tag-clasificacion","15":"tag-copa-princesa","16":"tag-copa-principe","17":"tag-copa-reina","18":"tag-deportes","19":"tag-eba","20":"tag-entrenadores-baloncesto","21":"tag-es","22":"tag-espana","23":"tag-estadisticas","24":"tag-federacion-baloncesto","25":"tag-jornada-virtual","26":"tag-jugadores","27":"tag-laeb-plata","28":"tag-leb-oro","29":"tag-liga-espana","30":"tag-liga-espanola-baloncesto","31":"tag-liga-femenina","32":"tag-marcadores-baloncesto","33":"tag-rankings","34":"tag-reglas-baloncesto","35":"tag-seleccion-baloncesto","36":"tag-spain","37":"tag-sports","38":"tag-supercopa","39":"tag-television-baloncesto"},"share_on_mastodon":{"url":"","error":"Validation failed: Text character limit of 500 exceeded"},"_links":{"self":[{"href":"https:\/\/www.europesays.com\/es\/wp-json\/wp\/v2\/posts\/190578","targetHints":{"allow":["GET"]}}],"collection":[{"href":"https:\/\/www.europesays.com\/es\/wp-json\/wp\/v2\/posts"}],"about":[{"href":"https:\/\/www.europesays.com\/es\/wp-json\/wp\/v2\/types\/post"}],"author":[{"embeddable":true,"href":"https:\/\/www.europesays.com\/es\/wp-json\/wp\/v2\/users\/2"}],"replies":[{"embeddable":true,"href":"https:\/\/www.europesays.com\/es\/wp-json\/wp\/v2\/comments?post=190578"}],"version-history":[{"count":0,"href":"https:\/\/www.europesays.com\/es\/wp-json\/wp\/v2\/posts\/190578\/revisions"}],"wp:featuredmedia":[{"embeddable":true,"href":"https:\/\/www.europesays.com\/es\/wp-json\/wp\/v2\/media\/190579"}],"wp:attachment":[{"href":"https:\/\/www.europesays.com\/es\/wp-json\/wp\/v2\/media?parent=190578"}],"wp:term":[{"taxonomy":"category","embeddable":true,"href":"https:\/\/www.europesays.com\/es\/wp-json\/wp\/v2\/categories?post=190578"},{"taxonomy":"post_tag","embeddable":true,"href":"https:\/\/www.europesays.com\/es\/wp-json\/wp\/v2\/tags?post=190578"}],"curies":[{"name":"wp","href":"https:\/\/api.w.org\/{rel}","templated":true}]}}