{"id":19058,"date":"2025-08-01T18:09:08","date_gmt":"2025-08-01T18:09:08","guid":{"rendered":"https:\/\/www.europesays.com\/es\/19058\/"},"modified":"2025-08-01T18:09:08","modified_gmt":"2025-08-01T18:09:08","slug":"estos-son-los-horarios-de-la-gran-exposicion-dedicada-a-miro-en-palma","status":"publish","type":"post","link":"https:\/\/www.europesays.com\/es\/19058\/","title":{"rendered":"Estos son los horarios de la gran exposici\u00f3n dedicada a Mir\u00f3 en Palma"},"content":{"rendered":"<p class=\"ft-text\"><a class=\"ft-link ft-link--decoration\" href=\"https:\/\/www.diariodemallorca.es\/cultura\/2025\/07\/31\/joan-miro-conquista-llotja-400-120254176.html\" target=\"_blank\" rel=\"nofollow noopener\">\u2018Paysage Mir\u00f3\u2019<\/a>, la gran exposici\u00f3n que le dedica Palma al genial artista, es una de las grandes apuestas culturales de este 2025 y principios de 2026. Exhibe <strong>un total de 117 obras y unos 250 objetos y documentos personales<\/strong> y, en palabras de la presidenta del Govern, Marga Prohens, es \u00ab<strong>el proyecto mironiano m\u00e1s ambicioso de todos los tiempos\u00bb, \u00abel mayor acontecimiento cultural de nuestra historia reciente\u00bb<\/strong>, una exposici\u00f3n a cuatro bandas que \u00abnos sit\u00faa en el mapa internacional, a la altura de ciudades como Washington, Tokio y Se\u00fal\u00bb.<\/p>\n<p class=\"ft-text\"><a class=\"ft-link ft-link--decoration\" href=\"https:\/\/www.diariodemallorca.es\/cultura\/2025\/07\/30\/joan-miro-exposicion-mallorca-120201553.html\" target=\"_blank\" rel=\"nofollow noopener\">\u2018Paysage Mir\u00f3\u2019 <\/a>se ha estructurado en cuatro espacios emblem\u00e1ticos de Palma: la Llotja, la Fundaci\u00f3 Mir\u00f3, el Casal Solleric y Es Baluard. Estos son sus horarios:<\/p>\n<p>Es Baluard Museu<\/p>\n<p class=\"ft-text\">HORARIO:<\/p>\n<p class=\"ft-text\">DE MARTES A S\u00c1BADO DE 10 A 20H<\/p>\n<p class=\"ft-text\">DOMINGO DE 10 A 15H<\/p>\n<p class=\"ft-text\">Entrada general &#8211; 6 euros<\/p>\n<p class=\"ft-text\">Otros casos &#8211; consultar web<\/p>\n<p>CASAL SOLLERIC<\/p>\n<p class=\"ft-text\">HORARIO:<\/p>\n<p class=\"ft-text\">DE MARTES A S\u00c1BADO DE 10 A 20H<\/p>\n<p class=\"ft-text\">DOMINGO DE 11 A 14.30 h<\/p>\n<p>LA LLOTJA<\/p>\n<p class=\"ft-text\">Lunes a domingo: De 10.30 a 13.30 i de 16 a 21 hores<\/p>\n<p> MIR\u00d3 MALLORCA<\/p>\n<p class=\"ft-text\">HORARIO:<\/p>\n<p class=\"ft-text\">DE MARTES A S\u00c1BADO DE 10 A 19<\/p>\n<p class=\"ft-text\">DOMINGO DE 10 A 15<\/p>\n<p class=\"ft-text\">Entrada general &#8211; 10\u20ac<\/p>\n<p class=\"ft-text\">Residentes\u00a0&#8211;\u00a04\u20ac<\/p>\n","protected":false},"excerpt":{"rendered":"\u2018Paysage Mir\u00f3\u2019, la gran exposici\u00f3n que le dedica Palma al genial artista, es una de las grandes apuestas&hellip;\n","protected":false},"author":2,"featured_media":19059,"comment_status":"","ping_status":"","sticky":false,"template":"","format":"standard","meta":{"footnotes":""},"categories":[173],"tags":[229,233,231,230,11762,209,11761,232,234,1053,146,147,25,24,2003,3956,319,4074,2553,2877,23],"class_list":{"0":"post-19058","1":"post","2":"type-post","3":"status-publish","4":"format-standard","5":"has-post-thumbnail","7":"category-arte-y-diseno","8":"tag-arte","9":"tag-arte-y-diseno","10":"tag-arts","11":"tag-arts-and-design","12":"tag-casal-solleric","13":"tag-cultura","14":"tag-dedicada","15":"tag-design","16":"tag-diseno","17":"tag-domingo","18":"tag-entertainment","19":"tag-entretenimiento","20":"tag-es","21":"tag-espana","22":"tag-exposicion","23":"tag-gran","24":"tag-horario","25":"tag-horarios","26":"tag-palma","27":"tag-son","28":"tag-spain"},"share_on_mastodon":{"url":"","error":""},"_links":{"self":[{"href":"https:\/\/www.europesays.com\/es\/wp-json\/wp\/v2\/posts\/19058","targetHints":{"allow":["GET"]}}],"collection":[{"href":"https:\/\/www.europesays.com\/es\/wp-json\/wp\/v2\/posts"}],"about":[{"href":"https:\/\/www.europesays.com\/es\/wp-json\/wp\/v2\/types\/post"}],"author":[{"embeddable":true,"href":"https:\/\/www.europesays.com\/es\/wp-json\/wp\/v2\/users\/2"}],"replies":[{"embeddable":true,"href":"https:\/\/www.europesays.com\/es\/wp-json\/wp\/v2\/comments?post=19058"}],"version-history":[{"count":0,"href":"https:\/\/www.europesays.com\/es\/wp-json\/wp\/v2\/posts\/19058\/revisions"}],"wp:featuredmedia":[{"embeddable":true,"href":"https:\/\/www.europesays.com\/es\/wp-json\/wp\/v2\/media\/19059"}],"wp:attachment":[{"href":"https:\/\/www.europesays.com\/es\/wp-json\/wp\/v2\/media?parent=19058"}],"wp:term":[{"taxonomy":"category","embeddable":true,"href":"https:\/\/www.europesays.com\/es\/wp-json\/wp\/v2\/categories?post=19058"},{"taxonomy":"post_tag","embeddable":true,"href":"https:\/\/www.europesays.com\/es\/wp-json\/wp\/v2\/tags?post=19058"}],"curies":[{"name":"wp","href":"https:\/\/api.w.org\/{rel}","templated":true}]}}