{"id":190589,"date":"2025-10-21T02:04:14","date_gmt":"2025-10-21T02:04:14","guid":{"rendered":"https:\/\/www.europesays.com\/es\/190589\/"},"modified":"2025-10-21T02:04:14","modified_gmt":"2025-10-21T02:04:14","slug":"belly-cantara-mas-canciones-de-dorian-despues-de-esto","status":"publish","type":"post","link":"https:\/\/www.europesays.com\/es\/190589\/","title":{"rendered":"Belly cantar\u00e1 m\u00e1s canciones de Dorian despu\u00e9s de esto"},"content":{"rendered":"<p>Recuperando el sentido cl\u00e1sico de lo que sol\u00eda ser la campa\u00f1a de un \u00e1lbum, Dorian han publicado este mes un nuevo single extra\u00eddo de \u2018<a href=\"https:\/\/jenesaispop.com\/2024\/10\/29\/485528\/dorian-futuros-imposibles\/\" rel=\"nofollow noopener\" target=\"_blank\">Futuros imposibles<\/a>\u2018. Estamos hablando del disco que sacaron a finales del a\u00f1o pasado. La elegida es \u2018Por ti\u2019, sobre la que hablamos con Marc en <a href=\"https:\/\/www.youtube.com\/watch?v=J7A4O6GnGRo&amp;t=3569s\" rel=\"nofollow noopener\" target=\"_blank\">este videopodcast<\/a> (minuto 64). <\/p>\n<p>En aquel podcast prometimos que si hab\u00eda v\u00eddeo del tema ser\u00eda \u00abCanci\u00f3n del D\u00eda\u00bb en JENESAISPOP et voil\u00e0. Marc afirma que llevaban tiempo intentando convencer a Belly de cantar un tema de Dorian sola -habla de \u00abdos intentos\u00bb- y reconoce este tema como un \u00abmomentazo\u00bb de sus \u00faltimos directos.<\/p>\n<p>\u2018Por ti\u2019 es la primera canci\u00f3n que canta Belly en la carrera de Dorian, y es la que mejor encapsula su ruptura sentimental -no profesional- con el co-l\u00edder de la formaci\u00f3n, Marc Gili. Es obvio que es por tanto una de las composiciones con m\u00e1s encanto de \u2018Futuros imposibles\u2019 y una de las favoritas del p\u00fablico al margen de los streams.<\/p>\n<p>Como otras grandes grabaciones de Dorian se nutre de beats italo, por supuesto del tecno-pop de los a\u00f1os 80, y un poquito de la banda sonora de \u2018Drive\u2019. O quiz\u00e1 est\u00e9 sugestionado yo por el videoclip reci\u00e9n estrenado en el que Marc Gili aparece conduciendo un autom\u00f3vil un tanto improbable. La pieza se grab\u00f3 en el extrarradio de Barcelona y es obra del joven realizador Marcel Sesplugues y del estudio art\u00edstico especialista en arte digital Desilence, fundado por Tatiana Halbach y S\u00f8ren Christensen. <\/p>\n<p>Dorian cerrar\u00e1n la primera parte de la gira de presentaci\u00f3n de \u2018Futuros imposibles\u2019 en Latinoam\u00e9rica: Ciudad de M\u00e9xico (13 de noviembre), Lima (20 de noviembre), Buenos Aires (22 de noviembre), Valladolid (29 de noviembre) y C\u00f3rdoba (Argentina) (14 de febrero).<\/p>\n<p>Podcast con Marc de Dorian y dani dicostas<\/p>\n<p>:<\/p>\n","protected":false},"excerpt":{"rendered":"Recuperando el sentido cl\u00e1sico de lo que sol\u00eda ser la campa\u00f1a de un \u00e1lbum, Dorian han publicado este&hellip;\n","protected":false},"author":2,"featured_media":190590,"comment_status":"","ping_status":"","sticky":false,"template":"","format":"standard","meta":{"footnotes":""},"categories":[170],"tags":[29246,146,147,25,24,184,185,23],"class_list":{"0":"post-190589","1":"post","2":"type-post","3":"status-publish","4":"format-standard","5":"has-post-thumbnail","7":"category-musica","8":"tag-dorian","9":"tag-entertainment","10":"tag-entretenimiento","11":"tag-es","12":"tag-espana","13":"tag-music","14":"tag-musica","15":"tag-spain"},"share_on_mastodon":{"url":"https:\/\/pubeurope.com\/@es\/115409706285950625","error":""},"_links":{"self":[{"href":"https:\/\/www.europesays.com\/es\/wp-json\/wp\/v2\/posts\/190589","targetHints":{"allow":["GET"]}}],"collection":[{"href":"https:\/\/www.europesays.com\/es\/wp-json\/wp\/v2\/posts"}],"about":[{"href":"https:\/\/www.europesays.com\/es\/wp-json\/wp\/v2\/types\/post"}],"author":[{"embeddable":true,"href":"https:\/\/www.europesays.com\/es\/wp-json\/wp\/v2\/users\/2"}],"replies":[{"embeddable":true,"href":"https:\/\/www.europesays.com\/es\/wp-json\/wp\/v2\/comments?post=190589"}],"version-history":[{"count":0,"href":"https:\/\/www.europesays.com\/es\/wp-json\/wp\/v2\/posts\/190589\/revisions"}],"wp:featuredmedia":[{"embeddable":true,"href":"https:\/\/www.europesays.com\/es\/wp-json\/wp\/v2\/media\/190590"}],"wp:attachment":[{"href":"https:\/\/www.europesays.com\/es\/wp-json\/wp\/v2\/media?parent=190589"}],"wp:term":[{"taxonomy":"category","embeddable":true,"href":"https:\/\/www.europesays.com\/es\/wp-json\/wp\/v2\/categories?post=190589"},{"taxonomy":"post_tag","embeddable":true,"href":"https:\/\/www.europesays.com\/es\/wp-json\/wp\/v2\/tags?post=190589"}],"curies":[{"name":"wp","href":"https:\/\/api.w.org\/{rel}","templated":true}]}}