{"id":190591,"date":"2025-10-21T02:05:08","date_gmt":"2025-10-21T02:05:08","guid":{"rendered":"https:\/\/www.europesays.com\/es\/190591\/"},"modified":"2025-10-21T02:05:08","modified_gmt":"2025-10-21T02:05:08","slug":"la-historia-real-que-inspiro-27-noches-la-pelicula-argentina-mas-vista-de-netflix","status":"publish","type":"post","link":"https:\/\/www.europesays.com\/es\/190591\/","title":{"rendered":"La historia real que inspir\u00f3 27 noches, la pel\u00edcula argentina m\u00e1s vista de Netflix"},"content":{"rendered":"<p><strong>Netflix <\/strong>estren\u00f3 recientemente 27 noches, <a href=\"https:\/\/indiehoy.com\/cine\/27-noches-llego-a-netflix-de-que-trata-la-pelicula-argentina-basada-en-un-curioso-caso-real\/\" target=\"_blank\" rel=\"noreferrer noopener nofollow\">la pel\u00edcula dirigida y protagonizada por <strong>Daniel Hendler<\/strong><\/a> que est\u00e1 basada en hechos reales. El film, a su vez, se inspira en la novela hom\u00f3nima escrita por <strong>Natalia Zito<\/strong> y publicada en 2022. <\/p>\n<p>La historia se basa en el caso de <strong>Natalia Kohen, una mujer octogenaria que fue internada en un neuropsiqui\u00e1trico contra su voluntad en 2005<\/strong>. Sus dos hijas impulsaron la internaci\u00f3n como una forma de evitar que se gastara su enorme fortuna, la cual inclu\u00eda dinero y obras de arte.<\/p>\n<p>Qui\u00e9n era Natalia Kohen<\/p>\n<p>Kohen naci\u00f3 en 1919 y se consolid\u00f3 como una reconocida artista pl\u00e1stica y escritora en Buenos Aires. A lo largo de su carrera, la mendocina ayud\u00f3 a numerosos artistas y ofici\u00f3 de mecenas. De hecho, en 2005 ten\u00eda la intenci\u00f3n de aportar fondos para la creaci\u00f3n de un centro cultural junto a Clorindo Testa, lo que alert\u00f3 a sus hijas. <\/p>\n<p>Las hijas <strong>apelaron a su insan\u00eda a trav\u00e9s de un diagn\u00f3stico de demencia frontotemporal firmado por el diputado del PRO Facundo Manes<\/strong>. \u201cFacundo Manes me endilg\u00f3 una enfermedad que se llama enfermedad de Pick, pero yo estaba sana. Fue algo muy brutal\u201d, expres\u00f3 Kohen en 2006, seg\u00fan recogi\u00f3 La Naci\u00f3n.<\/p>\n<p><img loading=\"lazy\" decoding=\"async\" width=\"1200\" height=\"831\" src=\"https:\/\/indiehoy.com\/wp-content\/uploads\/2025\/10\/27-noches.webp\" alt=\"27 noches lleg\u00f3 a Netflix: De qu\u00e9 trata la pel\u00edcula argentina basada en un curioso caso real\" class=\"wp-image-800658\"  \/>27 noches lleg\u00f3 a Netflix.<\/p>\n<p>Un diagn\u00f3stico falso que impuls\u00f3 un necesario debate<\/p>\n<p>El caso de Kohen comenz\u00f3 a tomar relevancia cuando ella intent\u00f3 luchar contra las imposiciones de sus hijas y demostrar que se encontraba en plenas facultades para vivir en su hogar. <strong>Tras pasar casi un mes internada, se comprob\u00f3 que el diagn\u00f3stico era falso y pudo recuperar su libertad<\/strong>. Kohen falleci\u00f3 en 2022, a los 103 a\u00f1os, y en 2009 fue nombrada Personalidad Destacada de la Cultura de la Ciudad de Buenos Aires por la Legislatura porte\u00f1a.<\/p>\n<p>Su caso gener\u00f3 repercusi\u00f3n, ya que muchos amigos, entre ellos el escritor y activista Juan Jos\u00e9 Sebreli, se manifestaron para dar visibilidad a su situaci\u00f3n y exigir justicia. <strong>La historia de Kohen impuls\u00f3 el debate sobre la necesidad de una nueva ley de salud mental que protegiera a las personas y estableciera que nadie puede ser internado sin su consentimiento<\/strong>. Esta ley fue reglamentada en 2013.<\/p>\n","protected":false},"excerpt":{"rendered":"Netflix estren\u00f3 recientemente 27 noches, la pel\u00edcula dirigida y protagonizada por Daniel Hendler que est\u00e1 basada en hechos&hellip;\n","protected":false},"author":2,"featured_media":190592,"comment_status":"","ping_status":"","sticky":false,"template":"","format":"standard","meta":{"footnotes":""},"categories":[169],"tags":[177,146,147,25,24,176,175,152,23],"class_list":{"0":"post-190591","1":"post","2":"type-post","3":"status-publish","4":"format-standard","5":"has-post-thumbnail","7":"category-cine","8":"tag-cine","9":"tag-entertainment","10":"tag-entretenimiento","11":"tag-es","12":"tag-espana","13":"tag-film","14":"tag-movies","15":"tag-netflix","16":"tag-spain"},"share_on_mastodon":{"url":"https:\/\/pubeurope.com\/@es\/115409710522986253","error":""},"_links":{"self":[{"href":"https:\/\/www.europesays.com\/es\/wp-json\/wp\/v2\/posts\/190591","targetHints":{"allow":["GET"]}}],"collection":[{"href":"https:\/\/www.europesays.com\/es\/wp-json\/wp\/v2\/posts"}],"about":[{"href":"https:\/\/www.europesays.com\/es\/wp-json\/wp\/v2\/types\/post"}],"author":[{"embeddable":true,"href":"https:\/\/www.europesays.com\/es\/wp-json\/wp\/v2\/users\/2"}],"replies":[{"embeddable":true,"href":"https:\/\/www.europesays.com\/es\/wp-json\/wp\/v2\/comments?post=190591"}],"version-history":[{"count":0,"href":"https:\/\/www.europesays.com\/es\/wp-json\/wp\/v2\/posts\/190591\/revisions"}],"wp:featuredmedia":[{"embeddable":true,"href":"https:\/\/www.europesays.com\/es\/wp-json\/wp\/v2\/media\/190592"}],"wp:attachment":[{"href":"https:\/\/www.europesays.com\/es\/wp-json\/wp\/v2\/media?parent=190591"}],"wp:term":[{"taxonomy":"category","embeddable":true,"href":"https:\/\/www.europesays.com\/es\/wp-json\/wp\/v2\/categories?post=190591"},{"taxonomy":"post_tag","embeddable":true,"href":"https:\/\/www.europesays.com\/es\/wp-json\/wp\/v2\/tags?post=190591"}],"curies":[{"name":"wp","href":"https:\/\/api.w.org\/{rel}","templated":true}]}}