{"id":190600,"date":"2025-10-21T02:11:07","date_gmt":"2025-10-21T02:11:07","guid":{"rendered":"https:\/\/www.europesays.com\/es\/190600\/"},"modified":"2025-10-21T02:11:07","modified_gmt":"2025-10-21T02:11:07","slug":"abandonan-a-una-bebe-recien-nacida-en-una-estacion-del-metro-de-nueva-york","status":"publish","type":"post","link":"https:\/\/www.europesays.com\/es\/190600\/","title":{"rendered":"Abandonan a una beb\u00e9 reci\u00e9n nacida en una estaci\u00f3n del Metro de Nueva York"},"content":{"rendered":"<p class=\"c-paragraph\">Una beb\u00e9 reci\u00e9n nacida ha sido hallada en la ma\u00f1ana de este lunes en una estaci\u00f3n de Metro ubicada en Manhattan (Nueva York). La menor ha sido encontrada poco antes de las 9.30 horas<b> envuelta en una manta <\/b>en una escalera de las instalaciones, seg\u00fan ha informado el Departamento de Polic\u00eda de Nueva York y ha recogido la cadena estadounidense <a href=\"https:\/\/abcnews.go.com\/US\/newborn-girl-left-subway-station-midtown-manhattan-police\/story?id=126681265\" rel=\"nofollow noreferrer noopener\" target=\"_blank\">ABC News<\/a>.<\/p>\n<p class=\"c-paragraph\">El incidente ha sido reportado a trav\u00e9s de una <b>denuncia an\u00f3nima<\/b> y hasta el lugar de los hechos se han desplazado agentes de la Polic\u00eda de Nueva York y los bomberos. Cuando llegaron, la menor estaba consciente. De inmediato fue trasladada a un centro hospitalario, donde los m\u00e9dicos confirmaron que <b>se encuentra en buen estado de salud<\/b>.<\/p>\n<p class=\"c-paragraph\"><b>\u00abLo llamo el milagro de a calle 34\u00bb<\/b>, ha dicho el presidente de\u00a0New York City Transit,\u00a0Demetrius Crichlow, en referencia a la calle donde se encuentra la estaci\u00f3n de Metro.\u00a0\u00abSimplemente estoy agradecido por el trabajo del Departamento de Polic\u00eda de Nueva York por cuidar a la beb\u00e9\u00bb, ha a\u00f1adido. La Polic\u00eda est\u00e1 investigando los hechos.<\/p>\n","protected":false},"excerpt":{"rendered":"Una beb\u00e9 reci\u00e9n nacida ha sido hallada en la ma\u00f1ana de este lunes en una estaci\u00f3n de Metro&hellip;\n","protected":false},"author":2,"featured_media":190601,"comment_status":"","ping_status":"","sticky":false,"template":"","format":"standard","meta":{"footnotes":""},"categories":[42],"tags":[53322,8680,17,18,13,14,11,61,62,63,64,19,20,7375,9,10,15,16,9814,12,21,22,20877,65,66,67],"class_list":{"0":"post-190600","1":"post","2":"type-post","3":"status-publish","4":"format-standard","5":"has-post-thumbnail","7":"category-internacional","8":"tag-abandonan","9":"tag-bebe","10":"tag-breaking-news","11":"tag-breakingnews","12":"tag-featured-news","13":"tag-featurednews","14":"tag-headlines","15":"tag-internacional","16":"tag-international","17":"tag-international-news","18":"tag-internationalnews","19":"tag-latest-news","20":"tag-latestnews","21":"tag-nacida","22":"tag-news","23":"tag-noticias","24":"tag-noticias-destacadas","25":"tag-noticiasdestacadas","26":"tag-recien","27":"tag-titulares","28":"tag-ultimas-noticias","29":"tag-ultimasnoticias","30":"tag-una","31":"tag-world","32":"tag-world-news","33":"tag-worldnews"},"share_on_mastodon":{"url":"https:\/\/pubeurope.com\/@es\/115409733801919441","error":""},"_links":{"self":[{"href":"https:\/\/www.europesays.com\/es\/wp-json\/wp\/v2\/posts\/190600","targetHints":{"allow":["GET"]}}],"collection":[{"href":"https:\/\/www.europesays.com\/es\/wp-json\/wp\/v2\/posts"}],"about":[{"href":"https:\/\/www.europesays.com\/es\/wp-json\/wp\/v2\/types\/post"}],"author":[{"embeddable":true,"href":"https:\/\/www.europesays.com\/es\/wp-json\/wp\/v2\/users\/2"}],"replies":[{"embeddable":true,"href":"https:\/\/www.europesays.com\/es\/wp-json\/wp\/v2\/comments?post=190600"}],"version-history":[{"count":0,"href":"https:\/\/www.europesays.com\/es\/wp-json\/wp\/v2\/posts\/190600\/revisions"}],"wp:featuredmedia":[{"embeddable":true,"href":"https:\/\/www.europesays.com\/es\/wp-json\/wp\/v2\/media\/190601"}],"wp:attachment":[{"href":"https:\/\/www.europesays.com\/es\/wp-json\/wp\/v2\/media?parent=190600"}],"wp:term":[{"taxonomy":"category","embeddable":true,"href":"https:\/\/www.europesays.com\/es\/wp-json\/wp\/v2\/categories?post=190600"},{"taxonomy":"post_tag","embeddable":true,"href":"https:\/\/www.europesays.com\/es\/wp-json\/wp\/v2\/tags?post=190600"}],"curies":[{"name":"wp","href":"https:\/\/api.w.org\/{rel}","templated":true}]}}