{"id":190602,"date":"2025-10-21T02:12:08","date_gmt":"2025-10-21T02:12:08","guid":{"rendered":"https:\/\/www.europesays.com\/es\/190602\/"},"modified":"2025-10-21T02:12:08","modified_gmt":"2025-10-21T02:12:08","slug":"aldama-entrega-al-supremo-un-documento-que-revela-que-pago-20-000-euros-en-b-a-abalos","status":"publish","type":"post","link":"https:\/\/www.europesays.com\/es\/190602\/","title":{"rendered":"Aldama entrega al Supremo un documento que revela que pag\u00f3 20.000 euros en &#8216;b&#8217; a \u00c1balos"},"content":{"rendered":"<p>La defensa del empresario <a href=\"https:\/\/theobjective.com\/etiqueta\/victor-de-aldama\/\" rel=\"nofollow noopener\" target=\"_blank\">V\u00edctor de Aldama<\/a> ha presentado este lunes ante el juez del Tribunal Supremo Leopoldo Puente un nuevo documento vinculado <strong>con la compra por parte del exministro de Transportes Jos\u00e9 Luis \u00c1balos de un local en Valencia<\/strong>. El texto apunta que el exministro adquiri\u00f3 en un primer momento el inmueble a la empresa Metal\u00fargica Cerrajera del Mediterr\u00e1neo por 110.000 euros, un precio que posteriormente se rebaj\u00f3 a 90.000 euros.<\/p>\n<p>Seg\u00fan ha avanzado El Espa\u00f1ol, Aldama <strong>particip\u00f3 en la confecci\u00f3n del contrato de compraventa<\/strong>, tal y como se puede apreciar en el escrito remitido al juez instructor del caso Koldo. Una secretaria del empresario elabor\u00f3 el nuevo contrato que fijaba en 90.000 euros la compra del inmueble <strong>\u00abpese a que el mismo [Aldama] no interven\u00eda formalmente en la meritada operaci\u00f3n inmobiliaria\u00bb<\/strong>, la rebaja se deb\u00eda a que posteriormente el empresario le entreg\u00f3 la diferencia, 20.000 euros, en dinero negro.<\/p>\n<p>\u00abLa raz\u00f3n de la modificaci\u00f3n del contrato no fue otra que la de adaptar el texto a la cantidad por la que se otorgar\u00eda la escritura p\u00fablica de compraventa, <strong>y no dejar constancia de los pagos realizados en efectivo al vendedor<\/strong>, siendo el precio real notoriamente superior\u00bb, se puede leer en el escrito remitido al juez del Supremo y que recoge el citado medio.<\/p>\n<p>Aldama ha enviado este documento al juez Leopoldo Puente despu\u00e9s de conocer el informe emitido por la Guardia Civil, en el que se analiza el patrimonio del ex secretario de Organizaci\u00f3n del PSOE y antiguo titular de Transportes.<\/p>\n<p>Dicho informe se\u00f1ala que \u00c1balos abon\u00f3 90.000 euros mediante dos cheques, <strong>aunque en un ordenador incautado en la vivienda de Aldama se localiz\u00f3 un contrato de compraventa<\/strong> que fijaba el valor del inmueble en 110.000 euros.<\/p>\n<p>La UCO se\u00f1alaba que \u00aben lo que respecta a la parte restante, 20.000 euros, analizadas las cuentas bancarias vinculadas a \u00c1balos <strong>no se han localizado movimientos bancarios que pudieran constituir el pago de estas arras<\/strong>, desconociendo si se habr\u00eda producido y en qu\u00e9 condiciones\u00bb.<\/p>\n<p>El abogado de Aldama ha aclarado en su escrito que \u00abcon posterioridad a la fecha consignada en el contrato privado, <strong>se modifica a la baja el precio de la compraventa<\/strong>, acomod\u00e1ndose la misma al precio de 90.000 euros\u00bb.<\/p>\n<p>Seg\u00fan la Guardia Civil, \u00c1balos manejaba cantidades importantes de dinero en efectivo y recib\u00eda, a trav\u00e9s de su asesor Koldo Garc\u00eda, <strong>entregas peri\u00f3dicas de miles de euros procedentes de V\u00edctor de Aldama<\/strong>. La defensa del empresario recalca que el pago en met\u00e1lico al exministro se hizo con ese dinero y que por ello particip\u00f3 en la operaci\u00f3n.<\/p>\n","protected":false},"excerpt":{"rendered":"La defensa del empresario V\u00edctor de Aldama ha presentado este lunes ante el juez del Tribunal Supremo Leopoldo&hellip;\n","protected":false},"author":2,"featured_media":190603,"comment_status":"","ping_status":"","sticky":false,"template":"","format":"standard","meta":{"footnotes":""},"categories":[8],"tags":[17,18,4334,25,24,13,14,11,29322,19,20,9,10,15,16,23,12,21,22,53323],"class_list":{"0":"post-190602","1":"post","2":"type-post","3":"status-publish","4":"format-standard","5":"has-post-thumbnail","7":"category-espana","8":"tag-breaking-news","9":"tag-breakingnews","10":"tag-caso-koldo","11":"tag-es","12":"tag-espana","13":"tag-featured-news","14":"tag-featurednews","15":"tag-headlines","16":"tag-josu00e9-luis-u00c1balos","17":"tag-latest-news","18":"tag-latestnews","19":"tag-news","20":"tag-noticias","21":"tag-noticias-destacadas","22":"tag-noticiasdestacadas","23":"tag-spain","24":"tag-titulares","25":"tag-ultimas-noticias","26":"tag-ultimasnoticias","27":"tag-vu00edctor-de-aldama"},"share_on_mastodon":{"url":"https:\/\/pubeurope.com\/@es\/115409737770702107","error":""},"_links":{"self":[{"href":"https:\/\/www.europesays.com\/es\/wp-json\/wp\/v2\/posts\/190602","targetHints":{"allow":["GET"]}}],"collection":[{"href":"https:\/\/www.europesays.com\/es\/wp-json\/wp\/v2\/posts"}],"about":[{"href":"https:\/\/www.europesays.com\/es\/wp-json\/wp\/v2\/types\/post"}],"author":[{"embeddable":true,"href":"https:\/\/www.europesays.com\/es\/wp-json\/wp\/v2\/users\/2"}],"replies":[{"embeddable":true,"href":"https:\/\/www.europesays.com\/es\/wp-json\/wp\/v2\/comments?post=190602"}],"version-history":[{"count":0,"href":"https:\/\/www.europesays.com\/es\/wp-json\/wp\/v2\/posts\/190602\/revisions"}],"wp:featuredmedia":[{"embeddable":true,"href":"https:\/\/www.europesays.com\/es\/wp-json\/wp\/v2\/media\/190603"}],"wp:attachment":[{"href":"https:\/\/www.europesays.com\/es\/wp-json\/wp\/v2\/media?parent=190602"}],"wp:term":[{"taxonomy":"category","embeddable":true,"href":"https:\/\/www.europesays.com\/es\/wp-json\/wp\/v2\/categories?post=190602"},{"taxonomy":"post_tag","embeddable":true,"href":"https:\/\/www.europesays.com\/es\/wp-json\/wp\/v2\/tags?post=190602"}],"curies":[{"name":"wp","href":"https:\/\/api.w.org\/{rel}","templated":true}]}}