{"id":190606,"date":"2025-10-21T02:21:11","date_gmt":"2025-10-21T02:21:11","guid":{"rendered":"https:\/\/www.europesays.com\/es\/190606\/"},"modified":"2025-10-21T02:21:11","modified_gmt":"2025-10-21T02:21:11","slug":"baloncesto-italia-muere-un-pasajero-de-un-autobus-con-aficionados-de-baloncesto-italiano-por-un-ataque-de-ultras","status":"publish","type":"post","link":"https:\/\/www.europesays.com\/es\/190606\/","title":{"rendered":"BALONCESTO ITALIA | Muere un pasajero de un autob\u00fas con aficionados de baloncesto italiano por un ataque de ultras"},"content":{"rendered":"<p class=\"ft-text\">El segundo conductor de un <strong>autob\u00fas que transportaba aficionados del Pistoia<\/strong>, equipo de <a class=\"ft-link ft-link--decoration\" href=\"https:\/\/www.informacion.es\/tags\/baloncesto\/\" rel=\"nofollow noopener\" target=\"_blank\">baloncesto <\/a>italiano tras un partido de liga A2, muri\u00f3 anoche tras el impacto de una pedrada lanzada en un ataque de los <a class=\"ft-link ft-link--decoration\" href=\"https:\/\/www.informacion.es\/tags\/ultras\/\" rel=\"nofollow noopener\" target=\"_blank\">aficionados <\/a>del equipo rival, el Sebastiani Basket de Rieti.<\/p>\n<p class=\"ft-text\">El autob\u00fas fue <strong>atacado con piedras a la entrada de<\/strong> <strong>la autopista Rieti-Terni<\/strong>, alrededor de las 20:50 y justo despu\u00e9s de que se marchase la escolta policial que les hab\u00eda acompa\u00f1ado ya que se tem\u00edan altercados.<\/p>\n<p class=\"ft-text\">Los informes iniciales sugieren que <strong>el fallecido, de 65 a\u00f1os<\/strong>, que se encontraba en el asiento al lado del conductor, <strong>recibi\u00f3 un impacto en la arteria car\u00f3tida con un objeto punzante que atraves\u00f3 el parabrisas<\/strong>.<\/p>\n<p class=\"ft-text\">El autob\u00fas llevaba <strong>cuarenta y cinco aficionados<\/strong> que estaban celebrando la victoria de su equipo en Rieti cuando al entrar en la autopista comenzaron a recibir pedradas, seg\u00fan los medios.<\/p>\n<p class=\"ft-text\">\u00abEst\u00e1bamos tranquilos, hab\u00edamos ganado, est\u00e1bamos bromeando. Entonces o\u00edmos lo que parec\u00edan explosiones, al menos un par, quiz\u00e1 m\u00e1s. Por suerte, <strong>la ventanilla del conductor resisti\u00f3 y pudo frenar r\u00e1pidamente<\/strong>. Solo ten\u00eda un corte en la cara. El otro conductor, sin embargo, no sobrevivi\u00f3\u00bb, explicaron a los medios los aficionados.<\/p>\n<p><img decoding=\"async\" src=\"https:\/\/www.europesays.com\/es\/wp-content\/uploads\/2025\/10\/2a015565-8c9a-4b94-b34e-761959e297d2_alta-libre-aspect-ratio_default_0.jpg\" width=\"1200\" height=\"800\" alt=\"Rieti (Italy), 20\/10\/2025.- Emergency services and police work at the scene near a damaged bus in Rieti, central Italy, 19 October 2025 (issued 20 October 2025). A bus driver on a bus carrying supporters of the Pistoia basketball team died after being struck by a brick during an alleged attack on a highway by followers of the Rieti Sebastiani Basket club following a second-tier clash on 19 October, ANSA reported. (Baloncesto, Italia) EFE\/EPA\/EMILIANO GRILLOTTI -- BEST QUALITY AVAILABLE -- ATTENTION EDITORS: VEHICLE PLATE PIXELATED AT SOURCE. -- BEST QUALITY AVAILABLE -- ATTENTION EDITORS: VEHICLE PLATE PIXELATED AT SOURCE\" class=\"ft-helper-img-rd\" loading=\"lazy\" hasdataaida=\"true\"\/><\/p>\n<p class=\"ft-helper-fontColor-quaternary ft-helper-fontSize-body-S ft-helper-spacer-t-xxs\">Los servicios de emergencia y la polic\u00eda trabajan en el lugar de los hechos.  \/ EMILIANO GRILLOTTI \/ EFE<\/p>\n<p class=\"ft-text\"><strong>La polic\u00eda ya hab\u00eda intervino durante el partido para evitar que la situaci\u00f3n se agravara<\/strong>, pero sin que los enfrentamientos fueran a m\u00e1s.<\/p>\n<p class=\"ft-text\">El <strong>equipo de baloncesto de Pistoia expres\u00f3 su \u00abconsternaci\u00f3n<\/strong>\u00ab, a la espera de las conclusiones de una investigaci\u00f3n mientras que el club de Rieti tambi\u00e9n expres\u00f3 \u00absus m\u00e1s sinceras condolencias y solidaridad con la familia del conductor tallecido\u00bb por \u00abun acto atroz\u00bb.<\/p>\n<p class=\"ft-text\">El ministro de Deportes italiano, Andrea Abodi, afirm\u00f3 en sus redes sociales:\u00bb\u00bfPero c\u00f3mo puedes morir as\u00ed, camino a casa despu\u00e9s de un partido de baloncesto? El ataque perpetrado esta noche cerca de Rieti por criminales que se convirtieron en asesinos y que jam\u00e1s podr\u00e1n ser considerados aficionados es impactante. El deporte es vida, y estos criminales est\u00e1n a a\u00f1os luz de los valores deportivos\u00bb.<\/p>\n","protected":false},"excerpt":{"rendered":"El segundo conductor de un autob\u00fas que transportaba aficionados del Pistoia, equipo de baloncesto italiano tras un partido&hellip;\n","protected":false},"author":2,"featured_media":190607,"comment_status":"","ping_status":"","sticky":false,"template":"","format":"standard","meta":{"footnotes":""},"categories":[269],"tags":[2984,1422,4075,299,298,168,25,24,628,2872,8938,53020,23,167,7662],"class_list":{"0":"post-190606","1":"post","2":"type-post","3":"status-publish","4":"format-standard","5":"has-post-thumbnail","7":"category-baloncesto","8":"tag-aficionados","9":"tag-ataque","10":"tag-autobus","11":"tag-baloncesto","12":"tag-basketball","13":"tag-deportes","14":"tag-es","15":"tag-espana","16":"tag-italia","17":"tag-italiano","18":"tag-muere","19":"tag-pasajero","20":"tag-spain","21":"tag-sports","22":"tag-ultras"},"share_on_mastodon":{"url":"https:\/\/pubeurope.com\/@es\/115409773156752674","error":""},"_links":{"self":[{"href":"https:\/\/www.europesays.com\/es\/wp-json\/wp\/v2\/posts\/190606","targetHints":{"allow":["GET"]}}],"collection":[{"href":"https:\/\/www.europesays.com\/es\/wp-json\/wp\/v2\/posts"}],"about":[{"href":"https:\/\/www.europesays.com\/es\/wp-json\/wp\/v2\/types\/post"}],"author":[{"embeddable":true,"href":"https:\/\/www.europesays.com\/es\/wp-json\/wp\/v2\/users\/2"}],"replies":[{"embeddable":true,"href":"https:\/\/www.europesays.com\/es\/wp-json\/wp\/v2\/comments?post=190606"}],"version-history":[{"count":0,"href":"https:\/\/www.europesays.com\/es\/wp-json\/wp\/v2\/posts\/190606\/revisions"}],"wp:featuredmedia":[{"embeddable":true,"href":"https:\/\/www.europesays.com\/es\/wp-json\/wp\/v2\/media\/190607"}],"wp:attachment":[{"href":"https:\/\/www.europesays.com\/es\/wp-json\/wp\/v2\/media?parent=190606"}],"wp:term":[{"taxonomy":"category","embeddable":true,"href":"https:\/\/www.europesays.com\/es\/wp-json\/wp\/v2\/categories?post=190606"},{"taxonomy":"post_tag","embeddable":true,"href":"https:\/\/www.europesays.com\/es\/wp-json\/wp\/v2\/tags?post=190606"}],"curies":[{"name":"wp","href":"https:\/\/api.w.org\/{rel}","templated":true}]}}