{"id":190608,"date":"2025-10-21T02:22:10","date_gmt":"2025-10-21T02:22:10","guid":{"rendered":"https:\/\/www.europesays.com\/es\/190608\/"},"modified":"2025-10-21T02:22:10","modified_gmt":"2025-10-21T02:22:10","slug":"el-betis-es-candidato-a-ganar-la-europa-league","status":"publish","type":"post","link":"https:\/\/www.europesays.com\/es\/190608\/","title":{"rendered":"\u00abEl Betis es candidato a ganar la Europa League\u00bb"},"content":{"rendered":"<p style=\"\"><strong>Mujaid Sadick<\/strong>, central espa\u00f1ol del <strong>KRC Genk<\/strong>, ha atendido al programa Libre y Directo de Radio Sevilla en la previa del encuentro que enfrentar\u00e1 este jueves (18.45 horas) a su equipo contra el <strong>Real Betis<\/strong>. El defensa logro\u00f1\u00e9s ha valorado el  &#8230; momento actual de su club, a la vez que se ha deshecho en elogios hacia el conjunto de <strong>Manuel Pellegrini<\/strong>.<\/p>\n<p class=\"voc-p\" style=\"\">\u00abEstoy contento de que juguemos en casa, pero todos sabemos que <strong>el Betis es un gran equipo<\/strong>, como lo est\u00e1 demostrando, con grandes jugadores\u00bb, ha manifestado el futbolista del <strong>Genk<\/strong>.<\/p>\n<p class=\"voc-p\" style=\"\">Cuestionado acerca de c\u00f3mo definir\u00eda al equipo belga, <strong>Sadick<\/strong> ha respondido lo siguiente: \u00abSomos una plantilla joven, pero pienso que tenemos mucha calidad y que tenemos buena compenetraci\u00f3n\u00bb. En el \u00faltimo encuentro disputado este pasado fin de semana, <a href=\"https:\/\/www.abc.es\/deportes\/alfinaldelapalmera\/noticias-betis\/genk-empata-ante-circulo-brujas-recibir-betis-20251019175900-nts.html\" target=\"_self\" data-voc-vtm-id=\"in-text-traffic\" title=\"el KRC Genk no pas\u00f3 del empate frente al C\u00edrculo de Brujas (2-2)\" data-mrf-link=\"www.abc.es\" rel=\"nofollow noopener\">el KRC Genk no pas\u00f3 del empate frente al C\u00edrculo de Brujas (2-2)<\/a>.<\/p>\n<p class=\"voc-p\" style=\"\">El defensa central tambi\u00e9n ha querido dejar claro que los verdiblancos son uno de los favoritos para luchar por la segunda competici\u00f3n continental del f\u00fatbol europeo: \u00abNuestro objetivo es pon\u00e9rselo lo m\u00e1s dif\u00edcil posible el jueves y llevarnos los tres puntos. Yo los veo ah\u00ed arriba. El a\u00f1o pasado jugaron la final de la Conference League. <strong>Yo los veo candidatos a ganar la Europa League porque tienen una gran plantilla<\/strong>\u00bb.<\/p>\n<p class=\"voc-p\" style=\"\">Por \u00faltimo, preguntado por cu\u00e1les son los futbolistas del equipo heliopolitano que m\u00e1s le agradan, <strong>Mujaid Sadick<\/strong> ha mencionado a tres de ellos: \u00abMe gustan mucho <a href=\"https:\/\/www.abc.es\/deportes\/alfinaldelapalmera\/noticias-betis\/antony-queja-lanzamiento-botella-ceramica-dio-puede-20251020135833-nts.html\" target=\"_self\" data-voc-vtm-id=\"in-text-traffic\" title=\"Antony\" data-mrf-link=\"www.abc.es\" rel=\"nofollow noopener\">Antony<\/a>, <strong>Cucho<\/strong> y <a href=\"https:\/\/www.abc.es\/deportes\/alfinaldelapalmera\/noticias-betis\/fornals-reino-villarreal-20251019202531-nts.html\" target=\"_self\" data-voc-vtm-id=\"in-text-traffic\" title=\"Fornals\" data-mrf-link=\"www.abc.es\" rel=\"nofollow noopener\">Fornals<\/a>. Tienen grandes jugadores\u00bb, concluy\u00f3 el exjugador del Deportivo de La Coru\u00f1a.<\/p>\n","protected":false},"excerpt":{"rendered":"Mujaid Sadick, central espa\u00f1ol del KRC Genk, ha atendido al programa Libre y Directo de Radio Sevilla en&hellip;\n","protected":false},"author":2,"featured_media":190609,"comment_status":"","ping_status":"","sticky":false,"template":"","format":"standard","meta":{"footnotes":""},"categories":[268],"tags":[291,20084,168,25,24,700,280,282,2000,53326,378,1211,53324,53325,281,23,167],"class_list":{"0":"post-190608","1":"post","2":"type-post","3":"status-publish","4":"format-standard","5":"has-post-thumbnail","7":"category-futbol","8":"tag-betis","9":"tag-candidato","10":"tag-deportes","11":"tag-es","12":"tag-espana","13":"tag-europa","14":"tag-football","15":"tag-futbol","16":"tag-ganar","17":"tag-genk","18":"tag-jugador","19":"tag-league","20":"tag-mujaid","21":"tag-sadick","22":"tag-soccer","23":"tag-spain","24":"tag-sports"},"share_on_mastodon":{"url":"https:\/\/pubeurope.com\/@es\/115409777136130316","error":""},"_links":{"self":[{"href":"https:\/\/www.europesays.com\/es\/wp-json\/wp\/v2\/posts\/190608","targetHints":{"allow":["GET"]}}],"collection":[{"href":"https:\/\/www.europesays.com\/es\/wp-json\/wp\/v2\/posts"}],"about":[{"href":"https:\/\/www.europesays.com\/es\/wp-json\/wp\/v2\/types\/post"}],"author":[{"embeddable":true,"href":"https:\/\/www.europesays.com\/es\/wp-json\/wp\/v2\/users\/2"}],"replies":[{"embeddable":true,"href":"https:\/\/www.europesays.com\/es\/wp-json\/wp\/v2\/comments?post=190608"}],"version-history":[{"count":0,"href":"https:\/\/www.europesays.com\/es\/wp-json\/wp\/v2\/posts\/190608\/revisions"}],"wp:featuredmedia":[{"embeddable":true,"href":"https:\/\/www.europesays.com\/es\/wp-json\/wp\/v2\/media\/190609"}],"wp:attachment":[{"href":"https:\/\/www.europesays.com\/es\/wp-json\/wp\/v2\/media?parent=190608"}],"wp:term":[{"taxonomy":"category","embeddable":true,"href":"https:\/\/www.europesays.com\/es\/wp-json\/wp\/v2\/categories?post=190608"},{"taxonomy":"post_tag","embeddable":true,"href":"https:\/\/www.europesays.com\/es\/wp-json\/wp\/v2\/tags?post=190608"}],"curies":[{"name":"wp","href":"https:\/\/api.w.org\/{rel}","templated":true}]}}