{"id":190614,"date":"2025-10-21T02:25:26","date_gmt":"2025-10-21T02:25:26","guid":{"rendered":"https:\/\/www.europesays.com\/es\/190614\/"},"modified":"2025-10-21T02:25:26","modified_gmt":"2025-10-21T02:25:26","slug":"alertan-sobre-9-000-casos-de-censura-de-libros-lgbtq-y-raciales-en-estados-unidos","status":"publish","type":"post","link":"https:\/\/www.europesays.com\/es\/190614\/","title":{"rendered":"Alertan sobre 9.000 casos de censura de libros LGBTQ y raciales en Estados Unidos"},"content":{"rendered":"<p><img alt=\"Libros de autores como Gabriel Garc\u00eda M\u00e1rquez e Isabel Allende fueron censurados en Estados Unidos.\" class=\"ImageArticle-Image\" src=\"https:\/\/www.europesays.com\/es\/wp-content\/uploads\/2025\/10\/DT5P33O4UVHWBIIELS5OEABJBA.jpg\" width=\"1920\" height=\"1281\" loading=\"eager\" decoding=\"async\" fetchpriority=\"high\"\/><\/p>\n<p>Libros de autores como Gabriel Garc\u00eda M\u00e1rquez e Isabel Allende fueron censurados en Estados Unidos.<\/p>\n<p>Foto: EFE &#8211; JIM LO SCALZO \/ POOL<\/p>\n<p>Resume e inf\u00f3rmame r\u00e1pido<\/p>\n<p>Escucha este art\u00edculo<\/p>\n<p class=\"AudioPlayer-Description\">Audio generado con IA de Google<\/p>\n<p class=\"font--secondary\">En Estados Unidos se ha registrado en los \u00faltimos a\u00f1os un fuerte aumento de la prohibici\u00f3n de libros considerados excesivamente progresistas en escuelas y bibliotecas p\u00fablicas, impulsada por grupos conservadores de derecha.<\/p>\n<p class=\"font--secondary\">Seg\u00fan los datos de la Asociaci\u00f3n Estadounidense de Bibliotecas, en 2020 apenas hubo 300 t\u00edtulos que fueron objeto de impugnaciones en todo el pa\u00eds. Para 2023, la cifra superaba los 9.000, advirti\u00f3 esta entidad que rastrea estos casos desde 1990.<\/p>\n<p>\u201cOdio manifest\u00e1ndose en la cultura\u201d<\/p>\n<p class=\"font--secondary\">\u201cEs una misi\u00f3n ideol\u00f3gica de personas de derecha\u201d, dijo Jon Yaged, director ejecutivo de Macmillan Publishers, algunos de cuyos t\u00edtulos han sido impugnados en Estados Unidos.<\/p>\n<p class=\"font--secondary\">\u201cEsta es solo la instancia m\u00e1s reciente del odio manifest\u00e1ndose en la cultura\u201d, opin\u00f3 Yaged en la feria de Fr\u00e1ncfort, la m\u00e1s grande del mundo, donde el tema fue debatido intensamente.<\/p>\n<p class=\"font--secondary\">La asociaci\u00f3n global de escritores PEN International dice que hay una tendencia global en este sentido y report\u00f3 un \u201caumento dram\u00e1tico en las prohibiciones de libros y la censura\u201d en tiempos recientes, desde Afganist\u00e1n hasta Rusia.<\/p>\n<p class=\"font--secondary\">En Estados Unidos, los grupos conservadores que impulsan la eliminaci\u00f3n de ciertos libros rechazan las acusaciones de censura y argumentan que pretenden limitar el acceso a material inapropiado.<\/p>\n<p>Impulso educativo conservador<\/p>\n<p class=\"font--secondary\">Los conservadores estadounidenses llevan a\u00f1os luchando contra lo que consideran una agenda progresista en la educaci\u00f3n, y cuentan ahora con el apoyo de la administraci\u00f3n del presidente Donald Trump.<\/p>\n<p class=\"font--secondary\">Seg\u00fan la ALA, las razones m\u00e1s comunes para impugnar libros en 2024 fueron acusaciones sobre obscenidad en libros para menores, personajes o temas LGBTQ y discusi\u00f3n de temas sensibles, como los raciales.<\/p>\n<p class=\"font--secondary\">Entre los t\u00edtulos m\u00e1s atacados se encuentran \u201cNo todos los chicos son azules\u201d, una colecci\u00f3n de ensayos sobre las experiencias del autor George M. Johnson, que creci\u00f3 como un hombre gay afroamericano en Estados Unidos.<\/p>\n<p class=\"font--secondary\">Otros incluyen \u201cOjos azules\u201d, de Toni Morrison, que presenta descripciones de abuso sexual y temas raciales, y \u201cLas ventajas de ser invisible\u201d, una novela de Stephen Chbosky que incluye consumo de drogas y sexo entre adolescentes.<\/p>\n<p class=\"font--secondary\">Activistas conservadores y pol\u00edticos locales, particularmente en estados liderados por republicanos, son a menudo quienes presionan a las juntas escolares para prohibir libros, pero los esfuerzos est\u00e1n adoptando formas cada vez m\u00e1s diversas, seg\u00fan la rama estadounidense de PEN.<\/p>\n<p class=\"font--secondary\">Por ejemplo, legislaturas en algunos estados han aprobado leyes que buscan restringir el acceso a ciertos t\u00edtulos, algunos pol\u00edticos han emitido listas de libros que contienen material \u201cexpl\u00edcito\u201d y varios distritos escolares han emitido listas recomendando \u201cno comprar\u201d ciertas obras, seg\u00fan el grupo.<\/p>\n<p>Florida, el epicentro<\/p>\n<p class=\"font--secondary\">Seg\u00fan PEN, el estado donde m\u00e1s restricciones a libros escolares se documentaron el a\u00f1o pasado fue Florida. Su gobernador, el republicano Ron DeSantis, impulsa pol\u00edticas educativas conservadoras que incluyen la prohibici\u00f3n de discutir sobre sexualidad e identidad de g\u00e9nero en el aula.<\/p>\n<p class=\"font--secondary\">Quienes hacen campa\u00f1a para limitar el acceso t\u00edpicamente argumentan que buscan proteger a los j\u00f3venes.<\/p>\n<p class=\"font--secondary\">El grupo conservador Moms for Liberty (Madres por la libertad) dijo recientemente que \u201cimpugnar la colocaci\u00f3n de materiales obscenos en bibliotecas escolares no es censura ni prohibici\u00f3n\u201d.<\/p>\n<p class=\"font--secondary\">Solo busca \u201cevitar que los ni\u00f1os est\u00e9n expuestos a materiales inapropiados para su edad\u201d, aleg\u00f3 en un comunicado.<\/p>\n<p class=\"font--secondary\">Editoriales como Macmillan, Penguin Random House y HarperCollins o autores y grupos de defensa de la libertad de expresi\u00f3n han presentado acciones legales contra las restricciones, con alg\u00fan \u00e9xito.<\/p>\n<p class=\"font--secondary\">En algunos distritos escolares, miembros de la comunidad, desde padres hasta autores y estudiantes, tambi\u00e9n han luchado contra las prohibiciones de libros.<\/p>\n<p class=\"font--secondary\">Los autores perciben un clima cada vez m\u00e1s adverso para las obras que representan a grupos minoritarios, incluso m\u00e1s all\u00e1 de Estados Unidos.<\/p>\n<p class=\"font--secondary\">\u201cEst\u00e1 empeorando a nivel global\u201d, dijo el autor estadounidense-espa\u00f1ol Lawrence Schimel, cuyos libros, que presentan ni\u00f1os con padres del mismo sexo, han tenido problemas en Rusia y Hungr\u00eda en los \u00faltimos a\u00f1os.<\/p>\n<p class=\"font--secondary\">A pesar de los desaf\u00edos crecientes, Yaged, de Macmillan Publishers se mostr\u00f3 decidido. \u201cMientras haya libros, habr\u00e1 personas tratando de prohibir libros\u201d, dijo. \u201cY no han ganado mientras sigamos luchando\u201d.<\/p>\n","protected":false},"excerpt":{"rendered":"Libros de autores como Gabriel Garc\u00eda M\u00e1rquez e Isabel Allende fueron censurados en Estados Unidos. Foto: EFE &#8211;&hellip;\n","protected":false},"author":2,"featured_media":190615,"comment_status":"","ping_status":"","sticky":false,"template":"","format":"standard","meta":{"footnotes":""},"categories":[172],"tags":[224,146,147,25,24,225,4687,23],"class_list":{"0":"post-190614","1":"post","2":"type-post","3":"status-publish","4":"format-standard","5":"has-post-thumbnail","7":"category-libros","8":"tag-books","9":"tag-entertainment","10":"tag-entretenimiento","11":"tag-es","12":"tag-espana","13":"tag-libros","14":"tag-noticias-hoy","15":"tag-spain"},"share_on_mastodon":{"url":"https:\/\/pubeurope.com\/@es\/115409789072322330","error":""},"_links":{"self":[{"href":"https:\/\/www.europesays.com\/es\/wp-json\/wp\/v2\/posts\/190614","targetHints":{"allow":["GET"]}}],"collection":[{"href":"https:\/\/www.europesays.com\/es\/wp-json\/wp\/v2\/posts"}],"about":[{"href":"https:\/\/www.europesays.com\/es\/wp-json\/wp\/v2\/types\/post"}],"author":[{"embeddable":true,"href":"https:\/\/www.europesays.com\/es\/wp-json\/wp\/v2\/users\/2"}],"replies":[{"embeddable":true,"href":"https:\/\/www.europesays.com\/es\/wp-json\/wp\/v2\/comments?post=190614"}],"version-history":[{"count":0,"href":"https:\/\/www.europesays.com\/es\/wp-json\/wp\/v2\/posts\/190614\/revisions"}],"wp:featuredmedia":[{"embeddable":true,"href":"https:\/\/www.europesays.com\/es\/wp-json\/wp\/v2\/media\/190615"}],"wp:attachment":[{"href":"https:\/\/www.europesays.com\/es\/wp-json\/wp\/v2\/media?parent=190614"}],"wp:term":[{"taxonomy":"category","embeddable":true,"href":"https:\/\/www.europesays.com\/es\/wp-json\/wp\/v2\/categories?post=190614"},{"taxonomy":"post_tag","embeddable":true,"href":"https:\/\/www.europesays.com\/es\/wp-json\/wp\/v2\/tags?post=190614"}],"curies":[{"name":"wp","href":"https:\/\/api.w.org\/{rel}","templated":true}]}}