{"id":190660,"date":"2025-10-21T02:58:14","date_gmt":"2025-10-21T02:58:14","guid":{"rendered":"https:\/\/www.europesays.com\/es\/190660\/"},"modified":"2025-10-21T02:58:14","modified_gmt":"2025-10-21T02:58:14","slug":"el-pp-apoya-en-valencia-hacer-estadisticas-sobre-el-uso-de-la-sanidad-de-los-migrantes-como-pedia-vox-noticias-de-la-comunidad-valenciana","status":"publish","type":"post","link":"https:\/\/www.europesays.com\/es\/190660\/","title":{"rendered":"El PP apoya en Valencia hacer estad\u00edsticas sobre el uso de la sanidad de los migrantes como ped\u00eda Vox | Noticias de la Comunidad Valenciana"},"content":{"rendered":"<p class=\"\">El Partido Popular ha dado este lunes su apoyo en Les Corts Valencianes a una resoluci\u00f3n de Vox que pide a la Generalitat, presidida por <a href=\"https:\/\/elpais.com\/noticias\/carlos-mazon-guixot\/\" target=\"_self\" rel=\"nofollow noopener\" title=\"https:\/\/elpais.com\/noticias\/carlos-mazon-guixot\/\">Carlos Maz\u00f3n,<\/a> que incorpore varias estad\u00edsticas para comparar el uso que hacen de \u201cdonaciones de sangre\u201d o las \u201cemergencias sanitarias\u201d la \u201cpoblcaci\u00f3n nacional\u201d y los migrantes. Dentro del Plan Valenciano de Estad\u00edstica 2025-2028, adem\u00e1s, los dos partidos reclaman al Consell tambi\u00e9n que se mida \u201cel absentismo laboral\u201d de la poblaci\u00f3n extranjera.<\/p>\n<p class=\"\">Ambas formaciones han impuesto su mayor\u00eda absoluta al sumar sus votos en la comisi\u00f3n de Econom\u00eda, Presupuestos y Hacienda del parlamento valenciano. Con este respaldo, el PP profundiza <a href=\"https:\/\/elpais.com\/espana\/2025-09-16\/el-pp-vota-con-vox-en-el-congreso-a-favor-de-restringir-la-regularizacion-de-inmigrantes-ilegales-a-traves-del-arraigo.html\" target=\"_self\" rel=\"nofollow noopener\" title=\"https:\/\/elpais.com\/espana\/2025-09-16\/el-pp-vota-con-vox-en-el-congreso-a-favor-de-restringir-la-regularizacion-de-inmigrantes-ilegales-a-traves-del-arraigo.html\">en la l\u00ednea de actuaci\u00f3n, <\/a>marcada por el presidente del partido, Alberto N\u00fa\u00f1ez Feij\u00f3o, <a href=\"https:\/\/elpais.com\/espana\/2025-10-07\/el-pp-facilita-que-el-tribunal-de-cuentas-fiscalice-el-coste-de-la-inmigracion-ilegal-a-peticion-de-vox.html\" target=\"_self\" rel=\"nofollow noopener\" title=\"https:\/\/elpais.com\/espana\/2025-10-07\/el-pp-facilita-que-el-tribunal-de-cuentas-fiscalice-el-coste-de-la-inmigracion-ilegal-a-peticion-de-vox.html\">para no ceder terreno a la extrema derecha con el discurso sobre la migraci\u00f3n<\/a>.<\/p>\n<p class=\"\">La resoluci\u00f3n aprobada este lunes incluye varias propuestas para elaborar estad\u00edsicas sobre migraciones, sin distinguir si esta es irregular o no. En concreto, el documento aprobado por PP y Vox pide \u201cestad\u00edsticas diferenciadoras\u201d entre \u201cla contribuci\u00f3n neta al Estado del bienestar por parte de la poblaci\u00f3n nacional y la poblaci\u00f3n migrante\u201d, datos sobre \u201cla recepci\u00f3n de ayudas por parte de la poblaci\u00f3n nacional y la poblaci\u00f3n migrante\u201d y estudiar las variables sobre el \u201cuso de servicios de urgencias sanitarias por parte de la poblaci\u00f3n nacional y la poblaci\u00f3n migrante\u201d, as\u00ed como sobre \u201cla cantidad de donantes de sangre existentes\u201d entre \u201cla poblaci\u00f3n sanitaria\u201d y \u201cla poblaci\u00f3n migrante\u201d. Adem\u00e1s, ambos partidos tambi\u00e9n han pactado que se elaboren estad\u00edsticas \u201csobre el absentismo laboral en la empresa privada y la Administraci\u00f3n p\u00fablica, diferenciando hombres y mujeres, edad, y poblaci\u00f3n migrante y nacional\u201d.<\/p>\n<p class=\"\">La resoluci\u00f3n de Vox propone que \u201cLes Corts Valencianes\u201d aprueben \u201cel Plan Valenciano de Estad\u00edstica 2025-2028 instando al Consell a que, en la medida de las posibilidades t\u00e9cnicas y materiales\u201d, incorporen las estad\u00edsticas se\u00f1aladas. <\/p>\n<p><img decoding=\"auto\" class=\"_re lazyload a_m-h\" height=\"277\"  width=\"414\"  src=\"https:\/\/www.europesays.com\/es\/wp-content\/uploads\/2025\/10\/SF7LNAPEQJEKTG62AM42QIOGSM.jpg\" loading=\"lazy\"\/>Jos\u00e9 Mu\u00f1oz durante la sesi\u00f3n de control al gobierno sobre el aniversario de la dana. M\u00f2nica Torres<\/p>\n<p class=\"\">El PP y Vox han votado a favor de la resoluci\u00f3n, mientras que el PSPV-PSOE y Comprom\u00eds, en contra. Previamente, el PP hab\u00eda sacado adelante su propuesta del Plan de Estad\u00edsticas con el apoyo de la extrema derecha y la abstenci\u00f3n de las formaciones de la oposici\u00f3n. <\/p>\n<p class=\"\">El PP ya asumi\u00f3 la reclamaci\u00f3n de Vox de fiscalizar los gastos de la inmigraci\u00f3n ilegal el pasado 7 de octubre. La Comisi\u00f3n Mixta del Tribunal de Cuentas, integrada por diputados y senadores, debati\u00f3 entonces la propuesta de la formaci\u00f3n ultra que solicitaba al \u00f3rgano fiscalizador del sector p\u00fablico que \u201celabore un informe\u201d sobre \u201clos gastos realizados por la Administraci\u00f3n General del Estado, las comunidades aut\u00f3nomas y las entidades locales en materia de inmigraci\u00f3n ilegal\u201d. La petici\u00f3n fue aprobada por 20 s\u00edes \u2014de Vox y PP\u2014 frente a los 15 noes del resto. <\/p>\n<p class=\"\">Adem\u00e1s, los dos socios parlamentarios de la derecha han registrado una petici\u00f3n en Les Corts para la modificaci\u00f3n del Reglamento de la C\u00e1mara con el fin de eliminar la comisi\u00f3n LGTB y que se integre en una nueva que se denominar\u00e1 de Familia, Pol\u00edtica Social e Igualdad, entre otras cuestiones. El PP y Vox proponen en este sentido, seg\u00fan ha adelantado Radio Valencia Cadena SER, eliminar las comisiones de asuntos europeos, de derechos humanos y de participaci\u00f3n ciudadana, adem\u00e1s de suprimir el lenguaje inclusivo para utilizar \u00fanicamente el recomendado por la RAE.<\/p>\n<p class=\"\">A prop\u00f3sito de la resoluci\u00f3n y de la petici\u00f3n de cambio del reglamento de Les Corts, el portavoz parlamentario de los socialistas, Jos\u00e9 Mu\u00f1oz, ha afirmado: \u201cMaz\u00f3n est\u00e1 utilizando la Generalitat Valenciana para se\u00f1alar a las personas por su origen o procedencia, personas que vienen a nuestro pa\u00eds para construir su proyecto de vida\u201d. \u201cEst\u00e1 totalmente rendido ante la extrema derecha\u201d, ha denunciado. Y ha agregado: \u201cHoy es un mal d\u00eda para la Comunitat Valenciana: tenemos a un president que hace bandera del racismo criminaliz\u00e1ndolo y que ataca de manera deliberada y frontal al colectivo LGTBIQ+\u201c.<\/p>\n<p class=\"\">Por su parte, Aitana Mas, diputada de Comprom\u00eds, afirma: \u201cEl PP vuelve a comprar el discurso m\u00e1s retr\u00f3gado y xen\u00f3fobo de Vox en una disputa por ver qui\u00e9n es capaz de generar m\u00e1s odio pisoteando los derechos humanos sin contemplaci\u00f3n. Y lo hacen con premisas basadas en mentiras y en suposiciones injustas que nada tienen que ver con la realidad. Otra cesi\u00f3n m\u00e1s del PP con tal de mantener a Maz\u00f3n en el sill\u00f3n de president de la Generalitat\u201d.<\/p>\n","protected":false},"excerpt":{"rendered":"El Partido Popular ha dado este lunes su apoyo en Les Corts Valencianes a una resoluci\u00f3n de Vox&hellip;\n","protected":false},"author":2,"featured_media":190661,"comment_status":"","ping_status":"","sticky":false,"template":"","format":"standard","meta":{"footnotes":""},"categories":[8],"tags":[17,18,2007,20599,242,1681,25,24,13,14,238,11,4274,19,20,23889,890,9,10,15,16,37852,3941,23,12,21,22,624],"class_list":{"0":"post-190660","1":"post","2":"type-post","3":"status-publish","4":"format-standard","5":"has-post-thumbnail","7":"category-espana","8":"tag-breaking-news","9":"tag-breakingnews","10":"tag-carlos-mazon","11":"tag-comunidad-lgtbiq","12":"tag-comunidad-valenciana","13":"tag-dana","14":"tag-es","15":"tag-espana","16":"tag-featured-news","17":"tag-featurednews","18":"tag-generalitat-valenciana","19":"tag-headlines","20":"tag-inundaciones-dana-octubre-2024","21":"tag-latest-news","22":"tag-latestnews","23":"tag-lgtbifobia","24":"tag-migrantes","25":"tag-news","26":"tag-noticias","27":"tag-noticias-destacadas","28":"tag-noticiasdestacadas","29":"tag-ppcv","30":"tag-racismo","31":"tag-spain","32":"tag-titulares","33":"tag-ultimas-noticias","34":"tag-ultimasnoticias","35":"tag-vox"},"share_on_mastodon":{"url":"","error":"Validation failed: Text character limit of 500 exceeded"},"_links":{"self":[{"href":"https:\/\/www.europesays.com\/es\/wp-json\/wp\/v2\/posts\/190660","targetHints":{"allow":["GET"]}}],"collection":[{"href":"https:\/\/www.europesays.com\/es\/wp-json\/wp\/v2\/posts"}],"about":[{"href":"https:\/\/www.europesays.com\/es\/wp-json\/wp\/v2\/types\/post"}],"author":[{"embeddable":true,"href":"https:\/\/www.europesays.com\/es\/wp-json\/wp\/v2\/users\/2"}],"replies":[{"embeddable":true,"href":"https:\/\/www.europesays.com\/es\/wp-json\/wp\/v2\/comments?post=190660"}],"version-history":[{"count":0,"href":"https:\/\/www.europesays.com\/es\/wp-json\/wp\/v2\/posts\/190660\/revisions"}],"wp:featuredmedia":[{"embeddable":true,"href":"https:\/\/www.europesays.com\/es\/wp-json\/wp\/v2\/media\/190661"}],"wp:attachment":[{"href":"https:\/\/www.europesays.com\/es\/wp-json\/wp\/v2\/media?parent=190660"}],"wp:term":[{"taxonomy":"category","embeddable":true,"href":"https:\/\/www.europesays.com\/es\/wp-json\/wp\/v2\/categories?post=190660"},{"taxonomy":"post_tag","embeddable":true,"href":"https:\/\/www.europesays.com\/es\/wp-json\/wp\/v2\/tags?post=190660"}],"curies":[{"name":"wp","href":"https:\/\/api.w.org\/{rel}","templated":true}]}}