{"id":190662,"date":"2025-10-21T02:59:29","date_gmt":"2025-10-21T02:59:29","guid":{"rendered":"https:\/\/www.europesays.com\/es\/190662\/"},"modified":"2025-10-21T02:59:29","modified_gmt":"2025-10-21T02:59:29","slug":"la-fiscalia-de-sevilla-espera-el-atestado-policial-para-identificar-las-acciones-de-acoso-a-sandra-y-sus-protagonistas","status":"publish","type":"post","link":"https:\/\/www.europesays.com\/es\/190662\/","title":{"rendered":"La Fiscal\u00eda de Sevilla espera el atestado policial para identificar las acciones de acoso a Sandra y sus protagonistas"},"content":{"rendered":"<p style=\"\">La semana pasada la<strong> Consejer\u00eda de Desarrollo Educativo <\/strong>anunciaba que llevar\u00eda a la <strong>Fiscal\u00eda<\/strong> toda la documentaci\u00f3n que obraba en su poder sobre el presunto <strong>caso de bullying<\/strong> contra <strong>Sandra<\/strong>, la chica de 14 a\u00f1os que muri\u00f3 tras tirarse desde la  &#8230; azotea del bloque de pisos donde viv\u00eda en la calle Rafael Laff\u00f3n. Era la informaci\u00f3n recopilada por la Inspecci\u00f3n Educativa la ma\u00f1ana del pasado mi\u00e9rcoles, horas despu\u00e9s del tr\u00e1gico suceso, en el centro concertado Irlandesas de Loreto, donde estudiaba estaba adolescente, y al que sus padres trasladaron el curso pasado los presuntos episodios de acoso escolar que padec\u00eda su hija. Pues bien, la Fiscal\u00eda, tras estudiar todo el material entregado por la Junta de Andaluc\u00eda, ha acordado la apertura de<strong> dos expedientes de investigaci\u00f3n<\/strong>. <\/p>\n<p class=\"voc-p\" style=\"\">De un lado, se abrir\u00e1 un expediente de reforma juvenil en el que ser\u00e1 relevante el <strong>atestado<\/strong> que est\u00e1 elaborando la <strong>Polic\u00eda Nacional<\/strong> sobre los hechos. Se espera que en dicho informe se identifique las presuntas acciones de acoso sobre Sandra, as\u00ed como las personas protagonistas de las mismas. <\/p>\n<p class=\"voc-p\" style=\"\">Tambi\u00e9n determinar\u00e1 la edad de \u00e9stas, lo que es clave en este asunto, pues de tratarse de estudiantes de menos de 14 a\u00f1os son <strong>inimputables<\/strong>. En base a este informe, la Fiscal\u00eda abrir\u00e1 dicho expediente e iniciar\u00e1 una investigaci\u00f3n penal de todos los hechos y de sus implicados. <\/p>\n<p class=\"voc-p\" style=\"\">De otro lado, como han explicado a este peri\u00f3dico desde la Fiscal\u00eda de Sevilla, ya se ha abierto un expediente de protecci\u00f3n, en el que el representante del <strong>Ministerio P\u00fablico<\/strong> encargado del caso supervisar\u00e1 la actuaci\u00f3n de todas las entidades y administraciones en este asunto. Es decir, se evaluar\u00e1 la actuaci\u00f3n de los responsables del colegio concertado de las <strong>Irlandesas de Loreto<\/strong>. <\/p>\n<p class=\"voc-p\" style=\"\">No obstante, se precisa desde el Ministerio Fiscal que, a priori, esta investigaci\u00f3n<strong> no ir\u00e1 encaminada a exigir una responsabilidad penal<\/strong>, sino s\u00f3lo a evaluar las actuaciones del colegio en presunto caso de acoso escolar contra Sandra, como traslad\u00f3 al centro su familia en el segundo trimestre del curso pasado. Fuentes judiciales han explicado a este peri\u00f3dico que las actuaciones imputables a los responsables del colegio tendr\u00edan dif\u00edcil encaje penal.<\/p>\n<p class=\"voc-p\" style=\"\">En este sentido, la<strong> Fiscal\u00eda<\/strong> har\u00e1 uso de sus funciones especiales de vigilancia en materia de menores para realizar una an\u00e1lisis en profundidad de todo lo concerniente a este caso, desde la Administraci\u00f3n auton\u00f3mica hasta el propio colegio. <\/p>\n<p>\nLa familia a\u00fan no ha denunciado\n<\/p>\n<p class=\"voc-p\" style=\"\">Mientras, en la familia de Sandra siguen estudiando las opciones a afrontar para intentar reclamar justicia con lo vivido con la v\u00edctima. Si bien <strong>a\u00fan no han denunciado al colegio<\/strong>, como afirm\u00f3 el portavoz de la familia el pasado viernes ante los medios, siguen asesor\u00e1ndose legalmente antes de tomar la decisi\u00f3n y <strong>una vez elijan los abogados<\/strong> que les representar\u00e1n en esta probable denuncia.<\/p>\n<p class=\"voc-p\" style=\"\">La decisi\u00f3n de la Fiscal\u00eda se conoce el mismo d\u00eda en el que la Consejer\u00eda de Desarrollo Educativo ha explicado que el colegio Irlandesas Loreto de Sevilla <strong>podr\u00eda  perder el concierto educativo<\/strong> \u00absi el expediente administrativo (abierto por la propia Junta de Andaluc\u00eda) concluyera que ha existido un incumplimiento muy grave\u00bb del mismo.<\/p>\n<p class=\"voc-p\" style=\"\">Seg\u00fan pudo confirmar este peri\u00f3dico,<strong> primero debe actuar la Fiscal\u00eda<\/strong>, que debe calificar los hechos y adoptar las medidas oportunas respecto a lo vivido en el caso de Sandra; mientras que desde la Junta de Andaluc\u00eda se le ha requerido al centro educativo las Irlandesas de Loreto que <strong>depure responsabilidades<\/strong> a la vista del informe obtenido por Inspecci\u00f3n Educativa a finales de la pasada semana. <\/p>\n<p class=\"voc-p\" style=\"\">Tras la instrucci\u00f3n del <strong>expediente administrativo<\/strong> iniciado por la Junta de Andaluc\u00eda se sacar\u00e1n unas conclusiones que tendr\u00e1n en cuenta las actuaciones de la Fiscal\u00eda y del centro en cuanto a depuraci\u00f3n de responsabilidades. Si este expediente concluye que se ha producido un incumplimiento muy grave del concierto, una de las posibilidades es que se plantee <strong>la retirada de dicho concierto<\/strong> al centro. Sea como fuere, para llegar a ese punto definitivo se convocar\u00eda una comisi\u00f3n que analice pormenorizadamente todo la informaci\u00f3n recabada sobre el caso.<\/p>\n","protected":false},"excerpt":{"rendered":"La semana pasada la Consejer\u00eda de Desarrollo Educativo anunciaba que llevar\u00eda a la Fiscal\u00eda toda la documentaci\u00f3n que&hellip;\n","protected":false},"author":2,"featured_media":190663,"comment_status":"","ping_status":"","sticky":false,"template":"","format":"standard","meta":{"footnotes":""},"categories":[5],"tags":[112,19530,15117,17,18,25,24,4351,13,14,4767,11,8633,19,20,9,10,15,16,15118,6874,7279,1171,23,12,21,22],"class_list":{"0":"post-190662","1":"post","2":"type-post","3":"status-publish","4":"format-standard","5":"has-post-thumbnail","7":"category-titulares","8":"tag-acciones","9":"tag-acoso","10":"tag-atestado","11":"tag-breaking-news","12":"tag-breakingnews","13":"tag-es","14":"tag-espana","15":"tag-espera","16":"tag-featured-news","17":"tag-featurednews","18":"tag-fiscalia","19":"tag-headlines","20":"tag-identificar","21":"tag-latest-news","22":"tag-latestnews","23":"tag-news","24":"tag-noticias","25":"tag-noticias-destacadas","26":"tag-noticiasdestacadas","27":"tag-policial","28":"tag-protagonistas","29":"tag-sandra","30":"tag-sevilla","31":"tag-spain","32":"tag-titulares","33":"tag-ultimas-noticias","34":"tag-ultimasnoticias"},"share_on_mastodon":{"url":"https:\/\/pubeurope.com\/@es\/115409922467346067","error":""},"_links":{"self":[{"href":"https:\/\/www.europesays.com\/es\/wp-json\/wp\/v2\/posts\/190662","targetHints":{"allow":["GET"]}}],"collection":[{"href":"https:\/\/www.europesays.com\/es\/wp-json\/wp\/v2\/posts"}],"about":[{"href":"https:\/\/www.europesays.com\/es\/wp-json\/wp\/v2\/types\/post"}],"author":[{"embeddable":true,"href":"https:\/\/www.europesays.com\/es\/wp-json\/wp\/v2\/users\/2"}],"replies":[{"embeddable":true,"href":"https:\/\/www.europesays.com\/es\/wp-json\/wp\/v2\/comments?post=190662"}],"version-history":[{"count":0,"href":"https:\/\/www.europesays.com\/es\/wp-json\/wp\/v2\/posts\/190662\/revisions"}],"wp:featuredmedia":[{"embeddable":true,"href":"https:\/\/www.europesays.com\/es\/wp-json\/wp\/v2\/media\/190663"}],"wp:attachment":[{"href":"https:\/\/www.europesays.com\/es\/wp-json\/wp\/v2\/media?parent=190662"}],"wp:term":[{"taxonomy":"category","embeddable":true,"href":"https:\/\/www.europesays.com\/es\/wp-json\/wp\/v2\/categories?post=190662"},{"taxonomy":"post_tag","embeddable":true,"href":"https:\/\/www.europesays.com\/es\/wp-json\/wp\/v2\/tags?post=190662"}],"curies":[{"name":"wp","href":"https:\/\/api.w.org\/{rel}","templated":true}]}}