{"id":190672,"date":"2025-10-21T03:11:16","date_gmt":"2025-10-21T03:11:16","guid":{"rendered":"https:\/\/www.europesays.com\/es\/190672\/"},"modified":"2025-10-21T03:11:16","modified_gmt":"2025-10-21T03:11:16","slug":"libros-critica-del-libro-de-ian-rankin-azul-medianoche","status":"publish","type":"post","link":"https:\/\/www.europesays.com\/es\/190672\/","title":{"rendered":"LIBROS | Cr\u00edtica del libro de Ian Rankin &#8216;Azul medianoche&#8217;"},"content":{"rendered":"<p class=\"ft-text\">De bien le\u00eddos es ser bien agradecidos. As\u00ed que vaya por delante la gratitud lectora a <strong>Ian Rankin<\/strong> (Cardenden, Reino Unido, 1960) por no conformarse con transitar por caminos trillados y llevar en <strong>&#8216;Azul medianoche&#8217;<\/strong> a su personaje <strong>John Rebus<\/strong> a escenarios en los que sufre algo parecido a una deconstrucci\u00f3n casi total. \u00bfReconstrucci\u00f3n? Rankin se lo quita todo y pasa de ser un temido inspector y alguien que no tiene m\u00e1s ayuda que la que puede aportarle su experiencia y su propia personalidad. Con ciertos atisbos de perversidad, el autor lo encierra en una prisi\u00f3n escocesa, solo frente a sus propios demonios, aunque sin permitirse el lujo de caer en la autocompasi\u00f3n ni permitirse mostrar debilidad ante los dem\u00e1s.<\/p>\n<p class=\"ft-text\">En esa c\u00e1rcel donde el tiempo se detiene y el pasado se convierte en compa\u00f1\u00eda inquietante, Rebus debe romper el espejo donde se reflejaba con cierta comodidad para (sobre)vivir al otro lado de las sombras, sin lugar para esconderse y protegerse de aquello contra lo que luch\u00f3 cuando llevaba placa y dispon\u00eda de autoridad. Como era de esperar, su instinto no desaparece con el cambio y se pone en estado de alerta a la primera oportunidad: un preso es asesinado y el inspector se pone en guardia, aunque esta vez no tiene un fin basado en la justicia sino en la necesidad de encontrar respuestas y solucionar enigmas.<\/p>\n<p>Laberinto moral<\/p>\n<p class=\"ft-text\">El laberinto moral y turbulento que habita en las novelas de Rankin es trasladado aqu\u00ed a las paredes de una prisi\u00f3n en forma de universo en miniatura donde la ley brilla por su ausencia, salvo la del m\u00e1s fuerte. Sin la atm\u00f3sfera en expansi\u00f3n de toda una ciudad, Rankin somete a Rebus a un centrifugado total que exprime hasta el menor detalle de sus complejidades y dudas. Y deudas, claro.<\/p>\n<blockquote class=\"ft-mol-quote\" data-aida-quote=\"\"><p>Rankin agita el tablero al que nos ten\u00eda acostumbrados y se (nos) divierte creando personajes secundarios magn\u00edficos mientras la b\u00fasqueda se convierte en el \u00faltimo refugio<\/p><\/blockquote>\n<p class=\"ft-text\">Al comp\u00e1s de unos di\u00e1logos milim\u00e9tricos y con varias manos de pintura melanc\u00f3lica, Rankin convierte a Rebus en un superviviente crepuscular bien avenido con la lucidez y la tentaci\u00f3n de aceptar una rendici\u00f3n reparadora. El dep\u00f3sito de ilusiones apura sus \u00faltimos litros de combustible pero que quede claro: Rebus es siempre un profesional de los pies a la cabeza y su mente no descansa cuando se trata de maniatar cabos sueltos y rastrear pistas de las que el resto del mundo nunca se dar\u00eda cuenta.<\/p>\n<p class=\"ft-text\"><strong>&#8216;Azul medianoche&#8217;<\/strong> se mueve sin prisas, como debe ser cuando se aborda una trama encerrada. Que nadie espere volantazos para sorprender a lectores desprevenidos. Hay algo de demolici\u00f3n lenta pero insegura en la forma adoptada por el autor para dibujar la silueta casi desvanecida del desencanto, aunque sin escarbar en la herida ni regodearse en los remolinos m\u00e1s turbios.<\/p>\n<p class=\"ft-text\">Quien parec\u00eda tener claros los l\u00edmites del bien y las fronteras del mal se encuentra, ahora, algo desorientado, por momentos amenazado por una nostalgia sombr\u00eda sin sentirse desarmado por ello. Rankin agita el tablero al que nos ten\u00eda acostumbrados y se (nos) divierte creando personajes secundarios magn\u00edficos mientras la b\u00fasqueda se convierte en el \u00faltimo refugio.<\/p>\n<p><img decoding=\"async\" src=\"https:\/\/www.europesays.com\/es\/wp-content\/uploads\/2025\/10\/b8791084-f16a-43a8-857a-c20721e23ddf_source-aspect-ratio_default_0.webp.webp\" width=\"111\" height=\"159\" alt=\"\" class=\"ft-helper-img-rd\" loading=\"lazy\"\/>Azul medianoche<\/p>\n<p class=\"ft-text\"><strong>Ian Rankin<\/strong><\/p>\n<p class=\"ft-text\">Traducci\u00f3n de V\u00edctor Manuel Garc\u00eda de Isusi<\/p>\n<p class=\"ft-text\">RBA<\/p>\n<p class=\"ft-text\">416 p\u00e1ginas<\/p>\n<p class=\"ft-text\">22.90 euros<\/p>\n","protected":false},"excerpt":{"rendered":"De bien le\u00eddos es ser bien agradecidos. As\u00ed que vaya por delante la gratitud lectora a Ian Rankin&hellip;\n","protected":false},"author":2,"featured_media":190673,"comment_status":"","ping_status":"","sticky":false,"template":"","format":"standard","meta":{"footnotes":""},"categories":[172],"tags":[7564,224,1497,1499,146,147,25,2768,1598,24,49833,225,53339,5206,31963,53338,23],"class_list":{"0":"post-190672","1":"post","2":"type-post","3":"status-publish","4":"format-standard","5":"has-post-thumbnail","7":"category-libros","8":"tag-azul","9":"tag-books","10":"tag-critica","11":"tag-critica-de-libros","12":"tag-entertainment","13":"tag-entretenimiento","14":"tag-es","15":"tag-escocia","16":"tag-escritores","17":"tag-espana","18":"tag-ian","19":"tag-libros","20":"tag-medianoche","21":"tag-novela-negra","22":"tag-nuevo-libro","23":"tag-rankin","24":"tag-spain"},"share_on_mastodon":{"url":"https:\/\/pubeurope.com\/@es\/115409969786991620","error":""},"_links":{"self":[{"href":"https:\/\/www.europesays.com\/es\/wp-json\/wp\/v2\/posts\/190672","targetHints":{"allow":["GET"]}}],"collection":[{"href":"https:\/\/www.europesays.com\/es\/wp-json\/wp\/v2\/posts"}],"about":[{"href":"https:\/\/www.europesays.com\/es\/wp-json\/wp\/v2\/types\/post"}],"author":[{"embeddable":true,"href":"https:\/\/www.europesays.com\/es\/wp-json\/wp\/v2\/users\/2"}],"replies":[{"embeddable":true,"href":"https:\/\/www.europesays.com\/es\/wp-json\/wp\/v2\/comments?post=190672"}],"version-history":[{"count":0,"href":"https:\/\/www.europesays.com\/es\/wp-json\/wp\/v2\/posts\/190672\/revisions"}],"wp:featuredmedia":[{"embeddable":true,"href":"https:\/\/www.europesays.com\/es\/wp-json\/wp\/v2\/media\/190673"}],"wp:attachment":[{"href":"https:\/\/www.europesays.com\/es\/wp-json\/wp\/v2\/media?parent=190672"}],"wp:term":[{"taxonomy":"category","embeddable":true,"href":"https:\/\/www.europesays.com\/es\/wp-json\/wp\/v2\/categories?post=190672"},{"taxonomy":"post_tag","embeddable":true,"href":"https:\/\/www.europesays.com\/es\/wp-json\/wp\/v2\/tags?post=190672"}],"curies":[{"name":"wp","href":"https:\/\/api.w.org\/{rel}","templated":true}]}}