{"id":190690,"date":"2025-10-21T03:34:10","date_gmt":"2025-10-21T03:34:10","guid":{"rendered":"https:\/\/www.europesays.com\/es\/190690\/"},"modified":"2025-10-21T03:34:10","modified_gmt":"2025-10-21T03:34:10","slug":"horario-y-donde-ver-hoy-por-tv-el-gran-premio-de-estados-unidos-de-f1","status":"publish","type":"post","link":"https:\/\/www.europesays.com\/es\/190690\/","title":{"rendered":"Horario y d\u00f3nde ver hoy por TV el Gran Premio de Estados Unidos de F1"},"content":{"rendered":"<p data-gtm-element-container=\"modulo-texto-link\" class=\"paragraph\">Se disputa<strong> la decimonovena prueba del Mundial de F\u00f3rmula 1<\/strong>, con este <strong>Gran Premio de Estados Unidos 2025<\/strong>. Se competir\u00e1 en <strong>el Circuito de las Am\u00e9ricas<\/strong>, donde <strong>Oscar Piastri<\/strong> llega como l\u00edder de la clasificaci\u00f3n<strong> con 336 puntos<\/strong> en su casillero (7 victorias y 14 podio).<\/p>\n<p data-gtm-element-container=\"modulo-texto-link\" class=\"paragraph\">Cuenta con una escueta ventaja sobre <strong>su compa\u00f1ero en Mc Laren, Lando Norris,<\/strong> que <strong>es segundo con 314 <\/strong>en su haber y solo 22 puntos de diferencia (5 victorias y 14 podios). <strong>Max Verstappen (Red Bull)<\/strong> va claramente m\u00e1s en estos \u00faltimos grandes premios y viene de ser segundo en Singapur. <strong>Suma 273 puntos en la tercera posici\u00f3n<\/strong>, con 4 victorias y 9 podios en su haber.\u00a0<\/p>\n<p data-gtm-element-container=\"modulo-texto-link\" class=\"paragraph\"><strong>George Russell <\/strong>llega reforzado tras haber logrado <strong>su segunda victoria de la temporada en Singapur<\/strong>, por lo que cuenta <strong>con 237 puntos<\/strong> (2 victorias y 8 podios) en la cuarta plaza. Ya por debajo de los 200 puntos se encuentran <strong>Charles Leclerc y Lewis Hamilton<\/strong>, lo que refleja el momento bajo que ocupan <strong>los Ferrari<\/strong> dentro de la parrilla.\u00a0<\/p>\n<p data-gtm-element-container=\"modulo-texto-link\" class=\"paragraph\"><strong>Fernando Alonso<\/strong> se encuentra <strong>en la und\u00e9cima posici\u00f3n de la clasificaci\u00f3n con 36 puntos<\/strong>, por lo que puntuar <strong>en Estados Unidos<\/strong> le podr\u00eda hacer crecer y buscar su primer podio de la temporada. <strong>Carlos Sainz Junior <\/strong>cuenta con cuatro puntos menos <strong>en la duod\u00e9cima posici\u00f3n (32), <\/strong>pero s\u00ed ha sido capaz de subir en una ocasi\u00f3n al caj\u00f3n. Este<strong> Gran Premio de Estados Unidos<\/strong> se disputa entre<strong> el viernes 17 hasta el domingo 19 de octubre <\/strong>y tendr\u00e1 formato <strong>de clasificaci\u00f3n al sprint.<\/strong><\/p>\n<p>Horario del Gran Premio de Estados Unidos 2025 de F\u00f3rmula 1:<\/p>\n<p data-gtm-element-container=\"modulo-texto-link\" class=\"paragraph\"><strong>Viernes 17 de octubre:\u00a0<\/strong><\/p>\n<p data-gtm-element-container=\"modulo-texto-link\" class=\"paragraph\"><strong>Entrenamientos libres 1<\/strong>, de <strong>19.30 &#8211; 20.30 horas.<\/strong><\/p>\n<p data-gtm-element-container=\"modulo-texto-link\" class=\"paragraph\"><strong>Clasificaci\u00f3n al sprint<\/strong>, de <strong>23.30 &#8211; 0.14 horas.\u00a0<\/strong><\/p>\n<p data-gtm-element-container=\"modulo-texto-link\" class=\"paragraph\"><strong>S\u00e1bado 18 de octubre:\u00a0<\/strong><\/p>\n<p data-gtm-element-container=\"modulo-texto-link\" class=\"paragraph\"><strong>Sprint<\/strong>, de <strong>19.00 &#8211; 19.30 horas.\u00a0<\/strong><\/p>\n<p data-gtm-element-container=\"modulo-texto-link\" class=\"paragraph\"><strong>Clasificaci\u00f3n,<\/strong> de <strong>23.00 &#8211; 0.00 horas.<\/strong><\/p>\n<p data-gtm-element-container=\"modulo-texto-link\" class=\"paragraph\"><strong>Domingo 19 de octubre:<\/strong><\/p>\n<p data-gtm-element-container=\"modulo-texto-link\" class=\"paragraph\"><strong>Carrera<\/strong>, a las <strong>21.00 horas.<\/strong><\/p>\n<p><a href=\"https:\/\/prf.hn\/click\/camref:1101l9smP\/ar:sergio\" title=\"Gran Premio de Estados Unidos\" target=\"_blank\" rel=\"nofollow noreferrer sponsored noopener\">Disfruta de toda la F\u00f3rmula 1 en exclusiva en DAZN por solo 9,99\u20ac al mes<\/a><\/p>\n<p>\u00bfD\u00f3nde ver por TV el Gran Premio de Estados Unidos 2025 de F\u00f3rmula 1?<\/p>\n<p data-gtm-element-container=\"modulo-texto-link\" class=\"paragraph\">Durante <strong>esta temporada 2025<\/strong> se podr\u00e1n ver<strong> todas las carreras de la F1 a trav\u00e9s de DAZN, <\/strong>quien actualmente tiene <strong>los derechos de retransmisi\u00f3n en Espa\u00f1a<\/strong>. Otro a\u00f1o m\u00e1s ha llegado a un acuerdo con <strong>la plataforma Movistar Plus<\/strong> para que todas <strong>las carreras de F\u00f3rmula 1<\/strong> se puedan disfrutar tambi\u00e9n a trav\u00e9s de esta plataforma <strong>en el canal DAZN F1 (dial 69).<\/strong> Puedes seguir toda la informaci\u00f3n <strong>en directo sobre este Gran Premio de Estados Unidos 2025 por la web de Mundo Deportivo.<\/strong><\/p>\n","protected":false},"excerpt":{"rendered":"Se disputa la decimonovena prueba del Mundial de F\u00f3rmula 1, con este Gran Premio de Estados Unidos 2025.&hellip;\n","protected":false},"author":2,"featured_media":190691,"comment_status":"","ping_status":"","sticky":false,"template":"","format":"standard","meta":{"footnotes":""},"categories":[270],"tags":[168,25,24,306,271,272,23,167],"class_list":{"0":"post-190690","1":"post","2":"type-post","3":"status-publish","4":"format-standard","5":"has-post-thumbnail","7":"category-formula-1","8":"tag-deportes","9":"tag-es","10":"tag-espana","11":"tag-f1","12":"tag-formula-1","13":"tag-formula1","14":"tag-spain","15":"tag-sports"},"share_on_mastodon":{"url":"https:\/\/pubeurope.com\/@es\/115410060276519590","error":""},"_links":{"self":[{"href":"https:\/\/www.europesays.com\/es\/wp-json\/wp\/v2\/posts\/190690","targetHints":{"allow":["GET"]}}],"collection":[{"href":"https:\/\/www.europesays.com\/es\/wp-json\/wp\/v2\/posts"}],"about":[{"href":"https:\/\/www.europesays.com\/es\/wp-json\/wp\/v2\/types\/post"}],"author":[{"embeddable":true,"href":"https:\/\/www.europesays.com\/es\/wp-json\/wp\/v2\/users\/2"}],"replies":[{"embeddable":true,"href":"https:\/\/www.europesays.com\/es\/wp-json\/wp\/v2\/comments?post=190690"}],"version-history":[{"count":0,"href":"https:\/\/www.europesays.com\/es\/wp-json\/wp\/v2\/posts\/190690\/revisions"}],"wp:featuredmedia":[{"embeddable":true,"href":"https:\/\/www.europesays.com\/es\/wp-json\/wp\/v2\/media\/190691"}],"wp:attachment":[{"href":"https:\/\/www.europesays.com\/es\/wp-json\/wp\/v2\/media?parent=190690"}],"wp:term":[{"taxonomy":"category","embeddable":true,"href":"https:\/\/www.europesays.com\/es\/wp-json\/wp\/v2\/categories?post=190690"},{"taxonomy":"post_tag","embeddable":true,"href":"https:\/\/www.europesays.com\/es\/wp-json\/wp\/v2\/tags?post=190690"}],"curies":[{"name":"wp","href":"https:\/\/api.w.org\/{rel}","templated":true}]}}