{"id":190698,"date":"2025-10-21T03:39:09","date_gmt":"2025-10-21T03:39:09","guid":{"rendered":"https:\/\/www.europesays.com\/es\/190698\/"},"modified":"2025-10-21T03:39:09","modified_gmt":"2025-10-21T03:39:09","slug":"violaine-berot-la-escritora-que-dejo-la-inteligencia-artificial-para-criar-cabras-ahora-observo-a-los-humanos-con-ojos-de-ganadera-cultura","status":"publish","type":"post","link":"https:\/\/www.europesays.com\/es\/190698\/","title":{"rendered":"Violaine B\u00e9rot, la escritora que dej\u00f3 la inteligencia artificial para criar cabras: \u201cAhora observo a los humanos con ojos de ganadera\u201d | Cultura"},"content":{"rendered":"<p class=\"\"><a href=\"https:\/\/elpais.com\/cultura\/2024-05-31\/la-feria-del-libro-de-madrid-arranca-con-la-expectativa-de-alcanzar-los-12-millones-de-euros-en-facturacion.html\" target=\"_blank\" rel=\"noreferrer nofollow noopener\" title=\"https:\/\/elpais.com\/cultura\/2024-05-31\/la-feria-del-libro-de-madrid-arranca-con-la-expectativa-de-alcanzar-los-12-millones-de-euros-en-facturacion.html\">Violaine B\u00e9rot<\/a> (Bagn\u00e8res-de-Bigorre, 58 a\u00f1os) est\u00e1 acostumbrada a vivir al l\u00edmite. \u201cSiempre estoy en los extremos, ese es mi car\u00e1cter\u201d, concede la novelista francesa con una sonrisa amplia y una mirada vivaz, en la que asoman la sorna y la fortaleza. A los 30 a\u00f1os abandon\u00f3 su trabajo como investigadora en inteligencia artificial para dedicarse al pastoreo de cabras. Y luego, pasados los 40, dej\u00f3 el reba\u00f1o para entregarse por completo a su primera pasi\u00f3n: la escritura. En las \u00faltimas d\u00e9cadas ha residido en lugares perdidos de <a href=\"https:\/\/elpais.com\/elviajero\/2019\/12\/26\/actualidad\/1577370513_737814.html\" target=\"_blank\" rel=\"noreferrer nofollow noopener\" title=\"https:\/\/elpais.com\/elviajero\/2019\/12\/26\/actualidad\/1577370513_737814.html\">los Pirineos franceses<\/a>. Hoy vive en una caba\u00f1a sin agua corriente ni electricidad, en un punto remoto de la cordillera. \u201cEl pastoreo me ense\u00f1\u00f3 a llevar una vida muy frugal: gastar poco, vivir con lo que daba el reba\u00f1o. Pero esa rudeza me gustaba y me sigue gustando\u201d, contaba a comienzos de mes en Barcelona, durante una visita para presentar Ca\u00edda de las nubes, un libro de 2018 que ahora recupera la editorial catalana <a href=\"https:\/\/lasafueras.com\/\" target=\"_blank\" rel=\"noreferrer nofollow noopener\" title=\"https:\/\/lasafueras.com\/\">Las Afueras<\/a>, excelsa en su gusto por los textos inclasificables.<\/p>\n<p>M\u00e1s informaci\u00f3n<\/p>\n<p class=\"\">Despu\u00e9s del impacto de Como bestias, novela que <a href=\"https:\/\/elpais.com\/cultura\/2024-05-31\/la-feria-del-libro-de-madrid-arranca-con-la-expectativa-de-alcanzar-los-12-millones-de-euros-en-facturacion.html\" target=\"_blank\" rel=\"noreferrer nofollow noopener\" title=\"https:\/\/elpais.com\/cultura\/2024-05-31\/la-feria-del-libro-de-madrid-arranca-con-la-expectativa-de-alcanzar-los-12-millones-de-euros-en-facturacion.html\">la reina Letizia se llev\u00f3 de la Feria del Libro de Madrid<\/a> \u2014 \u201cno s\u00e9 si la lleg\u00f3 a leer, no tengo contactos en la Casa Real\u201d, bromea B\u00e9rot\u2014, llega ahora esta obra anterior, traducida al castellano por el escritor <a href=\"https:\/\/elpais.com\/cultura\/2020-05-15\/el-escritor-que-se-confino-para-escribir-una-distopia-y-acabo-alcanzado-por-la-realidad.html\" target=\"_blank\" rel=\"noreferrer nofollow noopener\" title=\"https:\/\/elpais.com\/cultura\/2020-05-15\/el-escritor-que-se-confino-para-escribir-una-distopia-y-acabo-alcanzado-por-la-realidad.html\">Pablo Mart\u00edn S\u00e1nchez<\/a>, primer espa\u00f1ol miembro del <a href=\"https:\/\/elpais.com\/cultura\/2016\/11\/18\/babelia\/1479468446_792619.html\" target=\"_blank\" rel=\"noreferrer nofollow noopener\" title=\"https:\/\/elpais.com\/cultura\/2016\/11\/18\/babelia\/1479468446_792619.html\">grupo experimental OuLiPo<\/a>, y por su madre, Concha S\u00e1nchez Santos. En Ca\u00edda de las nubes, Marion da a luz en una granja aislada, en medio de un paisaje cubierto de nieve y silencio. Nada extraordinario, salvo que esa protagonista jam\u00e1s tuvo conciencia de estar embarazada. En un entorno hostil, B\u00e9rot aborda temas que atraviesan toda su obra \u2014la maternidad, la locura, la vida en la naturaleza, la irrupci\u00f3n de lo ins\u00f3lito en lo cotidiano\u2014 para narrar una especie de natividad alternativa, una f\u00e1bula sobre lo que ocurre cuando la vida sale de su cauce.<\/p>\n<p class=\"\">Su vida, como su obra, se ha forjado lejos de los caminos transitados. Hija de un antiguo cura y de una joven rebelde que huy\u00f3 de casa de sus padres por amor, creci\u00f3 entre campesinos pobres y abuelos analfabetos. \u201cPero mis padres le\u00edan mucho\u201d, matiza. A los 12 a\u00f1os ya escrib\u00eda relatos oscuros, sin imaginar que alg\u00fan d\u00eda la escritura se convertir\u00eda en su modo de vida. Hoy vive cerca de Castillon-en-Couserans, en la regi\u00f3n de Ari\u00e8ge, en uno de esos valles donde apenas llega la cobertura. \u201cBusqu\u00e9 un lugar que se pareciera al de mi infancia, pero que fuera lo menos tur\u00edstico posible, y lo encontr\u00e9\u201d, cuenta. No frecuenta ferias ni festivales literarios, y depende sobre todo del apoyo de las librer\u00edas rurales. \u201cLa prensa francesa apenas me rese\u00f1a. Pero no me importa: vivo de mis libros, mi p\u00fablico sigue creciendo y me divierte bastante existir al margen del sistema\u201d.<\/p>\n<p><img decoding=\"auto\" class=\"_re lazyload a_m-h\" height=\"277\"  width=\"414\"  src=\"https:\/\/www.europesays.com\/es\/wp-content\/uploads\/2025\/10\/A3EFXS77VJGS7A24RD6ZQC6BVA.jpg\" loading=\"lazy\"\/>La escritora francesa Violaine B\u00e9rot en la sede de la editorial Las Afueras en El Prat de Llobregat, el 29 de septiembre de 2025.Massimiliano Minocri<\/p>\n<p class=\"\">La suya es una literatura extra\u00f1a, adjetivo que le encanta escuchar, escrita en las ant\u00edpodas del microcosmos cultural de <a href=\"https:\/\/elpais.com\/cultura\/2020\/02\/07\/actualidad\/1581106183_043840.html\" target=\"_blank\" rel=\"noreferrer nofollow noopener\" title=\"https:\/\/elpais.com\/cultura\/2020\/02\/07\/actualidad\/1581106183_043840.html\">Saint-Germain<\/a>, el barrio parisino donde se supone que todo sucede. Situar sus historias en los Pirineos no es un capricho, sino una decisi\u00f3n consciente, que responde a su voluntad de apartarse del decorado urbano que domina la literatura francesa. \u201cQuer\u00eda, de un modo casi pol\u00edtico, que mis libros no hablaran solo de la ciudad y las \u00e9lites urbanas, sino tambi\u00e9n de gente que existe y vive de otra manera\u201d, sostiene. Nunca menciona el Pirineo de forma expl\u00edcita, pero el lector los reconoce enseguida: la lluvia intermitente, el viento que se enrosca en los \u00e1rboles, los osos en v\u00edas de extinci\u00f3n. Se ha escrito que sus libros son cuentos de hadas, una definici\u00f3n que rechaza. \u201cPrefiero hablar de presencias, de cosas situadas m\u00e1s all\u00e1 de lo real. Si son cuentos de hadas, son cuentos duros, rudos\u201d. Esa violencia no excluye la ternura. En su obra, compasi\u00f3n y brutalidad conviven como si fueran inseparables, una definici\u00f3n posible de la humanidad.<\/p>\n<p class=\"\">B\u00e9rot nunca romantiza la monta\u00f1a. \u201cDetesto lo buc\u00f3lico\u201d, sostiene con una mueca de disgusto. \u201cCuando la gente imagina mi d\u00eda a d\u00eda, me dice: \u2018Qu\u00e9 maravilla, una caba\u00f1a en la monta\u00f1a, sin agua ni electricidad\u2019. Pero no tiene nada de id\u00edlico. Es una forma de vida muy dura\u201d. B\u00e9rot escribe contra esa postal enga\u00f1osa: la belleza existe, s\u00ed, pero siempre acompa\u00f1ada de aspereza y de esfuerzo. \u00bfC\u00f3mo lleg\u00f3 a pasar m\u00e1s de una d\u00e9cada fabricando queso y abri\u00e9ndose paso entre ventisqueros? En plena crisis existencial, decidi\u00f3 romper con su trabajo de ingeniera en inteligencia artificial. \u201c\u00bfPara qu\u00e9 ganar tanto dinero? \u00bfPara irme de vacaciones en verano?\u201d, se pregunt\u00f3. \u201cNo fue un rechazo de la IA, porque entonces, a comienzos de los noventa, no imaginaba nada de lo que ha sucedido despu\u00e9s. Escog\u00ed ese campo porque me apasionaba la l\u00f3gica matem\u00e1tica. Incluso hice mis pr\u00e1cticas en el <a href=\"https:\/\/elpais.com\/noticias\/dassault\/\" target=\"_blank\" rel=\"noreferrer nofollow noopener\" title=\"https:\/\/elpais.com\/noticias\/dassault\/\">grupo Dassault<\/a>, trabajando sobre aviones de combate, sin ninguna distancia cr\u00edtica. Un d\u00eda me di cuenta de que estar frente a una pantalla no me hac\u00eda feliz y quise darle otro sentido a mi vida\u201d. <\/p>\n<p><img decoding=\"auto\" class=\"_re lazyload a_m-h\" height=\"277\"  width=\"414\"  src=\"https:\/\/www.europesays.com\/es\/wp-content\/uploads\/2025\/10\/DE3C5WI5LRDP3KIZNDGP4BXPFI.jpg\" loading=\"lazy\"\/>La escritora francesa Violaine B\u00e9rot, retratada en 29 de septiembre de 2025 en la sede de la editorial Las Afueras en El Prat de Llobregat.Massimiliano Minocri<\/p>\n<p class=\"\">Su gesto tuvo tambi\u00e9n una dimensi\u00f3n militante, \u201ccercana a <a href=\"https:\/\/elpais.com\/america-colombia\/2022-09-17\/miguel-gomis-el-decrecimiento-no-pobreza-es-consumir-menos-para-vivir-mejor.html\" target=\"_blank\" rel=\"noreferrer nofollow noopener\" title=\"https:\/\/elpais.com\/america-colombia\/2022-09-17\/miguel-gomis-el-decrecimiento-no-pobreza-es-consumir-menos-para-vivir-mejor.html\">la l\u00f3gica del decrecimiento<\/a>\u201d, la doctrina que insta a reducir de forma planificada la producci\u00f3n y el consumo. Durante 12 a\u00f1os vivi\u00f3 as\u00ed, hasta que el cuerpo se agot\u00f3. \u201cEra una actividad tan extrema que enferm\u00e9 gravemente y tuve que parar. Solo me consol\u00f3 pensar que pod\u00eda volver a escribir. Sin eso, creo que habr\u00eda ca\u00eddo en la desesperaci\u00f3n\u201d.<\/p>\n<p class=\"\">En sus libros, la frontera entre humanos y animales se desdibuja. \u201cEso viene de mi antiguo oficio de pastora. Cuanto m\u00e1s miraba a los animales, m\u00e1s entend\u00eda a los humanos\u201d, dice. \u201cAhora observo a la gente con ojos de ganadera: llego a juzgar a un hombre por el aplomo de sus piernas, como si fuera un semental. El otro d\u00eda vi pasar a un tipo muy guapo, pero con las piernas flacas, y pens\u00e9: este no nos sirve\u201d, se carcajea. <\/p>\n<p class=\"\">Ca\u00edda de las nubes es tambi\u00e9n un experimento formal. De estructura coral, la novela hace o\u00edr las voces de un pueblo entero \u2014vecinos, m\u00e9dicos, amigos, familiares\u2014 que reaccionan al nacimiento inesperado de ese beb\u00e9. Cada nueva perspectiva ilumina y, a la vez, cuestiona la anterior, como ya suced\u00eda en <a href=\"https:\/\/lasafueras.com\/products\/como-bestias-de-violaine-berot\" target=\"_blank\" rel=\"noreferrer nofollow noopener\" title=\"https:\/\/lasafueras.com\/products\/como-bestias-de-violaine-berot\">Como bestias<\/a>. B\u00e9rot lo concibi\u00f3 como una polifon\u00eda destinada a desestabilizar al lector: \u201cMe interesa mostrar que no existe una sola verdad\u201d. A punto de terminar su manuscrito, coincidi\u00f3 en una residencia literaria con Mart\u00edn S\u00e1nchez, su futuro traductor. Le sugiri\u00f3 introducir un sistema de lectura doble, inspirado en los juegos literarios de <a href=\"https:\/\/elpais.com\/noticias\/julio-cortazar\/\" target=\"_blank\" rel=\"noreferrer nofollow noopener\" title=\"https:\/\/elpais.com\/noticias\/julio-cortazar\/\">Julio Cort\u00e1zar<\/a> o <a href=\"https:\/\/elpais.com\/noticias\/george-perec\/\" target=\"_blank\" rel=\"noreferrer nofollow noopener\" title=\"https:\/\/elpais.com\/noticias\/george-perec\/\">Georges P\u00e9rec<\/a>. As\u00ed, el resultado puede leerse de dos maneras: siguiendo el orden lineal de las p\u00e1ginas o saltando entre fragmentos numerados, trazando un recorrido propio. \u201cFue una forma de dar al lector la misma libertad que yo tuve al escribir\u201d. <\/p>\n<p class=\"\">B\u00e9rot, en la soledad de la monta\u00f1a, ya tiene un nuevo libro terminado. \u201cHabla de los milagros que suceden entre animales y ni\u00f1os hospitalizados en psiquiatr\u00eda\u201d, revela. Y empieza a esbozar otra historia, de perfil m\u00e1s \u00edntimo. \u201cQuiero escribir sobre mi miedo a tener una hija. Creo que nunca tuve hijos por eso: desde joven siento un temor muy fuerte por lo que puede sufrir a una chica de 15 a\u00f1os. A m\u00ed no me pas\u00f3 nada grave a esa edad, as\u00ed que me pregunto de d\u00f3nde viene ese miedo, si ocurri\u00f3 algo en generaciones anteriores\u201d. Y as\u00ed, pasa los d\u00edas hurgando en sus recuerdos, como quien levanta capas de tierra en busca de una ra\u00edz.<\/p>\n","protected":false},"excerpt":{"rendered":"Violaine B\u00e9rot (Bagn\u00e8res-de-Bigorre, 58 a\u00f1os) est\u00e1 acostumbrada a vivir al l\u00edmite. \u201cSiempre estoy en los extremos, ese es&hellip;\n","protected":false},"author":2,"featured_media":190699,"comment_status":"","ping_status":"","sticky":false,"template":"","format":"standard","meta":{"footnotes":""},"categories":[172],"tags":[224,209,146,147,25,1598,24,225,671,23844,12971,53342,30307,12999,23],"class_list":{"0":"post-190698","1":"post","2":"type-post","3":"status-publish","4":"format-standard","5":"has-post-thumbnail","7":"category-libros","8":"tag-books","9":"tag-cultura","10":"tag-entertainment","11":"tag-entretenimiento","12":"tag-es","13":"tag-escritores","14":"tag-espana","15":"tag-libros","16":"tag-literatura","17":"tag-literatura-francesa","18":"tag-montanas","19":"tag-pastoreo","20":"tag-pastores","21":"tag-pirineos","22":"tag-spain"},"share_on_mastodon":{"url":"https:\/\/pubeurope.com\/@es\/115410079965462690","error":""},"_links":{"self":[{"href":"https:\/\/www.europesays.com\/es\/wp-json\/wp\/v2\/posts\/190698","targetHints":{"allow":["GET"]}}],"collection":[{"href":"https:\/\/www.europesays.com\/es\/wp-json\/wp\/v2\/posts"}],"about":[{"href":"https:\/\/www.europesays.com\/es\/wp-json\/wp\/v2\/types\/post"}],"author":[{"embeddable":true,"href":"https:\/\/www.europesays.com\/es\/wp-json\/wp\/v2\/users\/2"}],"replies":[{"embeddable":true,"href":"https:\/\/www.europesays.com\/es\/wp-json\/wp\/v2\/comments?post=190698"}],"version-history":[{"count":0,"href":"https:\/\/www.europesays.com\/es\/wp-json\/wp\/v2\/posts\/190698\/revisions"}],"wp:featuredmedia":[{"embeddable":true,"href":"https:\/\/www.europesays.com\/es\/wp-json\/wp\/v2\/media\/190699"}],"wp:attachment":[{"href":"https:\/\/www.europesays.com\/es\/wp-json\/wp\/v2\/media?parent=190698"}],"wp:term":[{"taxonomy":"category","embeddable":true,"href":"https:\/\/www.europesays.com\/es\/wp-json\/wp\/v2\/categories?post=190698"},{"taxonomy":"post_tag","embeddable":true,"href":"https:\/\/www.europesays.com\/es\/wp-json\/wp\/v2\/tags?post=190698"}],"curies":[{"name":"wp","href":"https:\/\/api.w.org\/{rel}","templated":true}]}}