{"id":190708,"date":"2025-10-21T03:45:23","date_gmt":"2025-10-21T03:45:23","guid":{"rendered":"https:\/\/www.europesays.com\/es\/190708\/"},"modified":"2025-10-21T03:45:23","modified_gmt":"2025-10-21T03:45:23","slug":"muere-sam-rivers-bajista-y-cofundador-de-la-banda-de-rap-metal-limp-bizkit-a-los-48-anos","status":"publish","type":"post","link":"https:\/\/www.europesays.com\/es\/190708\/","title":{"rendered":"Muere Sam Rivers, bajista y cofundador de la banda de rap metal Limp Bizkit, a los 48 a\u00f1os"},"content":{"rendered":"<p class=\"article-text\">\n        Sam Rivers, bajista y miembro fundador de la banda de rap metal Limp Bizkit, falleci\u00f3 la noche del pasado domingo por causas que todav\u00eda no han sido reveladas, seg\u00fan <a href=\"https:\/\/www.instagram.com\/p\/DP-BwbbCQdT\/?utm_source=ig_embed\" data-mrf-recirculation=\"links-noticia\" class=\"link\" target=\"_blank\" rel=\"nofollow noopener\">ha comunicado la banda en su cuenta de Instagram<\/a>. Anteriormente, Rivers hab\u00eda tenido problemas de salud a causa de su adicci\u00f3n al alcohol. Dichos problemas le hab\u00edan alejado temporalmente de la m\u00fasica, ya que desarroll\u00f3 una enfermedad hep\u00e1tica que finalmente requiri\u00f3 un trasplante. Rivers se une as\u00ed <a href=\"https:\/\/www.eldiario.es\/cultura\/muere-76-anos-ozzy-osbourne-lider-black-sabbath_1_12484513.html\" data-mrf-recirculation=\"links-noticia\" class=\"link\" rel=\"nofollow noopener\" target=\"_blank\">a Ozzy Osbourne<\/a> entre las p\u00e9rdidas este \u00faltimo a\u00f1o en el sector del heavy metal.\n    <\/p>\n<p>    <a href=\"https:\/\/www.eldiario.es\/cultura\/muere-76-anos-ozzy-osbourne-lider-black-sabbath_1_12484513.html\" data-mrf-recirculation=\"saber-mas\" data-dl-event=\"saber-mas\" rel=\"nofollow noopener\" target=\"_blank\"><\/p>\n<p class=\"know-more__title\">Muere a los 76 a\u00f1os Ozzy Osbourne, l\u00edder de Black Sabbath y leyenda del heavy metal<\/p>\n<p>            <img decoding=\"async\" class=\"lazy\" loading=\"lazy\" data-src=\"https:\/\/static.eldiario.es\/clip\/4ed708e9-2044-4791-804b-c76389c76edf_16-9-aspect-ratio_default_0.jpg\" src=\"data:image\/svg+xml,%3Csvg xmlns=\" http:=\"\" viewbox=\"0 0 880 495\" alt=\"Muere a los 76 a\u00f1os Ozzy Osbourne, l\u00edder de Black Sabbath y leyenda del heavy metal\"\/><\/p>\n<p>                        <\/a><\/p>\n<p class=\"article-text\">\n        Seg\u00fan explica <a href=\"https:\/\/www.rollingstone.com\/music\/music-news\/sam-rivers-limp-bizkit-bassist-dead-1235449987\/\" target=\"_blank\" data-mrf-recirculation=\"links-noticia\" class=\"link\" rel=\"nofollow noopener\">la revista Rolling Stone<\/a> en el obituario que le dedica, Rivers tuvo que dejar Limp Bizkit en 2015 por su precaria salud. \u201cMe sent\u00eda fatal, y unos meses despu\u00e9s me di cuenta de que ten\u00eda que cambiarlo todo porque ten\u00eda una enfermedad hep\u00e1tica muy grave\u201d, revela Rivers en el libro\u00a0Raising Hell (Backstage Tales From the Lives of Metal Legends), citado por la publicaci\u00f3n. En dicho libro, el m\u00fasico asegura que dej\u00f3 de beber e hizo todo lo que me dijeron los m\u00e9dicos. Finalmente, tras el \u00e9xito del trasplante, regreso a la banda en 2018 y permaneci\u00f3 en ella como miembro hasta el pasado domingo 19.\n    <\/p>\n<p class=\"article-text\">\n        \u201cSam Rivers no era solo nuestro bajista: era pura magia. El pulso de cada canci\u00f3n, la calma en el caos, el alma en el sonido\u201d, aparece escrito al inicio del comunicado publicado en la cuenta de Instagram del grupo. Y para cerrar, sus compa\u00f1eros de grupo destacan del \u00e9l que \u201cfue un ser humano \u00fanico en la vida. Una aut\u00e9ntica leyenda de leyendas. Y su esp\u00edritu vivir\u00e1 para siempre en cada ritmo, cada escenario, cada recuerdo\u201d.\n    <\/p>\n<blockquote class=\"instagram-media\" data-instgrm-version=\"14\" data-instgrm-permalink=\"https:\/\/www.instagram.com\/p\/DP-BwbbCQdT\/\" data-instgrm-captioned=\"\"\/>\n<p class=\"article-text\">\n        En el cuerpo del mensaje, aseguran que \u201cdesde la primera nota que tocamos juntos, Sam trajo una luz y un ritmo que nunca podr\u00e1n ser reemplazados\u201d. \u201cSu talento era natural, su presencia inolvidable, su coraz\u00f3n enorme\u201d, a\u00f1aden y aseguran que juntos compartieron \u201cmuchos momentos \u2014salvajes, tranquilos, hermosos\u2014 y cada uno de ellos signific\u00f3 m\u00e1s porque Sam estaba all\u00ed\u201d. El texto est\u00e1 firmado por los otros miembros de la banda, Fred Durst, Wes Borland, John Otto y DJ Lethal.\n    <\/p>\n<p class=\"article-text\">\n        Limp Bizkit fue una de las principales bandas de la segunda generaci\u00f3n de rap metal estadounidense, junto a otras formaciones como Linkin Park, que siguieron la estela de grupos anteriores como Korn o, sobre todo Rage Against The Machine, que a su vez se inspiraron en las experiencias de bandas de los ochenta como los Beastie Boys o los trabajos conjuntos de los metaleros Aerosmith y los raperos Run DMC.\n    <\/p>\n<p>    <a href=\"https:\/\/www.eldiario.es\/cultura\/musica\/consumo-abre-expediente-sancionador-gran-promotora-festivales-alegando-practicas-abusivas_1_12697239.html\" data-mrf-recirculation=\"saber-mas-abajo\" data-dl-event=\"saber-mas-abajo\" rel=\"nofollow noopener\" target=\"_blank\"><\/p>\n<p class=\"know-more__title\">Consumo abre expediente sancionador contra una gran promotora de festivales alegando pr\u00e1cticas abusivas<\/p>\n<p>            <img decoding=\"async\" class=\"lazy\" loading=\"lazy\" data-src=\"https:\/\/static.eldiario.es\/clip\/c8a26d0a-f842-4edf-b01b-2436bd5fb3c0_16-9-aspect-ratio_default_0.jpg\" src=\"data:image\/svg+xml,%3Csvg xmlns=\" http:=\"\" viewbox=\"0 0 880 495\" alt=\"Consumo abre expediente sancionador contra una gran promotora de festivales alegando pr\u00e1cticas abusivas\"\/><\/p>\n<p>                        <\/a><\/p>\n<p class=\"article-text\">\n        Aparecidos en Jacksonville, 1999 en Florida, su \u00e9xito se dibuj\u00f3 ya en su primer disco Significant Other, que vendi\u00f3 cuatro millones de copias. El siguiente trabajo, Chocolate Starfish and the Hotdog Flavored Water, cuyo tema\u00a0Take a look around\u00a0fue incluido en la banda sonora de la pel\u00edcula Misi\u00f3n Imposible 2, les confirm\u00f3 en el olimpo del nuevo metal del siglo que se iniciaba. La banda ten\u00eda previsto regresar a Espa\u00f1a, despu\u00e9s de 14 a\u00f1os, como cabeza de cartel en el Resurrection Fest\u00a02026, que se celebra entre el 1 y el 4 de julio en Viveiro, Galicia, sin que por el momento se conozcan los planes del grupo a partir de ahora.\n    <\/p>\n<p>                                    <script async src=\"\/\/www.instagram.com\/embed.js\"><\/script><\/p>\n","protected":false},"excerpt":{"rendered":"Sam Rivers, bajista y miembro fundador de la banda de rap metal Limp Bizkit, falleci\u00f3 la noche del&hellip;\n","protected":false},"author":2,"featured_media":190709,"comment_status":"","ping_status":"","sticky":false,"template":"","format":"standard","meta":{"footnotes":""},"categories":[91],"tags":[17330,988,4666,3677,52543,34505,1387,146,147,25,24,43609,3963,8938,213,52542,27294,23],"class_list":{"0":"post-190708","1":"post","2":"type-post","3":"status-publish","4":"format-standard","5":"has-post-thumbnail","7":"category-entretenimiento","8":"tag-17330","9":"tag-anos","10":"tag-bajista","11":"tag-banda","12":"tag-bizkit","13":"tag-cofundador","14":"tag-edad","15":"tag-entertainment","16":"tag-entretenimiento","17":"tag-es","18":"tag-espana","19":"tag-limp","20":"tag-metal","21":"tag-muere","22":"tag-rap","23":"tag-rivers","24":"tag-sam","25":"tag-spain"},"share_on_mastodon":{"url":"https:\/\/pubeurope.com\/@es\/115410103298559319","error":""},"_links":{"self":[{"href":"https:\/\/www.europesays.com\/es\/wp-json\/wp\/v2\/posts\/190708","targetHints":{"allow":["GET"]}}],"collection":[{"href":"https:\/\/www.europesays.com\/es\/wp-json\/wp\/v2\/posts"}],"about":[{"href":"https:\/\/www.europesays.com\/es\/wp-json\/wp\/v2\/types\/post"}],"author":[{"embeddable":true,"href":"https:\/\/www.europesays.com\/es\/wp-json\/wp\/v2\/users\/2"}],"replies":[{"embeddable":true,"href":"https:\/\/www.europesays.com\/es\/wp-json\/wp\/v2\/comments?post=190708"}],"version-history":[{"count":0,"href":"https:\/\/www.europesays.com\/es\/wp-json\/wp\/v2\/posts\/190708\/revisions"}],"wp:featuredmedia":[{"embeddable":true,"href":"https:\/\/www.europesays.com\/es\/wp-json\/wp\/v2\/media\/190709"}],"wp:attachment":[{"href":"https:\/\/www.europesays.com\/es\/wp-json\/wp\/v2\/media?parent=190708"}],"wp:term":[{"taxonomy":"category","embeddable":true,"href":"https:\/\/www.europesays.com\/es\/wp-json\/wp\/v2\/categories?post=190708"},{"taxonomy":"post_tag","embeddable":true,"href":"https:\/\/www.europesays.com\/es\/wp-json\/wp\/v2\/tags?post=190708"}],"curies":[{"name":"wp","href":"https:\/\/api.w.org\/{rel}","templated":true}]}}