{"id":190714,"date":"2025-10-21T03:49:20","date_gmt":"2025-10-21T03:49:20","guid":{"rendered":"https:\/\/www.europesays.com\/es\/190714\/"},"modified":"2025-10-21T03:49:20","modified_gmt":"2025-10-21T03:49:20","slug":"la-campana-de-acoso-a-dos-eurodiputados-de-las-ardillas-de-alvise-zorra-no-volveras-a-andar-tranquila-por-las-calles-espana","status":"publish","type":"post","link":"https:\/\/www.europesays.com\/es\/190714\/","title":{"rendered":"La campa\u00f1a de acoso a dos eurodiputados de las \u2018ardillas\u2019 de Alvise: \u201cZorra\u201d, \u201cno volver\u00e1s a andar tranquila por las calles\u201d | Espa\u00f1a"},"content":{"rendered":"<p class=\"\">\u201cDimite o te haremos dimitir\u201d, \u201crata\u201d, \u201czorra\u201d, \u201chija de puta vendida\u201d, \u201cdios te reprenda\u201d, \u201cchaquetero\u201d&#8230; En estos t\u00e9rminos se reproducen cientos de mensajes recogidos entre abril y junio contra los eurodiputados Nora Junco y Diego Solier, acusados por el l\u00edder de su partido Luis P\u00e9rez (conocido como Alvise) <a href=\"https:\/\/elpais.com\/espana\/2025-04-21\/alvise-insinua-que-sus-dos-eurodiputados-han-sido-sobornados-por-un-lobby-armamentistico.html\" target=\"_self\" rel=\"nofollow noopener\" title=\"https:\/\/elpais.com\/espana\/2025-04-21\/alvise-insinua-que-sus-dos-eurodiputados-han-sido-sobornados-por-un-lobby-armamentistico.html\">de haberse entregado a un lobby armament\u00edstico. <\/a>El Tribunal Supremo ha abierto una causa, la cuarta, contra el fundador de Se Acab\u00f3 La Fiesta (SALF) por coacciones, amenazas y revelaci\u00f3n de secretos tras instar a los votantes a \u201cperseguir\u201d a sus dos excompa\u00f1eros. Las diligencias revelan que tuvieron que restringir sus redes sociales y cambiar de tel\u00e9fono m\u00f3vil. <\/p>\n<p><img decoding=\"auto\" class=\"_re lazyload a_m-h\" height=\"328\"  width=\"414\"  src=\"https:\/\/www.europesays.com\/es\/wp-content\/uploads\/2025\/10\/FHQI6DP3KFH4FPDZ7O2SZR4N2A.jpg\" loading=\"lazy\"\/>Mensaje de correo de un seguidor contra la eurodiputada Nora Junco. <\/p>\n<p class=\"\">Alvise ya estaba siendo investigado en el alto tribunal por los 100.000 euros en met\u00e1lico que le entreg\u00f3 un empresario de criptomonedas para, supuestamente, financiar su formaci\u00f3n de forma irregular, as\u00ed como por la publicaci\u00f3n de un test falso de covid del president de la Generalitat, Salvador Illa, y por un presunto delito de acoso contra la fiscal de delitos de odio de Valencia, Susana Gisbert, contra quien tambi\u00e9n realiz\u00f3 varias publicaciones en su canal de Telegram con datos personales de la profesional. La documentaci\u00f3n, a la que ha tenido acceso EL PA\u00cdS, evidencia el fanatismo de los seguidores del partido de Alvise que se lanzaron a enviar mensajes de odio por correo electr\u00f3nico, Instagram o Telegram, esta vez, contra las dos personas que salieron elegidos junto a \u00e9l en las elecciones europeas del 9 de junio de 2024. Una \u201cmarea de insultos y mensajes\u201d con peticiones de abandono de su esca\u00f1o en el Europarlamento y con falta de respeto de todo tipo. <\/p>\n<p class=\"\">El punto inicial de esta historia se remonta al 20 de abril de 2025 cuando Alvise realiz\u00f3 <a href=\"https:\/\/www.youtube.com\/watch?v=rKIXPsKR8V4\" target=\"_self\" rel=\"nofollow noopener\" title=\"https:\/\/www.youtube.com\/watch?v=rKIXPsKR8V4\">la grabaci\u00f3n del p\u00f3dcast Ecl\u00e9cticos Worldwide<\/a> en el restaurante Tabana, en Palma (Mallorca) y anticip\u00f3 lo que d\u00edas despu\u00e9s ser\u00eda la ruptura definitiva con Nora Junco y Diego Solier: \u201cYo no s\u00e9 si ha venido un lobby por detr\u00e1s y me ha comprado un eurodiputado m\u00edo. [&#8230;] \u00bfSab\u00e9is el poder que es el lobby europeo? \u00bfSab\u00e9is lo f\u00e1cil que es que te compren? Viene un lobby armament\u00edstico a cenar contigo y te deja un malet\u00edn al lado y se levanta y se va\u201c, justific\u00f3 sobre el porqu\u00e9 ambos hab\u00edan votado a favor del programa de rearme europeo, al contrario que \u00e9l. Junco y Solier se hab\u00edan integrado en el grupo parlamentario Conservadores y Reformistas Europeos, la familia europea de la italiana Giorgia Meloni, del que Avise se hab\u00eda quedado fuera por sus cuentas pendientes con la Justicia. \u201cSi yo he hecho campa\u00f1a electoral por toda Espa\u00f1a diciendo no y t\u00fa votas a favor, est\u00e1s traicionando a 800.000 espa\u00f1oles. Perseguidles y pedidles explicaciones. Y si ten\u00e9is que gritarle en un bar que eres un criminal, que eres un corrupto y que has votado a favor del rearme, ten\u00e9is que hacerlo vosotros porque yo no lo puedo hacer\u201d, remach\u00f3. <\/p>\n<p class=\"\">Dicho y hecho. La querella presentada en el Tribunal Supremo describe semanas de hostigamiento en las que votantes de SALF reprocharon a los dos eurodiputados su posici\u00f3n de forma an\u00f3nima o con nombre y apellidos. Junco, que tuvo que limitar los comentarios en su cuenta de Instagram, recibi\u00f3 todo tipo de insultos: \u201cDas asco, traidora\u201d, \u201cdeja el cargo, eres otra garrapata del sistema. Es asqueroso\u201d, \u201cno volver\u00e1s a andar tranquila por las calles de Espa\u00f1a\u201d, \u201ccr\u00eda cuervos que te sacar\u00e1n los ojos\u201d. El acoso a Solier transcurri\u00f3 de forma paralela al de su compa\u00f1era. \u201cDisfruta el dinero que te has llevado porque yo voy a disfrutar no olvid\u00e1ndome nunca de tu cara\u201d, recibi\u00f3 en su email. <\/p>\n<p><img decoding=\"auto\" class=\"_re lazyload a_m-v\" height=\"565\"  width=\"414\"  src=\"https:\/\/www.europesays.com\/es\/wp-content\/uploads\/2025\/10\/43IAU7XMHVADFJTN22TXCKPZ5A.jpg\" loading=\"lazy\"\/>Mensaje remitido a la cuenta de Instagram de Nora Junco pidiendo su dimisi\u00f3n<\/p>\n<p class=\"\">Mientras se produc\u00edan estos mensajes, Alvise continuaba se\u00f1alando a sus dos colegas europeos en su canal de Telegram en el que atesora 655.832 seguidores. El 24 de abril escribi\u00f3: \u201cDiego Solier ha afirmado que pactar\u00e1 entrevistas \u2018en todos lados\u2019 si \u2018no se me deja en paz\u2019 \u00bfTienes informaci\u00f3n de Diego Solier Fern\u00e1ndez en Valencia? Escr\u00edbenos: alvisepf@gmail.com\u201c. As\u00ed, pretendi\u00f3 que los votantes colaboraran en su estrategia de recabar detalles sobre la vida del parlamentario. Ese mismo d\u00eda, de hecho, public\u00f3 una fotograf\u00eda con el n\u00famero de tel\u00e9fono, el perfil de LinkedIn, el correo personal y la fecha de nacimiento del eurodiputado que luego borr\u00f3. Pero ya era tarde. <\/p>\n<p class=\"\">La querella interpuesta en el alto tribunal describe que, a consecuencia de estos hechos, los ampos pol\u00edticos dejaron de poder ejercer \u201csu trabajo con normalidad\u201d, pues tuvieron bloqueado el correo, sin que se pudieran comunicar con otros trabajadores \u201clo cual es parte fundamental de su labor parlamentaria\u201d. Se vieron obligados a dejar de responder a cualquier tipo de llamada de n\u00fameros que no ten\u00edan registrados en la agenda y, por ende, esto tuvo afectaci\u00f3n en sus vidas personales. <\/p>\n<p><img decoding=\"auto\" class=\"_re lazyload a_m-h\" height=\"260\"  width=\"414\"  src=\"https:\/\/www.europesays.com\/es\/wp-content\/uploads\/2025\/10\/RYQGBYRHKBHG7FUZ3ABWJVF2XQ.jpg\" loading=\"lazy\"\/>Mensajes insultando a Diego Solier en sus redes sociales<\/p>\n<p class=\"\">Ambos denunciaron \u201csensaci\u00f3n constante de inseguridad\u201d y pusieron como ejemplo lo ocurrido el pasado 4 de junio cuando Alvise public\u00f3 unos billetes de avi\u00f3n de Nora Junco, que viajaba en primera clase desde Lima hasta Madrid. \u201cEs evidente que la publicaci\u00f3n del billete no tiene otro fin que proporcionar a su grupo de seguidores los datos necesarios para su localizaci\u00f3n\u201d, reza la querella. El l\u00edder de SALF tambi\u00e9n iba en ese vuelo y difundi\u00f3 im\u00e1genes de la eurodiputada entre los asientos.<\/p>\n<p>Solier advierte de m\u00e1s irregularidades<\/p>\n<p class=\"\">Algunos correos muestran \u201cdecepci\u00f3n\u201d con Junco y Solier por no seguir los \u201cprincipios\u201d e \u201cindicaciones\u201d de Alvise y los \u201cvalores\u201d que representa la fuerza pol\u00edtica que acaba de anunciar que concurrir\u00e1 a las elecciones nacionales. \u201cLa gente vot\u00f3 a Alvise para cambiar las cosas\u201d, esgrimi\u00f3 un seguidor. Solo hay constancia de que Solier respondiera a uno de los mensajes en el que advirti\u00f3 de que, m\u00e1s all\u00e1 de las causas judiciales que Alvise tiene en marcha y que apuntan, entre otras cuestiones, a financiaci\u00f3n irregular, el fraude del eurodiputado podr\u00eda alcanzar cuestiones todav\u00eda desconocidas. \u201cVas a tener el placer de ser uno de los pocos a los que voy a explicar la situaci\u00f3n porque creo que eres una persona sensata y en tu mail no has insultado\u201d, comenz\u00f3 defendiendo. \u201cEl \u00fanico que no ha estado a la altura ha sido Alvise, el \u00fanico que ha cogido maletines ha sido Alvise, el \u00fanico que me dej\u00f3 tirado en Valencia con miles de euros en facturas por pagar estancias y servicios de pinchazos de los voluntarios con los que estuvimos trabajando ha sido Alvise\u201d, reflej\u00f3 el correo. <\/p>\n<p><img decoding=\"auto\" class=\"_re lazyload a_m-v\" height=\"631\"  width=\"414\"  src=\"https:\/\/www.europesays.com\/es\/wp-content\/uploads\/2025\/10\/WDPSMFONSZHL7DVVPAZX6OTCMM.png\" loading=\"lazy\"\/>Alvise advierte en su canal de Telegram que Nora Junco viaja en primera clase<\/p>\n<p class=\"\">Solier apunt\u00f3, de hecho, a otra supuesta estafa en la web con la que Alvise pretend\u00eda donar su salario, como prometi\u00f3 en campa\u00f1a: \u201cPiensa qu\u00e9 ha pasado con la web de donaci\u00f3n de su sueldo y por qu\u00e9 no ha donado nada m\u00e1s que dos meses (y de aquella manera) porque a las personas que desarrollaron esa plataforma tampoco les pag\u00f3 por su trabajo\u201d. <\/p>\n<p class=\"\">Entre la correspondencia se encuentra un \u00fanico mensaje de apoyo del tambi\u00e9n diputado europeo Hermann Tertsch, que se sienta en las filas de Vox. \u201cTe mando un saludo porque s\u00e9 lo que son los acosos\u201d, le dice a Solier. Defiende que ellos ten\u00edan que haberse \u201cinformado antes de entrar en las aventuras de Alvise\u201d, pero que eso no \u201cquita que quiera mostrarte mi afecto en momentos en los que gente sin escr\u00fapulos quiere hacerte da\u00f1o\u201d. La Fiscal\u00eda del alto tribunal ha analizado ya el contenido de toda la documentaci\u00f3n recibida y ha considerado que hay \u201cindicios suficientes para iniciar la correspondiente investigaci\u00f3n penal\u201d. <a href=\"https:\/\/elpais.com\/espana\/2025-10-07\/el-supremo-abre-una-causa-a-alvise-perez-por-revelacion-de-secretos-y-acoso-a-dos-eurodiputados-de-su-grupo.html\" target=\"_self\" rel=\"nofollow noopener\" title=\"https:\/\/elpais.com\/espana\/2025-10-07\/el-supremo-abre-una-causa-a-alvise-perez-por-revelacion-de-secretos-y-acoso-a-dos-eurodiputados-de-su-grupo.html\">El Supremo ha designado como magistrado instructor <\/a><a href=\"https:\/\/elpais.com\/espana\/2025-10-07\/el-supremo-abre-una-causa-a-alvise-perez-por-revelacion-de-secretos-y-acoso-a-dos-eurodiputados-de-su-grupo.html\" target=\"_self\" rel=\"nofollow noopener\" title=\"https:\/\/elpais.com\/espana\/2025-10-07\/el-supremo-abre-una-causa-a-alvise-perez-por-revelacion-de-secretos-y-acoso-a-dos-eurodiputados-de-su-grupo.html\">al que fuera presidente de la Sala de lo Penal Manuel Marchena<\/a> que, previsiblemente, llamar\u00e1 a declarar pr\u00f3ximamente al l\u00edder ultra para impulsar esta nueva investigaci\u00f3n. <\/p>\n","protected":false},"excerpt":{"rendered":"\u201cDimite o te haremos dimitir\u201d, \u201crata\u201d, \u201czorra\u201d, \u201chija de puta vendida\u201d, \u201cdios te reprenda\u201d, \u201cchaquetero\u201d&#8230; En estos t\u00e9rminos&hellip;\n","protected":false},"author":2,"featured_media":190715,"comment_status":"","ping_status":"","sticky":false,"template":"","format":"standard","meta":{"footnotes":""},"categories":[8],"tags":[25790,12339,17,18,25,24,13,14,4767,11,19,20,53346,9,10,15,16,6939,49838,23,12,4874,21,22],"class_list":{"0":"post-190714","1":"post","2":"type-post","3":"status-publish","4":"format-standard","5":"has-post-thumbnail","7":"category-espana","8":"tag-alvise-perez","9":"tag-amenazas","10":"tag-breaking-news","11":"tag-breakingnews","12":"tag-es","13":"tag-espana","14":"tag-featured-news","15":"tag-featurednews","16":"tag-fiscalia","17":"tag-headlines","18":"tag-latest-news","19":"tag-latestnews","20":"tag-manuel-marchena-gomez","21":"tag-news","22":"tag-noticias","23":"tag-noticias-destacadas","24":"tag-noticiasdestacadas","25":"tag-parlamento-europeo","26":"tag-se-acabo-la-fiesta-salf","27":"tag-spain","28":"tag-titulares","29":"tag-tribunal-supremo","30":"tag-ultimas-noticias","31":"tag-ultimasnoticias"},"share_on_mastodon":{"url":"https:\/\/pubeurope.com\/@es\/115410120351371473","error":""},"_links":{"self":[{"href":"https:\/\/www.europesays.com\/es\/wp-json\/wp\/v2\/posts\/190714","targetHints":{"allow":["GET"]}}],"collection":[{"href":"https:\/\/www.europesays.com\/es\/wp-json\/wp\/v2\/posts"}],"about":[{"href":"https:\/\/www.europesays.com\/es\/wp-json\/wp\/v2\/types\/post"}],"author":[{"embeddable":true,"href":"https:\/\/www.europesays.com\/es\/wp-json\/wp\/v2\/users\/2"}],"replies":[{"embeddable":true,"href":"https:\/\/www.europesays.com\/es\/wp-json\/wp\/v2\/comments?post=190714"}],"version-history":[{"count":0,"href":"https:\/\/www.europesays.com\/es\/wp-json\/wp\/v2\/posts\/190714\/revisions"}],"wp:featuredmedia":[{"embeddable":true,"href":"https:\/\/www.europesays.com\/es\/wp-json\/wp\/v2\/media\/190715"}],"wp:attachment":[{"href":"https:\/\/www.europesays.com\/es\/wp-json\/wp\/v2\/media?parent=190714"}],"wp:term":[{"taxonomy":"category","embeddable":true,"href":"https:\/\/www.europesays.com\/es\/wp-json\/wp\/v2\/categories?post=190714"},{"taxonomy":"post_tag","embeddable":true,"href":"https:\/\/www.europesays.com\/es\/wp-json\/wp\/v2\/tags?post=190714"}],"curies":[{"name":"wp","href":"https:\/\/api.w.org\/{rel}","templated":true}]}}