{"id":190720,"date":"2025-10-21T04:03:12","date_gmt":"2025-10-21T04:03:12","guid":{"rendered":"https:\/\/www.europesays.com\/es\/190720\/"},"modified":"2025-10-21T04:03:12","modified_gmt":"2025-10-21T04:03:12","slug":"horario-y-donde-ver-gratis-el-partido-mersin-casademont-zaragoza-de-la-euroliga","status":"publish","type":"post","link":"https:\/\/www.europesays.com\/es\/190720\/","title":{"rendered":"Horario y d\u00f3nde ver gratis el partido Mersin-Casademont Zaragoza de la Euroliga"},"content":{"rendered":"<p class=\"paragraph\">El Casademont Zaragoza femenino dispone esta semana de una nueva oportunidad para salir del bache de resultados en el que se meti\u00f3 en los \u00faltimos d\u00edas. Despu\u00e9s de caer contra el Reyer Venezia en la Euroliga y <a href=\"https:\/\/www.heraldo.es\/noticias\/deportes\/baloncesto\/2025\/10\/19\/partido-gernika-casademont-zaragoza-en-directo-1863050.html\" title=\"El Casademont Zaragoza sufre un severo correctivo en la pista del Gernika\" rel=\"nofollow noopener\" target=\"_blank\">en la pista del Gernika en la Liga Femenina Endesa<\/a>, la mejor competici\u00f3n del Viejo Continente vuelve a la vida del equipo de Carlos Cantero, que <b>el mi\u00e9rcoles se mide a domicilio al CBK Mersin<\/b>.<\/p>\n<p class=\"paragraph\">Turcas y aragonesas est\u00e1n encuadradas en el grupo D de la Euroliga, junto al Reyer Venezia y al Basket Landes. El <b>Mersin<\/b>, pese a ser uno de los equipos m\u00e1s poderosos de la competici\u00f3n, no ha empezado bien este curso en la Euroliga, donde <b>ya suma dos derrotas en las dos primeras jornadas<\/b>. La cita contra el Casademont Zaragoza, por lo tanto, se antoja vital para las locales, que necesitan empezar a revertir cuanto antes su din\u00e1mica en el torneo continental.<\/p>\n<p class=\"paragraph\"><b>El Casademont Zaragoza de momento suma una victoria y una derrota en la competici\u00f3n.<\/b> Despu\u00e9s de empezar con triunfo ante el Basket Landes, las de Cantero tropezaron la pasada semana en el pabell\u00f3n Pr\u00edncipe Felipe frente al Venezia. Con el encuentro frente al Mersin turco se cerrar\u00e1 la primera vuelta de la fase de grupos de la Euroliga, donde por el momento est\u00e1 todo por decidir.<\/p>\n<p>Horario del Mersin-Casademont Zaragoza<\/p>\n<p class=\"paragraph\">El encuentro entre el CBK Mersin y el Casademont Zaragoza de la Euroliga femenina est\u00e1 programado para el <b>mi\u00e9rcoles 22 de octubre a las 18.00<\/b>. El choque se podr\u00e1 seguir en directo de manera gratuita a trav\u00e9s de Arag\u00f3n TV. Adem\u00e1s, como es habitual, en Heraldo.es habr\u00e1 un directo minuto a minuto con todo lo que ocurra en la lejana Turqu\u00eda, donde las de Cantero necesitan reaccionar por un doble motivo: cortar la mala din\u00e1mica de resultados y no poner en peligro la clasificaci\u00f3n para la siguiente fase del torneo.<\/p>\n","protected":false},"excerpt":{"rendered":"El Casademont Zaragoza femenino dispone esta semana de una nueva oportunidad para salir del bache de resultados en&hellip;\n","protected":false},"author":2,"featured_media":181515,"comment_status":"","ping_status":"","sticky":false,"template":"","format":"standard","meta":{"footnotes":""},"categories":[269],"tags":[299,298,2511,168,25,24,833,319,1045,23,167,491],"class_list":{"0":"post-190720","1":"post","2":"type-post","3":"status-publish","4":"format-standard","5":"has-post-thumbnail","7":"category-baloncesto","8":"tag-baloncesto","9":"tag-basketball","10":"tag-casademont","11":"tag-deportes","12":"tag-es","13":"tag-espana","14":"tag-euroliga","15":"tag-horario","16":"tag-partido","17":"tag-spain","18":"tag-sports","19":"tag-zaragoza"},"share_on_mastodon":{"url":"https:\/\/pubeurope.com\/@es\/115410174201625893","error":""},"_links":{"self":[{"href":"https:\/\/www.europesays.com\/es\/wp-json\/wp\/v2\/posts\/190720","targetHints":{"allow":["GET"]}}],"collection":[{"href":"https:\/\/www.europesays.com\/es\/wp-json\/wp\/v2\/posts"}],"about":[{"href":"https:\/\/www.europesays.com\/es\/wp-json\/wp\/v2\/types\/post"}],"author":[{"embeddable":true,"href":"https:\/\/www.europesays.com\/es\/wp-json\/wp\/v2\/users\/2"}],"replies":[{"embeddable":true,"href":"https:\/\/www.europesays.com\/es\/wp-json\/wp\/v2\/comments?post=190720"}],"version-history":[{"count":0,"href":"https:\/\/www.europesays.com\/es\/wp-json\/wp\/v2\/posts\/190720\/revisions"}],"wp:featuredmedia":[{"embeddable":true,"href":"https:\/\/www.europesays.com\/es\/wp-json\/wp\/v2\/media\/181515"}],"wp:attachment":[{"href":"https:\/\/www.europesays.com\/es\/wp-json\/wp\/v2\/media?parent=190720"}],"wp:term":[{"taxonomy":"category","embeddable":true,"href":"https:\/\/www.europesays.com\/es\/wp-json\/wp\/v2\/categories?post=190720"},{"taxonomy":"post_tag","embeddable":true,"href":"https:\/\/www.europesays.com\/es\/wp-json\/wp\/v2\/tags?post=190720"}],"curies":[{"name":"wp","href":"https:\/\/api.w.org\/{rel}","templated":true}]}}