{"id":190745,"date":"2025-10-21T04:17:07","date_gmt":"2025-10-21T04:17:07","guid":{"rendered":"https:\/\/www.europesays.com\/es\/190745\/"},"modified":"2025-10-21T04:17:07","modified_gmt":"2025-10-21T04:17:07","slug":"sanchez-y-montero-pactaron-con-la-ministra-la-rectificacion-sobre-los-autonomos-espana","status":"publish","type":"post","link":"https:\/\/www.europesays.com\/es\/190745\/","title":{"rendered":"S\u00e1nchez y Montero pactaron con la ministra la rectificaci\u00f3n sobre los aut\u00f3nomos | Espa\u00f1a"},"content":{"rendered":"<p class=\"\">Un fallo de c\u00e1lculo pol\u00edtico de libro. Esta es la idea que se ha instalado en todo el Gobierno, tanto en el sector socialista como en el de Sumar, sobre el \u00faltimo incendio del Ejecutivo, esto es su enfrentamiento con los aut\u00f3nomos por las subidas de cuotas, que empez\u00f3 a controlarse este lunes con <a href=\"https:\/\/elpais.com\/economia\/2025-10-20\/el-gobierno-propone-subir-las-cuotas-de-autonomos-entre-25-y-1475-euros-a-quienes-ganen-mas-de-1167.html\" target=\"_self\" rel=\"nofollow noopener\" title=\"https:\/\/elpais.com\/economia\/2025-10-20\/el-gobierno-propone-subir-las-cuotas-de-autonomos-entre-25-y-1475-euros-a-quienes-ganen-mas-de-1167.html\">una rectificaci\u00f3n en toda regla de la ministra de Seguridad Social, Elma Saiz.<\/a> <\/p>\n<p class=\"\">Despu\u00e9s de defenderla durante toda la semana, la responsable de la propuesta inicial anunci\u00f3 a trav\u00e9s de una<a href=\"https:\/\/elpais.com\/economia\/2025-10-20\/elma-saiz-propondremos-congelar-en-2026-las-cuotas-de-los-autonomos-que-ganan-menos.html\" target=\"_self\" rel=\"nofollow noopener\" title=\"https:\/\/elpais.com\/economia\/2025-10-20\/elma-saiz-propondremos-congelar-en-2026-las-cuotas-de-los-autonomos-que-ganan-menos.html\"> entrevista en EL PA\u00cdS que congelaba para 2026<\/a> la subida para los tramos que ingresan menos, y subir\u00e1 mucho menos de lo planteado a los altos.<\/p>\n<p class=\"\">Despu\u00e9s de una semana muy tensa, en la que todos los socios, incluido <a href=\"https:\/\/elpais.com\/economia\/2025-10-16\/diaz-cree-que-la-subida-de-las-cuotas-a-autonomos-penaliza-a-las-rentas-bajas-e-insiste-en-su-rechazo.html\" target=\"_self\" rel=\"nofollow noopener\" title=\"https:\/\/elpais.com\/economia\/2025-10-16\/diaz-cree-que-la-subida-de-las-cuotas-a-autonomos-penaliza-a-las-rentas-bajas-e-insiste-en-su-rechazo.html\">Sumar, que est\u00e1 dentro del Gobierno, <\/a>fueron dejando claro que la propuesta no ten\u00eda apoyos en el Congreso, en La Moncloa se desat\u00f3 una alarma importante. La iniciativa estaba creando un malestar grave entre los aut\u00f3nomos y le estaba dando una baza muy clara al PP, que tiene en el supuesto <a href=\"https:\/\/elpais.com\/espana\/2025-10-16\/feijoo-reorienta-la-estrategia-y-retoma-el-discurso-economico-tras-las-dudas-internas-sobre-como-combatir-a-vox.html\" target=\"_self\" rel=\"nofollow noopener\" title=\"https:\/\/elpais.com\/espana\/2025-10-16\/feijoo-reorienta-la-estrategia-y-retoma-el-discurso-economico-tras-las-dudas-internas-sobre-como-combatir-a-vox.html\">\u201cinfierno fiscal\u201d uno de los ejes de su oposici\u00f3n<\/a>. Y no solo al PP. \u201cLe est\u00e1bamos dando alas a Vox\u201d, resume un miembro del Gobierno.<\/p>\n<p class=\"\">La ministra segu\u00eda intentando hacer pedagog\u00eda y defender su propuesta como una forma de mejorar las prestaciones para los aut\u00f3nomos, que tienen mucho peores condiciones que un trabajador por cuenta ajena cuando sufren una baja o cuando van a cobrar la pensi\u00f3n, tambi\u00e9n porque cotizan mucho menos. Incluso hizo <a href=\"https:\/\/www.instagram.com\/reel\/DPjqIB_jLBV\/\" target=\"_self\" rel=\"nofollow noopener\" title=\"https:\/\/www.instagram.com\/reel\/DPjqIB_jLBV\/\">un v\u00eddeo con la responsable de Econom\u00eda del PSOE, Enma L\u00f3pez,<\/a> para defender la idea de la subida de cuotas. <\/p>\n<p class=\"\">Pero por debajo ya se estaba fraguando la rectificaci\u00f3n. S\u00e1nchez y su equipo m\u00e1s cercano en La Moncloa, seg\u00fan fuentes del Ejecutivo, ten\u00edan claro que el debate estaba totalmente perdido y estaba haciendo mucho da\u00f1o al Gobierno. Hab\u00eda que dar marcha atr\u00e1s. La ministra empezaba tambi\u00e9n a asumirlo porque ve\u00eda que ya no solo estaba en riesgo esta propuesta, sino el propio modelo pactado por todos, incluido el PP, en 2022, que implica que las cuotas vayan subiendo poco a poco para ir mejorando las prestaciones.<\/p>\n<p class=\"\">Pero al final la decisi\u00f3n la tom\u00f3 el propio S\u00e1nchez, que habl\u00f3 de este asunto con la ministra, y Mar\u00eda Jes\u00fas Montero, la vicepresidenta primera, que tambi\u00e9n despach\u00f3 con ella para pactar la nueva propuesta. S\u00e1nchez y Montero pactaron as\u00ed con Saiz la marcha atr\u00e1s, que ya estaba decidida el viernes, aunque despu\u00e9s hubo que perfilarla durante todo el fin de semana para llevarla a la mesa de negociaci\u00f3n este lunes. <\/p>\n<p class=\"\">Lo que m\u00e1s malestar ha generado dentro del Gobierno es la falta de olfato pol\u00edtico a la hora de plantear una propuesta que se gestion\u00f3 en Seguridad Social como una iniciativa que no deb\u00eda ver la luz, como un inicio de la negociaci\u00f3n. En el ministerio pensaron que la cosa se quedar\u00eda en la mesa, de forma discreta, y no hubo un aviso de posible incendio pol\u00edtico a La Moncloa, que se lo encontr\u00f3 en la prensa ya con el debate a tope.<\/p>\n<p class=\"\">El fallo de c\u00e1lculo pol\u00edtico del que hablan varias fuentes en el Gobierno incluye no entender que enfrente, la ministra ten\u00eda a un veterano como Lorenzo Amor, que lleva m\u00e1s de 20 a\u00f1os al frente de ATA, la asociaci\u00f3n de aut\u00f3nomos m\u00e1s relevante, y que r\u00e1pidamente se movi\u00f3 para ganar el debate p\u00fablico. El mismo lunes, cuando se conoci\u00f3 la iniciativa, Amor, que tambi\u00e9n es vicepresidente de la CEOE, ya hab\u00eda hablado con PP, Vox y Junts y ten\u00eda garantizado que esa subida nunca pasar\u00eda el filtro del Congreso. La patronal tiene ese mecanismo de bloqueo, que ya se us\u00f3 con la reducci\u00f3n de la jornada laboral: Junts est\u00e1 muy cerca de sus reclamaciones, y especialmente de los aut\u00f3nomos, un colectivo que interesa mucho al grupo de Carles Puigdemont, que en parte viene de la antigua CiU, siempre muy vinculada al mundo empresarial. <\/p>\n<p class=\"\">Pero el incendio fue mucho m\u00e1s grave esta vez. No solo estaba en contra la derecha del hemiciclo. Tambi\u00e9n Sumar, ERC, importantes sectores progresistas protestaban porque se sub\u00eda demasiado a los que menos ingresan. \u201cHa habido muy poca pol\u00edtica. Al menos pod\u00edan haberlo pactado con Sumar. Ni siquiera les avisaron\u201d, sentencia un miembro del Ejecutivo. \u201cNo alertaron a Moncloa, nadie vio venir esto. Pensaron que pod\u00edan poner una propuesta as\u00ed encima de la mesa y que nadie se enterara. Se ha gestionado fatal\u201d, resume otro.<\/p>\n<p class=\"\">En Seguridad Social se\u00f1alan, al contrario que otras fuentes, que todo se hizo de forma consensuada con La Moncloa, como es habitual, e insisten en que esto era solo una propuesta y no ten\u00eda por qu\u00e9 armarse un revuelo tan grande. <\/p>\n<p class=\"\">Una vez anunciada la marcha atr\u00e1s, Yolanda D\u00edaz, vicepresidenta segunda y l\u00edder de Sumar, aplaudi\u00f3 la rectificaci\u00f3n porque cree que la anterior propuesta era \u201cregresiva\u201d. Saiz se\u00f1al\u00f3 que la nueva iniciativa recoge \u201ctodas las sensibilidades\u201d.<\/p>\n<p class=\"\">Cuando la ministra vio que pod\u00eda ponerse en riesgo no solo la negociaci\u00f3n, sino el propio acuerdo de 2022, porque el PP pod\u00eda buscar una mayor\u00eda ahora para tumbarlo, decidi\u00f3 dar marcha atr\u00e1s y plantear otra opci\u00f3n que tambi\u00e9n estaba entre las posibilidades. \u201cNada se improvisa, todo est\u00e1 muy estudiado, pero estamos hablando de un inicio de la negociaci\u00f3n\u201d, se\u00f1alan fuentes de este departamento.<\/p>\n<p class=\"\">Ya con la rectificaci\u00f3n decidida, la ministra llam\u00f3 el domingo por la noche a los responsables de la negociaci\u00f3n por parte de los aut\u00f3nomos, con Amor como principal referente, y les anunci\u00f3 que habr\u00eda un cambio radical que se adaptar\u00eda a lo que ellos estaban reclamando. Ellos a\u00fan presionar\u00e1n para lograr m\u00e1s cosas, y ahora se sienten muy fuertes despu\u00e9s de una clara victoria, pero los nuevos n\u00fameros les suenan mucho mejor. El decreto en el que acabar\u00e1 toda esta negociaci\u00f3n tiene que estar listo antes del 31 de diciembre porque si no habr\u00e1 que prorrogar las cuotas actuales en 2026.<\/p>\n<p class=\"\">El problema ahora es que la rectificaci\u00f3n ha sido de tal calibre que los que est\u00e1n molestos son los sindicatos, porque no solo se congela la subida para los tramos m\u00e1s bajos, tambi\u00e9n se reduce mucho para los m\u00e1s altos, por debajo incluso del IPC, con lo cual el pacto de 2022 para actualizar cotizaciones y prestaciones queda en el aire y el sistema puede seguir generando un gran agujero fiscal y muchas injusticias entre distintos tipos de trabajadores. \u201cSe le ha dado una patada para adelante, el Gobierno se ha rajado, pero con este ambiente va a ser a\u00fan m\u00e1s dif\u00edcil resolverlo en 2026 y esto puede enquistarse\u201d, se\u00f1ala un sindicalista.<\/p>\n<p class=\"\">El Ejecutivo conf\u00eda ahora en haber cortado esta hemorragia de credibilidad en sectores relevantes como los aut\u00f3nomos. Lo que m\u00e1s malestar genera es que varios de los ministros consultados creen que esta pol\u00e9mica se pod\u00eda haber evitado planteando desde el primer momento la propuesta final o gestionando la crisis de otra manera. El Gobierno lleva varias semanas buenas en el frente pol\u00edtico \u2014no as\u00ed en el judicial, donde el desgaste permanente sigue ah\u00ed con el caso \u00c1balos\u2014 y esto ha sido un error no forzado en algo que depend\u00eda de la voluntad del Ejecutivo, que es quien dirige la negociaci\u00f3n. Ahora lo dan por reconducido, y conf\u00edan en que se disipe r\u00e1pido la polvareda, pero la lecci\u00f3n queda muy clara para los pr\u00f3ximos meses. Cualquier asunto que afecte a los aut\u00f3nomos o que suponga subidas de cuotas o de impuestos es extremadamente sensible en este momento pol\u00edtico y adem\u00e1s puede ser frenado r\u00e1pidamente por el bloque PP-Vox-Junts, as\u00ed que el Ejecutivo tendr\u00e1 que andar con pies de plomo en todas estas cuestiones. Y lo m\u00e1s probable, seg\u00fan coinciden varios miembros del Gobierno impresionados por la virulenta reacci\u00f3n ante subidas que iban desde los 17 euros mensuales para los tramos bajos a los 206 para los altos, de m\u00e1s de 6.000 euros mensuales, que ahora solo subir\u00e1n entre 2,9 y 14,75 euros, es que no tenga margen para casi ning\u00fan tipo de reforma que afecte a estos asuntos.<\/p>\n<p><script async src=\"\/\/www.instagram.com\/embed.js\"><\/script><\/p>\n","protected":false},"excerpt":{"rendered":"Un fallo de c\u00e1lculo pol\u00edtico de libro. Esta es la idea que se ha instalado en todo el&hellip;\n","protected":false},"author":2,"featured_media":190746,"comment_status":"","ping_status":"","sticky":false,"template":"","format":"standard","meta":{"footnotes":""},"categories":[8],"tags":[20587,17,18,10027,25,24,13,14,582,11,19,20,764,9,10,15,16,2959,956,1699,11755,23,4453,12,21,22,624,4454],"class_list":{"0":"post-190745","1":"post","2":"type-post","3":"status-publish","4":"format-standard","5":"has-post-thumbnail","7":"category-espana","8":"tag-ata","9":"tag-breaking-news","10":"tag-breakingnews","11":"tag-elma-saiz","12":"tag-es","13":"tag-espana","14":"tag-featured-news","15":"tag-featurednews","16":"tag-gobierno","17":"tag-headlines","18":"tag-latest-news","19":"tag-latestnews","20":"tag-maria-jesus-montero","21":"tag-news","22":"tag-noticias","23":"tag-noticias-destacadas","24":"tag-noticiasdestacadas","25":"tag-pedro-sanchez","26":"tag-pp","27":"tag-psoe","28":"tag-seguridad-social","29":"tag-spain","30":"tag-sumar","31":"tag-titulares","32":"tag-ultimas-noticias","33":"tag-ultimasnoticias","34":"tag-vox","35":"tag-yolanda-diaz"},"share_on_mastodon":{"url":"https:\/\/pubeurope.com\/@es\/115410229186193290","error":""},"_links":{"self":[{"href":"https:\/\/www.europesays.com\/es\/wp-json\/wp\/v2\/posts\/190745","targetHints":{"allow":["GET"]}}],"collection":[{"href":"https:\/\/www.europesays.com\/es\/wp-json\/wp\/v2\/posts"}],"about":[{"href":"https:\/\/www.europesays.com\/es\/wp-json\/wp\/v2\/types\/post"}],"author":[{"embeddable":true,"href":"https:\/\/www.europesays.com\/es\/wp-json\/wp\/v2\/users\/2"}],"replies":[{"embeddable":true,"href":"https:\/\/www.europesays.com\/es\/wp-json\/wp\/v2\/comments?post=190745"}],"version-history":[{"count":0,"href":"https:\/\/www.europesays.com\/es\/wp-json\/wp\/v2\/posts\/190745\/revisions"}],"wp:featuredmedia":[{"embeddable":true,"href":"https:\/\/www.europesays.com\/es\/wp-json\/wp\/v2\/media\/190746"}],"wp:attachment":[{"href":"https:\/\/www.europesays.com\/es\/wp-json\/wp\/v2\/media?parent=190745"}],"wp:term":[{"taxonomy":"category","embeddable":true,"href":"https:\/\/www.europesays.com\/es\/wp-json\/wp\/v2\/categories?post=190745"},{"taxonomy":"post_tag","embeddable":true,"href":"https:\/\/www.europesays.com\/es\/wp-json\/wp\/v2\/tags?post=190745"}],"curies":[{"name":"wp","href":"https:\/\/api.w.org\/{rel}","templated":true}]}}