{"id":190774,"date":"2025-10-21T04:46:07","date_gmt":"2025-10-21T04:46:07","guid":{"rendered":"https:\/\/www.europesays.com\/es\/190774\/"},"modified":"2025-10-21T04:46:07","modified_gmt":"2025-10-21T04:46:07","slug":"el-juvenil-femenino-del-gab-jaen-logra-su-primera-victoria-en-division-de-honor","status":"publish","type":"post","link":"https:\/\/www.europesays.com\/es\/190774\/","title":{"rendered":"El juvenil femenino del GAB Ja\u00e9n logra su primera victoria en Divisi\u00f3n de Honor"},"content":{"rendered":"<p data-start=\"334\" data-end=\"666\">El <strong>equipo juvenil femenino<\/strong> del <strong>BM Torredelcampo-GAB Ja\u00e9n<\/strong> estren\u00f3 su casillero de victorias en la <strong>tercera jornada<\/strong> de la <strong>Divisi\u00f3n de Honor<\/strong>. Lo hizo con una <strong>meritoria victoria por 25-23<\/strong> frente al Igluvan CBM de C\u00f3rdoba\u00a0en un encuentro muy disputado celebrado en el Pabell\u00f3n Municipal 18 de Febrero de Torredelcampo.<\/p>\n<p data-start=\"668\" data-end=\"1032\">Las <strong>jiennenses<\/strong> <strong>dominaron el marcador<\/strong> desde el inicio, aunque sin lograr una ventaja amplia que les permitiera jugar con tranquilidad. El partido se mantuvo igualado hasta el final, con un alto nivel de intensidad por parte de ambos conjuntos. <strong>Carla Martos<\/strong> fue la <strong>m\u00e1xima anotadora<\/strong> por parte del equipo local, mientras que <strong>Luc\u00eda Sanz<\/strong> destac\u00f3 en el conjunto cordob\u00e9s.<\/p>\n<p data-start=\"1034\" data-end=\"1199\">Este <strong>triunfo<\/strong> supone un <strong>impulso moral importante<\/strong> para las chicas del <strong>Torredelcampo\/GAB Ja\u00e9n<\/strong>, que ven recompensado su <strong>esfuerzo con los primeros puntos<\/strong> de la temporada.<\/p>\n<p data-start=\"1201\" data-end=\"1522\">En el <strong>apartado masculino<\/strong>, el <strong>AM SYSTEM GAB Ja\u00e9n<\/strong> se qued\u00f3 muy cerca de sumar su <strong>primera victoria<\/strong>\u00a0en su visita al <strong>TROPS Atl\u00e9tico M\u00e1laga<\/strong>, donde perdi\u00f3 por 26-22. El equipo jiennense mostr\u00f3 una gran imagen en un choque donde lleg\u00f3 a dominar el marcador durante toda la primera parte y en el que se mantuvo con opciones\u00a0buena parte de la segunda.<\/p>\n<p data-start=\"1524\" data-end=\"1952\">Los <strong>\u00faltimos minutos<\/strong> marcaron la diferencia a favor del <strong>conjunto malague\u00f1o<\/strong>, que supo aprovechar los errores puntuales del rival. Pese al resultado, sobresali\u00f3 la actuaci\u00f3n del <strong>portero Mat\u00edas Tello<\/strong>, que evit\u00f3 un marcador\u00a0m\u00e1s abultado. <strong>Jes\u00fas Moreno<\/strong> fue el <strong>m\u00e1ximo goleador<\/strong> del equipo de la capital, con nueve tantos. Con esta derrota, el GAB Ja\u00e9n\u00a0se mantiene\u00a0en la \u00faltima posici\u00f3n de la tabla, pero las\u00a0sensaciones mejoran con vistas\u00a0a las <strong>pr\u00f3ximas jornadas<\/strong>.<\/p>\n<p data-start=\"1954\" data-end=\"2234\">Por otra parte, la <strong>jornada no fue favorable<\/strong> para los <strong>equipos cadetes<\/strong>. En su <strong>visita a Maracena<\/strong>, ambos conjuntos fueron derrotados con claridad. El <strong>equipo femenino<\/strong> perdi\u00f3 por 40-21 ante el <strong>Fercla Seguros BM<\/strong>, mientras que\u00a0los chicos del <strong>equipo cadete<\/strong>\u00a0sucumbieron por\u00a042 a 20 ante el <strong>ITT BM Maracena<\/strong>.<\/p>\n","protected":false},"excerpt":{"rendered":"El equipo juvenil femenino del BM Torredelcampo-GAB Ja\u00e9n estren\u00f3 su casillero de victorias en la tercera jornada de&hellip;\n","protected":false},"author":2,"featured_media":190775,"comment_status":"","ping_status":"","sticky":false,"template":"","format":"standard","meta":{"footnotes":""},"categories":[278],"tags":[376,168,25,24,38995,375,23,167],"class_list":{"0":"post-190774","1":"post","2":"type-post","3":"status-publish","4":"format-standard","5":"has-post-thumbnail","7":"category-balonmano","8":"tag-balonmano","9":"tag-deportes","10":"tag-es","11":"tag-espana","12":"tag-gab-jaen","13":"tag-handball","14":"tag-spain","15":"tag-sports"},"share_on_mastodon":{"url":"https:\/\/pubeurope.com\/@es\/115410343224919340","error":""},"_links":{"self":[{"href":"https:\/\/www.europesays.com\/es\/wp-json\/wp\/v2\/posts\/190774","targetHints":{"allow":["GET"]}}],"collection":[{"href":"https:\/\/www.europesays.com\/es\/wp-json\/wp\/v2\/posts"}],"about":[{"href":"https:\/\/www.europesays.com\/es\/wp-json\/wp\/v2\/types\/post"}],"author":[{"embeddable":true,"href":"https:\/\/www.europesays.com\/es\/wp-json\/wp\/v2\/users\/2"}],"replies":[{"embeddable":true,"href":"https:\/\/www.europesays.com\/es\/wp-json\/wp\/v2\/comments?post=190774"}],"version-history":[{"count":0,"href":"https:\/\/www.europesays.com\/es\/wp-json\/wp\/v2\/posts\/190774\/revisions"}],"wp:featuredmedia":[{"embeddable":true,"href":"https:\/\/www.europesays.com\/es\/wp-json\/wp\/v2\/media\/190775"}],"wp:attachment":[{"href":"https:\/\/www.europesays.com\/es\/wp-json\/wp\/v2\/media?parent=190774"}],"wp:term":[{"taxonomy":"category","embeddable":true,"href":"https:\/\/www.europesays.com\/es\/wp-json\/wp\/v2\/categories?post=190774"},{"taxonomy":"post_tag","embeddable":true,"href":"https:\/\/www.europesays.com\/es\/wp-json\/wp\/v2\/tags?post=190774"}],"curies":[{"name":"wp","href":"https:\/\/api.w.org\/{rel}","templated":true}]}}