{"id":190795,"date":"2025-10-21T05:04:08","date_gmt":"2025-10-21T05:04:08","guid":{"rendered":"https:\/\/www.europesays.com\/es\/190795\/"},"modified":"2025-10-21T05:04:08","modified_gmt":"2025-10-21T05:04:08","slug":"rosalia-corre-por-la-gran-via-literalmente-para-anunciar-su-nuevo-disco-lux-el-pais-expres","status":"publish","type":"post","link":"https:\/\/www.europesays.com\/es\/190795\/","title":{"rendered":"Rosal\u00eda corre por la Gran V\u00eda (literalmente) para anunciar su nuevo disco, \u2018Lux\u2019 | El PA\u00cdS Expr\u00e9s"},"content":{"rendered":"<p><img fetchpriority=\"high\" decoding=\"auto\" class=\"_re  a_m-h\" height=\"414\"  width=\"414\"  src=\"https:\/\/www.europesays.com\/es\/wp-content\/uploads\/2025\/10\/35SLZPJEY5GQLGHXCFXL2UJ4BE.jpg\" loading=\"eager\"\/>MADRID, 20\/10\/2025.- La artista Rosal\u00eda a su llegada a Callao en una aparici\u00f3n sorpresa para presentar su cuarto \u00e1lbum, este lunes en Madrid. EFE\/ Juanjo Mart\u00edn&#13;<br \/>\nFoto: Juanjo Mart\u00edn (EFE)<\/p>\n<p class=\"\">Rosal\u00eda vuelve a convertir el lanzamiento de un disco en un acontecimiento cultural. La artista catalana, de 33 a\u00f1os, ha anunciado el t\u00edtulo y la fecha de publicaci\u00f3n de su nuevo \u00e1lbum, Lux, que saldr\u00e1 el 7 de noviembre.<\/p>\n<p class=\"\"><b>El anuncio no ha dejado a nadie indiferente: <\/b>todo comenz\u00f3 con una de las ic\u00f3nicas pantallas de Times Square, donde apareci\u00f3 el t\u00edtulo del nuevo disco y su fecha de salida. <\/p>\n<ul>\n<li>Pero lo que parec\u00eda una campa\u00f1a milimetrada result\u00f3 no serlo tanto: Rosal\u00eda reaccion\u00f3 en directo, sorprendida por la noticia, y asegur\u00f3 que la revelaci\u00f3n se hab\u00eda adelantado por error.<\/li>\n<\/ul>\n<p class=\"\"><b>Y esto termin\u00f3 en una yincana urbana: <\/b>el acto central del anuncio deb\u00eda tener lugar en la madrile\u00f1a Plaza de Callao. <\/p>\n<ul>\n<li>Rosal\u00eda se dirigi\u00f3 all\u00ed en coche, retransmitiendo parte del trayecto. <\/li>\n<li>Pero el tr\u00e1fico y la multitud hizo que la artista tuviera que bajarse y acabar corriendo entre fans que la persegu\u00edan y la jaleaban por la Gran V\u00eda. <\/li>\n<li>Finalmente, se refugi\u00f3 en un hotel, desde cuya ventana salud\u00f3 brevemente al p\u00fablico.<\/li>\n<\/ul>\n<p class=\"\"><b>\u00bfQu\u00e9 m\u00e1s sabemos por ahora? <\/b>La portada del disco muestra a Rosal\u00eda vestida de blanco, con un velo y las manos ocultas dentro de su camisa, una imagen que remite al imaginario mon\u00e1stico.<\/p>\n<ul>\n<li>Lux significa \u201cluz\u201d en lat\u00edn, y el concepto parece conectar con la dimensi\u00f3n espiritual que la cantante lleva tiempo explorando.<\/li>\n<\/ul>\n<p class=\"\">\u00a9Foto: Juanjo Mart\u00edn (Efe).<\/p>\n<p class=\"\"><a href=\"https:\/\/elpais.com\/cultura\/2025-10-20\/rosalia-anuncia-el-titulo-de-su-nuevo-disco-lux-y-el-dia-de-publicacion-7-de-noviembre.html\" target=\"_self\" rel=\"nofollow noopener\" title=\"https:\/\/elpais.com\/cultura\/2025-10-20\/rosalia-anuncia-el-titulo-de-su-nuevo-disco-lux-y-el-dia-de-publicacion-7-de-noviembre.html\">Si quieres saber m\u00e1s, puedes leer aqu\u00ed.<\/a><\/p>\n","protected":false},"excerpt":{"rendered":"MADRID, 20\/10\/2025.- La artista Rosal\u00eda a su llegada a Callao en una aparici\u00f3n sorpresa para presentar su cuarto&hellip;\n","protected":false},"author":2,"featured_media":190796,"comment_status":"","ping_status":"","sticky":false,"template":"","format":"standard","meta":{"footnotes":""},"categories":[91],"tags":[505,209,20062,146,147,25,24,185,725,4147,23],"class_list":{"0":"post-190795","1":"post","2":"type-post","3":"status-publish","4":"format-standard","5":"has-post-thumbnail","7":"category-entretenimiento","8":"tag-artistas","9":"tag-cultura","10":"tag-discos-musica","11":"tag-entertainment","12":"tag-entretenimiento","13":"tag-es","14":"tag-espana","15":"tag-musica","16":"tag-musicos","17":"tag-rosalia","18":"tag-spain"},"share_on_mastodon":{"url":"","error":""},"_links":{"self":[{"href":"https:\/\/www.europesays.com\/es\/wp-json\/wp\/v2\/posts\/190795","targetHints":{"allow":["GET"]}}],"collection":[{"href":"https:\/\/www.europesays.com\/es\/wp-json\/wp\/v2\/posts"}],"about":[{"href":"https:\/\/www.europesays.com\/es\/wp-json\/wp\/v2\/types\/post"}],"author":[{"embeddable":true,"href":"https:\/\/www.europesays.com\/es\/wp-json\/wp\/v2\/users\/2"}],"replies":[{"embeddable":true,"href":"https:\/\/www.europesays.com\/es\/wp-json\/wp\/v2\/comments?post=190795"}],"version-history":[{"count":0,"href":"https:\/\/www.europesays.com\/es\/wp-json\/wp\/v2\/posts\/190795\/revisions"}],"wp:featuredmedia":[{"embeddable":true,"href":"https:\/\/www.europesays.com\/es\/wp-json\/wp\/v2\/media\/190796"}],"wp:attachment":[{"href":"https:\/\/www.europesays.com\/es\/wp-json\/wp\/v2\/media?parent=190795"}],"wp:term":[{"taxonomy":"category","embeddable":true,"href":"https:\/\/www.europesays.com\/es\/wp-json\/wp\/v2\/categories?post=190795"},{"taxonomy":"post_tag","embeddable":true,"href":"https:\/\/www.europesays.com\/es\/wp-json\/wp\/v2\/tags?post=190795"}],"curies":[{"name":"wp","href":"https:\/\/api.w.org\/{rel}","templated":true}]}}