{"id":19091,"date":"2025-08-01T18:28:07","date_gmt":"2025-08-01T18:28:07","guid":{"rendered":"https:\/\/www.europesays.com\/es\/19091\/"},"modified":"2025-08-01T18:28:07","modified_gmt":"2025-08-01T18:28:07","slug":"manchester-united-sumara-un-analista-de-datos-del-equipo-de-mercedes-benz-de-la-formula-1","status":"publish","type":"post","link":"https:\/\/www.europesays.com\/es\/19091\/","title":{"rendered":"Manchester United sumar\u00e1 un analista de datos del equipo de Mercedes Benz de la F\u00f3rmula 1"},"content":{"rendered":"<p>\t\t\t\t<strong>Manchester United<\/strong> contrat\u00f3 a un <strong>analista de datos<\/strong> del equipo de <strong>Mercedes Benz<\/strong> de la <strong>F\u00f3rmula 1<\/strong>. El due\u00f1o del <strong>Grupo INEOS<\/strong> (accionista mayoritario del club) hab\u00eda dicho en una <strong>entrevista<\/strong> que el <strong>club<\/strong> \u201ctodav\u00eda est\u00e1 en el siglo pasado en materia de <strong>an\u00e1lisis de datos<\/strong>\u201d y que \u201crealmente no existe\u201d ese \u00e1rea en el club.<\/p>\n<p>Es por eso que se puso manos a la obra y despu\u00e9s de algunos meses de negociaciones, sum\u00f3 una <strong>incorporaci\u00f3n rutilante<\/strong>.<\/p>\n<p><img decoding=\"async\" class=\"lazyload\" loading=\"lazy\" src=\"\/fotos\/externas\/manchester-united-sumara-analista-datos-equipo-mercedes-benz-formula-1-1754064030-0.webp\" style=\"width:100%;max-width:600px;height:auto;\" width=\"500\" height=\"250\" alt=\"\"\/><\/p>\n<p><img decoding=\"async\" class=\"lazyload\" loading=\"lazy\" src=\"\/img\/noticias\/thumb\/barcelona-anuncio-finalmente-asociacion-republica-congo.webp\" alt=\"El Barcelona anunci\u00f3 finalmente su asociaci\u00f3n con la Rep\u00fablica del Congo\" width=\"75\" height=\"75\"\/><br \/>\n<br \/>\nSe trata de <strong>Michael Sansoni<\/strong>, ex miembro del equipo de <strong>F\u00f3rmula 1 Mercedes AMG Petronas<\/strong>. Si bien no tiene experiencia en el <strong>mundo del f\u00fatbol<\/strong>, es una aut\u00e9ntica eminencia en su rubro.<\/p>\n<p>Lleg\u00f3 a <strong>Mercedes<\/strong> en <strong>2014<\/strong> para hacer <strong>pr\u00e1cticas<\/strong> y termin\u00f3 qued\u00e1ndose durante m\u00e1s de <strong>diez a\u00f1os<\/strong>. Pas\u00f3 por el puesto de Ingeniero de <strong>Simulaci\u00f3n<\/strong> y escal\u00f3 hasta convertirse en el <strong>Ingeniero de Rendimiento<\/strong> del mism\u00edsimo <strong>Lewis Hamilton<\/strong> en <strong>2023<\/strong> y hasta su salida a fines del <strong>2024.<\/strong><\/p>\n<p><img decoding=\"async\" class=\"lazyload\" loading=\"lazy\" src=\"\/img\/noticias\/thumb\/barcelona-nike-lanzaron-camiseta-homenaje-kobe-bryant.webp\" alt=\"Barcelona y Nike lanzaron una camiseta en homenaje a Kobe Bryant\" width=\"75\" height=\"75\"\/><\/p>\n","protected":false},"excerpt":{"rendered":"Manchester United contrat\u00f3 a un analista de datos del equipo de Mercedes Benz de la F\u00f3rmula 1. El&hellip;\n","protected":false},"author":2,"featured_media":19092,"comment_status":"","ping_status":"","sticky":false,"template":"","format":"standard","meta":{"footnotes":""},"categories":[270],"tags":[4597,82,168,25,24,306,271,272,282,2736,11779,1725,2733,23,167,327],"class_list":{"0":"post-19091","1":"post","2":"type-post","3":"status-publish","4":"format-standard","5":"has-post-thumbnail","7":"category-formula-1","8":"tag-basquet","9":"tag-business","10":"tag-deportes","11":"tag-es","12":"tag-espana","13":"tag-f1","14":"tag-formula-1","15":"tag-formula1","16":"tag-futbol","17":"tag-marketing","18":"tag-marketing-registrado","19":"tag-nba","20":"tag-negocios","21":"tag-spain","22":"tag-sports","23":"tag-tenis"},"share_on_mastodon":{"url":"","error":""},"_links":{"self":[{"href":"https:\/\/www.europesays.com\/es\/wp-json\/wp\/v2\/posts\/19091","targetHints":{"allow":["GET"]}}],"collection":[{"href":"https:\/\/www.europesays.com\/es\/wp-json\/wp\/v2\/posts"}],"about":[{"href":"https:\/\/www.europesays.com\/es\/wp-json\/wp\/v2\/types\/post"}],"author":[{"embeddable":true,"href":"https:\/\/www.europesays.com\/es\/wp-json\/wp\/v2\/users\/2"}],"replies":[{"embeddable":true,"href":"https:\/\/www.europesays.com\/es\/wp-json\/wp\/v2\/comments?post=19091"}],"version-history":[{"count":0,"href":"https:\/\/www.europesays.com\/es\/wp-json\/wp\/v2\/posts\/19091\/revisions"}],"wp:featuredmedia":[{"embeddable":true,"href":"https:\/\/www.europesays.com\/es\/wp-json\/wp\/v2\/media\/19092"}],"wp:attachment":[{"href":"https:\/\/www.europesays.com\/es\/wp-json\/wp\/v2\/media?parent=19091"}],"wp:term":[{"taxonomy":"category","embeddable":true,"href":"https:\/\/www.europesays.com\/es\/wp-json\/wp\/v2\/categories?post=19091"},{"taxonomy":"post_tag","embeddable":true,"href":"https:\/\/www.europesays.com\/es\/wp-json\/wp\/v2\/tags?post=19091"}],"curies":[{"name":"wp","href":"https:\/\/api.w.org\/{rel}","templated":true}]}}