{"id":190920,"date":"2025-10-21T06:29:23","date_gmt":"2025-10-21T06:29:23","guid":{"rendered":"https:\/\/www.europesays.com\/es\/190920\/"},"modified":"2025-10-21T06:29:23","modified_gmt":"2025-10-21T06:29:23","slug":"presentacion-del-equipo-red-bull-2025-diseno-y-pilotos","status":"publish","type":"post","link":"https:\/\/www.europesays.com\/es\/190920\/","title":{"rendered":"Presentaci\u00f3n del equipo Red Bull 2025: Dise\u00f1o y pilotos"},"content":{"rendered":"<p>Por primera vez en la historia del deporte, los 10 equipos y 20 pilotos de F1 se reunieron en un escenario para una presentaci\u00f3n en directo retransmitida en todo el mundo, dando a los aficionados un primer vistazo a las libreas y equipaciones de la temporada 2025. Con m\u00fasica, comedia y espectaculares efectos visuales, el evento en directo fue retransmitido en todo el mundo por las cadenas nacionales de F1, como Servus TV, y en el canal oficial de F1 en YouTube.<\/p>\n<p>Presentado por el c\u00f3mico y actor Jack Whitehall (Jungle Cruise), el espect\u00e1culo en directo cont\u00f3 con la m\u00fasica de la sensaci\u00f3n del country estadounidense Kane Brown, el galardonado artista mgk, el compositor oficial de F1 Brian Tyler&#8217;s Are We Dreaming &#8211; y la ic\u00f3nica banda brit\u00e1nica Take That.<\/p>\n<p><a class=\"inline-image__link\" href=\"https:\/\/img.redbull.com\/images\/q_auto,f_auto\/redbullcom\/2025\/2\/18\/didzyjdhkpd41v8btkly\/f1-2025-launch-flag\" title=\"The new RB21 will fly the flag for Red Bull Racing\" rel=\"nofollow noopener\" target=\"_blank\"><img decoding=\"async\" class=\"image-view__content\" src=\"data:image\/webp;base64,UklGRsYBAABXRUJQVlA4ILoBAACQDwCdASpkAEMAP1maw1iyP6ejr5S6q\/ArCU2M65MP\/wLe0K\/URaRiH\/+NN\/0X7ZrG9n7WAnWeo3gKA0E3MpmiXapWenlyhoib6s9kGTDP1F23zS7mMiZNsQX5l4dhW6TLnwvzTt\/1bsJhP0vl2zVLWvg8U0PV2RDln11INPlkfxVlVmwAAP7urCH8KB7pkvdaXiPSyQ93oWp7\/A9ZktM9pFKHt3bqTFqmEsI7193N3SWma1U0r5KElA6t0HwD8cEmdfRaAyOor+1Ls4ID5pCMsbHxI902bYCCMz0wt6RWkex+3ZK51D\/5Duz5vI5Xc32ZTT1c1tOW0oNG4YGppsNnhwRGMuLsLdup9vHN0IqWnsPlit42KyMckdpghnbMlnfhNFCV+eFyX6ksycPzTdFJsnfm1X38TEuSMBv1Ppd6o9Xz8J3mbeqJo+AOCsIuLM+7hWyMCjIedxVcFTA0mjbVnZorBjRUM3Q8gETHQHYBL9WlWX5ysGZFOr+FfXQ0ZB5UEj9fdQyxmfU3gKiRHndMw+AnSwk8DP9VdxDaijyrbIQOH6bySRxvkllZjPSVDvQXhuhFgsXR5AAA\" alt=\"The stage during F1 75 Live at The O2 Arena on February 18, 2025 in London, England.\" title=\"The new RB21 will fly the flag for Red Bull Racing\" data-id=\"rrn:content:images:a0bce547-0f22-4384-abeb-9bf9e26ee543:en-INT\" data-preview-src=\"https:\/\/www.europesays.com\/es\/wp-content\/uploads\/2025\/10\/f1-2025-launch-flag.webp\"\/><\/a><\/p>\n<p class=\"cosmos-text cosmos-text--spacing-none cosmos-text--kind-normal cosmos-text--weight-regular cosmos-text--appearance-dark cosmos-text--size-xx-small@small cosmos-text--size-small@large sc-cosmos-text-11-4-1 sc-cosmos-text-11-4-1-s\" part=\"base\">The new RB21 will fly the flag for Red\u00a0Bull Racing<\/p>\n<p class=\"cosmos-text cosmos-text--spacing-none cosmos-text--kind-subtle cosmos-text--weight-regular cosmos-text--appearance-dark cosmos-text--size-xx-small sc-cosmos-text-11-4-1 sc-cosmos-text-11-4-1-s\" part=\"base\">\u00a9 Zak Mauger\/Getty Images\/Red\u00a0Bull Content Pool<\/p>\n<p>01<\/p>\n<p>Oracle Red\u00a0Bull Racing, protagonista<\/p>\n<p>El tetracampe\u00f3n del mundo Max Verstappen, su nuevo compa\u00f1ero de equipo Liam Lawson y el jefe del equipo Christian Horner tomaron el centro del escenario para el equipo Oracle Red\u00a0Bull Racing, acompa\u00f1ados por Start Me Up de The Rolling Stones. \u201cStart Me Up de los Rolling Stones. Era una de las favoritas de nuestro fundador, Dietrich Mateschitz, y tocamos esa canci\u00f3n en el garaje despu\u00e9s de cada victoria. As\u00ed que el a\u00f1o pasado la pusimos nueve veces para celebrar que Max ganaba su cuarto Campeonato del Mundo consecutivo\u201d.<\/p>\n<p>\u201cEste a\u00f1o, tenemos una nueva alineaci\u00f3n, y a Max se une nuestro joven neozeland\u00e9s Liam Lawson. Liam aporta una nueva din\u00e1mica muy emocionante al equipo, y estamos deseando competir contra algunos rivales incre\u00edbles este a\u00f1o en lo que va a ser un Campeonato del Mundo muy re\u00f1ido\u201d.<\/p>\n<p>Bas\u00e1ndose en el aspecto ic\u00f3nico del equipo, la librea de 2025 luce los colores azul oscuro, rojo de carreras y amarillo intenso del equipo y el logotipo de Red\u00a0Bull que ha llevado a Max a cuatro Campeonatos del Mundo de Pilotos.<\/p>\n<p>02<\/p>\n<p>Equipo: Oracle Red\u00a0Bull Racing RB21<a class=\"inline-image__link\" href=\"https:\/\/img.redbull.com\/images\/q_auto,f_auto\/redbullcom\/2025\/2\/19\/ovzcf2rebskzz1klz0th\/red-bull-racing-rb21-gallery\" title=\"The RB21 seen from in front\" rel=\"nofollow noopener\" target=\"_blank\"><img decoding=\"async\" class=\"image-view__content\" src=\"data:image\/webp;base64,UklGRl4CAABXRUJQVlA4IFICAADQEQCdASpkAH0AP1meyF4yKjI0JdgKcoArCWUG+OZp4sRpjde6znIjm+d2fVBj0UvWOz9j6bRUzkWZ2o8Udt8dYScGq16NrMb+JZogjiPFn4KpYUEz0FK\/cV9lhsHgLMM\/plFQwAeNdcDv1154HI2lkhgFytRADGrT5eUSswsqfnRnsJ5EqIO7zNdHwlCiZyitgymVoUVAAP7toYQCSMm8JAVTVm9Gz3ZxeBqhDtRUqxQp1YaTh5+8gyFndVlKNwLajsMS9AUUvJlJ2GdA9tqXfBsIRUMZS9rG26o0J7PgovQbq\/6G8TVF1CrpqKysE+K8JfexYuCT12X73KbgQD8RYaCtqcxaArd9pHz6zk8NvB+RQdUH8gEhRpHxke8zsvn1qgGkayydsJRoSFYMJTecevZ90BT3fqumkqgOd5S+sXoWsnRbHdnxhFzIPpMldLu4cSUeHlMhsk\/fG4yJmxIvSC4cRxgyHtr0Zj3VzSY0WrQHND0VC6iLS1\/rV0Q+rDKksAc9KpZD1xA01x5sjlrD5oyvmlQZR3kLPrx\/kOpGu+wg46Pi5BbWCFUrF5pZv8NwBPAaPkPqjoZfwUuWm6pnVMS39oGkF7DLQhvepLwG27HabMYjQ71hQXxUZ8xcHUjXcN5WbntPzZlZgweEXQEjmADk0C7fDywBe6MTRze0E1M\/\/vvoZ2bP9vW16LF2BJ+jBo9cGoSIVQl8cZP\/0U43IXYP0lFOwqdhyBAEc\/HURXRKvL+aFvGCxnQgOo80le\/ck1GcjwHtc1TK\/N2aoZwAAAA=\" alt=\"Digital render of the new Red Bull Racing RB21 which will race in the 2025 F1 season.\" title=\"The RB21 seen from in front\" data-id=\"rrn:content:images:e6e02416-519e-4409-9c04-ee59543ec76b:en-INT\" data-preview-src=\"https:\/\/www.europesays.com\/es\/wp-content\/uploads\/2025\/10\/red-bull-racing-rb21-gallery.webp\"\/><\/a><\/p>\n<p class=\"cosmos-text cosmos-text--spacing-none cosmos-text--kind-normal cosmos-text--weight-regular cosmos-text--appearance-dark cosmos-text--size-xx-small@small cosmos-text--size-small@large sc-cosmos-text-11-4-1 sc-cosmos-text-11-4-1-s\" part=\"base\">The RB21 seen from in front<\/p>\n<p class=\"cosmos-text cosmos-text--spacing-none cosmos-text--kind-subtle cosmos-text--weight-regular cosmos-text--appearance-dark cosmos-text--size-xx-small sc-cosmos-text-11-4-1 sc-cosmos-text-11-4-1-s\" part=\"base\">\u00a9 Red\u00a0Bull Racing\/Red\u00a0Bull Content Pool<\/p>\n<p><a class=\"inline-image__link\" href=\"https:\/\/img.redbull.com\/images\/q_auto,f_auto\/redbullcom\/2025\/2\/19\/nmne4twc9vogspzwwemc\/red-bull-racing-rb21-gallery\" title=\"The bold livery of the 2025 RB21\" rel=\"nofollow noopener\" target=\"_blank\"><img decoding=\"async\" class=\"image-view__content\" src=\"data:image\/webp;base64,UklGRsYBAABXRUJQVlA4ILoBAADQDQCdASpkADgAP1mWvVgyKi2jsBSdskArCWVs0F69k0WStD\/aKOdTV+y7puGO33OgajR+hkOmI6ycvNaA+PYNW+5cRwPcfVISR6zpFXJTTHdV4+W7RC14feQjjkZodi4Ecar45uDj1L0+fDWB6Vmi6HH7cmCBAAD+2Oj435LedaDTbXSqToE02oTrJ73WoV\/LsnDP0U712CxxEiTWkEAgXIzrzH7cCA6+3xMxpdZTiIy5Caap4ZueA695Kp2yH3kNe63BHfq\/NWSfDJRczaQnKf\/nR3H62tLHlxWmozkCBQWMuv5t\/JzM5O\/jAvJW+PFaDSjxdG5R2bT6pIIQ9rB8d2BT8LwqoVWpuWlqmzfPl0xNjOqJAF06ur9MualCY21hdJKqlMYKlOvBZqkizq5qkXP4cdGCcR8IezOua8EZvuk8oXdhrum5DHQgCaUSZFNOIsupzvh02hVu4P5d13tuTE9bzzihuKG75md1MhQdqYKtDV5fYbg7nyNXFViLnFFgnmjKaYxelJOKlxVFgi7q6+EvwXVRIIUR97AcgZlsk6zRgCsNWULxOIAVR+yypVkf3soPsSN6MgAA\" alt=\"Digital render of the new Red Bull Racing RB21 which will race in the 2025 F1 season.\" title=\"The bold livery of the 2025 RB21\" data-id=\"rrn:content:images:ec8542ea-eae2-43f8-9d1c-a6b79497b2d2:en-INT\" data-preview-src=\"https:\/\/www.europesays.com\/es\/wp-content\/uploads\/2025\/10\/1761028158_820_red-bull-racing-rb21-gallery.webp\"\/><\/a><\/p>\n<p class=\"cosmos-text cosmos-text--spacing-none cosmos-text--kind-normal cosmos-text--weight-regular cosmos-text--appearance-dark cosmos-text--size-xx-small@small cosmos-text--size-small@large sc-cosmos-text-11-4-1 sc-cosmos-text-11-4-1-s\" part=\"base\">The bold livery of the 2025 RB21<\/p>\n<p class=\"cosmos-text cosmos-text--spacing-none cosmos-text--kind-subtle cosmos-text--weight-regular cosmos-text--appearance-dark cosmos-text--size-xx-small sc-cosmos-text-11-4-1 sc-cosmos-text-11-4-1-s\" part=\"base\">\u00a9 Red\u00a0Bull Racing\/Red\u00a0Bull Content Pool<\/p>\n<p><a class=\"inline-image__link\" href=\"https:\/\/img.redbull.com\/images\/q_auto,f_auto\/redbullcom\/2025\/2\/19\/fxxcikcewatso25dezwa\/red-bull-racing-rb21-above\" title=\"Detail of the new Red Bull Racing RB21&#039;s cockpit\" rel=\"nofollow noopener\" target=\"_blank\"><img decoding=\"async\" class=\"image-view__content\" src=\"data:image\/webp;base64,UklGRvwCAABXRUJQVlA4IPACAACQFQCdASpkAH0AP1mixVyyK7EsJ3TrukArCUAazdVeYRSJD2KbK395V0nbGbQxx48PDH3oP+SOm+2SpOIS5WCaEeXSSIhkejpGRDhzCBEFxBoL\/rSreUph\/eCMxMXZQSF8jDnparxGfeTF0fVA5aUiUhmQjqauSRpOjy+qLYABg6b4WCHthOkslyarc8XBHi9UjsRuu4fEsqs3jdj+Yukjkv51pQljVfWr5aCEmmZbGJGvCl4AAP7wrtc1qlExqRFvUb2EoT1kzrBMqX45bDMKvLynUaemlzhaza3cnBsjOPaqmXxQk9AD4h46TBwvVLBgEQ7Y5Q3jz8JGX+3IAIen544m3HnGBGkGyqN\/EUhvV+JjcBHQmHyreBIJWJnx7ftAbSn\/dpbhq9nCwgWyDpFPCvqULWyoSYzjNkTsnyvlisl5j43jQJsceolLrZeK+mvZLmxP\/VXkU0HCJHoBnk7lf5Mi8H3D6m99uZsdRKdiaAybRRWls1uhyJ1b4939oE\/wE2NRs8kPCGsORE9AgCd024tdCLm+PnVAjlHCUGDN+2KOqkKX6aOWmJ8mHFWByJ8dnvKlzWAXM5YrKNZ0NXEqm8xavTOlIadfKuDCL8Zs9sMtuvE6YADPYC1aEIlaZxx24UJjDnbf2X1MFHSM2IbVaL5pYURsds09V05M3+ZVNT0DvX2cm87\/078Uz3rhPpjIbmGWez0liOZbI1WE15WQ3Fk6lW1tKkkItRWKMUzhSNQUlRbYdkMttf2TXlbgufOnw7683WGWzZLpGSLOMmCqgar60YX602R5e9vTCDXYkL+XJ8yH+9Gdu8y8NAd8B+wZbDN4a8d8Co1eEoDFmCdxMzUOj\/lEV7msVeQKteaM8bqxYhU\/JvLpyimU2Yh6PwrtMpKmBAIE6Dslmaw9SSf\/n7ncIF4XEp7ndDpWb+WVnyFLobFxQnN4Vwv0aFUV7yJnfMNm0Iwttdch+gAD1267yTTZl8xzELicSRlcggAAAA==\" alt=\"A top-down view of the new Red Bull Racing RB21.\" title=\"Detail of the new Red Bull Racing RB21's cockpit\" data-id=\"rrn:content:images:c194c835-8754-4f42-9cee-e388c38919fb:en-INT\" data-preview-src=\"https:\/\/www.europesays.com\/es\/wp-content\/uploads\/2025\/10\/red-bull-racing-rb21-above.webp\"\/><\/a><\/p>\n<p class=\"cosmos-text cosmos-text--spacing-none cosmos-text--kind-normal cosmos-text--weight-regular cosmos-text--appearance-dark cosmos-text--size-xx-small@small cosmos-text--size-small@large sc-cosmos-text-11-4-1 sc-cosmos-text-11-4-1-s\" part=\"base\">Detail of the new Red\u00a0Bull Racing RB21&#8217;s cockpit<\/p>\n<p class=\"cosmos-text cosmos-text--spacing-none cosmos-text--kind-subtle cosmos-text--weight-regular cosmos-text--appearance-dark cosmos-text--size-xx-small sc-cosmos-text-11-4-1 sc-cosmos-text-11-4-1-s\" part=\"base\">\u00a9 Red\u00a0Bull Racing\/Red\u00a0Bull Content Pool<\/p>\n<p><a class=\"inline-image__link\" href=\"https:\/\/img.redbull.com\/images\/q_auto,f_auto\/redbullcom\/2025\/2\/19\/usizbwnpjccmvfwgrtoe\/red-bull-racing-rb21-gallery-front-view\" title=\"An intimidating sight in your rear-view mirror\" rel=\"nofollow noopener\" target=\"_blank\"><img decoding=\"async\" class=\"image-view__content\" src=\"data:image\/webp;base64,UklGRgwCAABXRUJQVlA4IAACAABwEACdASpkAH0AP1mgxl4yKqi0JvQK6oArCWUA1yA2hwZdAtGCEc7\/ylQKcPEI8w0yfXO1pxVxo7r4WWIXr3HhUwebNMnDwHpwb2VqhS9EkAe4wwyc7HKnYgS5HAxco\/TcK4DcD2z66\/WRfUrnTp+KuQLVHPEa8NlFW\/\/A5cw\/KHCkVW\/8ZRBLoObVgAD+7lQSb14NgfOIB9Z6wIpdlI0LepAxxe4pI0D\/QqFePepr3WCmxeMDKltsnyjTemK4DNPvUk8T+dvQHrYs07vQKcZPsljbTqDRfyp9yS7Cf75gYzM8q0Ux\/Q47XRYANv04dvccAYvy2x1pC51nez6KgszAA8iz2lh08ZK6DTmkT7lpwoLBXQ9aKaYRg2X01WdzUfJVwErYN198kiaK\/yvzXTbiAok+LIPda79zeaFG6qaNVzTjxSFNgtlOvR1FhP\/xPAhClXVOP6wEx\/bmsm\/OTRbKZgjdOQfWS5BLcVRKqkC938orsCrxpWk15sND+VRYDCQfKezFRCbfnRDViDl7Z6OugMl3ctwqClKmzoH36TR7Ptz1mRu0EMImASqrSAj8XdfhBswPU8swMQyeMhl\/I0VUfzoRh9iqXLqtLrLxt00SVQIbq2zVSPGMDGkBmzpi37XAtWLk526zsni7TNOa6D6mcKgzsZtF2tY7awhtBAmQAA==\" alt=\"Digital render of the new Red Bull Racing RB21 which will race in the 2025 F1 season.\" title=\"An intimidating sight in your rear-view mirror\" data-id=\"rrn:content:images:e6baf9e2-320b-47a4-a382-fe34ae3e7af2:en-INT\" data-preview-src=\"https:\/\/www.europesays.com\/es\/wp-content\/uploads\/2025\/10\/red-bull-racing-rb21-gallery-front-view.webp\"\/><\/a><\/p>\n<p class=\"cosmos-text cosmos-text--spacing-none cosmos-text--kind-normal cosmos-text--weight-regular cosmos-text--appearance-dark cosmos-text--size-xx-small@small cosmos-text--size-small@large sc-cosmos-text-11-4-1 sc-cosmos-text-11-4-1-s\" part=\"base\">An intimidating sight in your rear-view mirror<\/p>\n<p class=\"cosmos-text cosmos-text--spacing-none cosmos-text--kind-subtle cosmos-text--weight-regular cosmos-text--appearance-dark cosmos-text--size-xx-small sc-cosmos-text-11-4-1 sc-cosmos-text-11-4-1-s\" part=\"base\">\u00a9 Red\u00a0Bull Racing\/Red\u00a0Bull Content Pool<\/p>\n<p class=\"cosmos-text cosmos-text--spacing-none cosmos-text--kind-normal cosmos-text--weight-regular cosmos-text--appearance-dark cosmos-text--size-xx-small@small cosmos-text--size-small@large sc-cosmos-text-11-4-1 sc-cosmos-text-11-4-1-s\" part=\"base\">Will this car help Max to make it five?<\/p>\n<p class=\"cosmos-text cosmos-text--spacing-none cosmos-text--kind-subtle cosmos-text--weight-regular cosmos-text--appearance-dark cosmos-text--size-xx-small sc-cosmos-text-11-4-1 sc-cosmos-text-11-4-1-s\" part=\"base\">\u00a9 Red\u00a0Bull Racing\/Red\u00a0Bull Content Pool<\/p>\n<ul class=\"inline-enumeration inline-enumeration--bullet\">\n<li class=\"inline-enumeration__item\">\n<p>Pilotos: Max Verstappen #1 | Liam Lawson #30<\/p>\n<\/li>\n<li class=\"inline-enumeration__item\">\n<p>Director del equipo: Christian Horner<\/p>\n<\/li>\n<li class=\"inline-enumeration__item\">\n<p>Dise\u00f1o: Pierre Wach\u00e9<\/p>\n<\/li>\n<li class=\"inline-enumeration__item\">\n<p>Unidad de potencia: Honda RBPTH002<\/p>\n<\/li>\n<\/ul>\n<p>Max Verstappen competir\u00e1 por su quinto campeonato del mundo de F1 consecutivo. El piloto holand\u00e9s sigue estableciendo nuevos r\u00e9cords en el deporte y un quinto le ver\u00eda unirse a Michael Schumacher como el \u00fanico piloto en ganar cinco seguidos y el m\u00e1s joven en lograr la haza\u00f1a. Forma equipo con Liam Lawson. El neozeland\u00e9s da el salto desde el equipo hermano de Faenza para convertirse en el sexto compa\u00f1ero de equipo del campe\u00f3n en su primera temporada completa en la F1. El polifac\u00e9tico piloto no es ajeno al escal\u00f3n m\u00e1s alto, ya que ha ganado en F2, F3, Super F\u00f3rmula y DTM. El objetivo para 2025 es que Lawson y Verstappen devuelvan el t\u00edtulo de Constructores a Milton Keynes.<\/p>\n<p><a class=\"inline-image__link\" href=\"https:\/\/img.redbull.com\/images\/q_auto,f_auto\/redbullcom\/2025\/2\/18\/kjl7xyjjajfdtyoq3pek\/f1-2025-launch-max-verstappen\" title=\"Max Verstappen waves to the O2 crowd\" rel=\"nofollow noopener\" target=\"_blank\"><img decoding=\"async\" class=\"image-view__content\" src=\"data:image\/webp;base64,UklGRr4BAABXRUJQVlA4ILIBAABwDgCdASpkAEMAP1mmx12yLDG6JnJLa0ArCWIAzNAOy7ysMWsCdQZnuFmDVFBeSFtZXYJBE0dhI7gC\/WQSuAHdMnEpqkxYqk0elXFG6UsqyC6YVpwvDhMdIfPwDp5z3Qq4QYkII5MFHQ89tvgNa8AVQQyEy+\/iquURVz4AAP5xnM8OwRDmMpIw83kv5fZJtKY4XQtVcANIO\/KVS2reh7S7LMrbmazOlhzYnGVU0VeKDQG4uuIkkpXP2AVKTMQRvM79KD+sfZnULpB3xHt+P4JfJ8vBqhBVHZ6o0pvO2\/16Mbh0oB6YHbVF1j9eTpccy2RZkCSfsD9EF4E4m9d3IiRoiIooNloF\/hSbt3dH4YpX\/Nqdqz3ZTOipg9nfmzOlkxNTkrUBh4kQxmi9PNwIWAagRY+JLCa7QKazm2J0AO4HieyqcT+njjxylJ+RvAUpARMEpg\/RccFUYXxtc2y9fYQhtOuZMf9ZIkYLPUnuWNedkiDviyfymsCQ+Xd9ThkvSyjRdJbbOc+KMNNyxMEi\/PVgnP2AcezOrdfdZK6owQF\/b50royAmR41tgBKZQiKvXwAAAA==\" alt=\"Max Verstappen of the Netherlands and Oracle Red Bull Racing waves to the crowd from the stage during F1 75 Live at The O2 Arena on February 18, 2025 in London, England. \" title=\"Max Verstappen waves to the O2 crowd\" data-id=\"rrn:content:images:35d60d5d-9dcd-4098-8b3b-dff4b4d1fde9:en-INT\" data-preview-src=\"https:\/\/www.europesays.com\/es\/wp-content\/uploads\/2025\/10\/f1-2025-launch-max-verstappen.webp\"\/><\/a><\/p>\n<p class=\"cosmos-text cosmos-text--spacing-none cosmos-text--kind-normal cosmos-text--weight-regular cosmos-text--appearance-dark cosmos-text--size-xx-small@small cosmos-text--size-small@large sc-cosmos-text-11-4-1 sc-cosmos-text-11-4-1-s\" part=\"base\">Max Verstappen waves to the O2 crowd<\/p>\n<p class=\"cosmos-text cosmos-text--spacing-none cosmos-text--kind-subtle cosmos-text--weight-regular cosmos-text--appearance-dark cosmos-text--size-xx-small sc-cosmos-text-11-4-1 sc-cosmos-text-11-4-1-s\" part=\"base\">\u00a9 Getty Images\/Red\u00a0Bull Content Pool<\/p>\n<p>La nueva equipaci\u00f3n Sparco de Max Verstappen y Liam Lawson<\/p>\n<p>Otra novedad para 2025 es una nueva colecci\u00f3n de monos de carreras, cascos y equipaciones que lucir\u00e1n los pilotos Max Verstappen y Liam Lawson, as\u00ed como todo el equipo.<\/p>\n<p><a class=\"inline-image__link\" href=\"https:\/\/img.redbull.com\/images\/q_auto,f_auto\/redbullcom\/2025\/2\/18\/fz1qovhw30e9elphqv1u\/f1-2025-verstapppen-lawson\" title=\"Verstappen and Lawson model the new race suits\" rel=\"nofollow noopener\" target=\"_blank\"><img decoding=\"async\" class=\"image-view__content\" src=\"data:image\/webp;base64,UklGRpYCAABXRUJQVlA4IIoCAABQFACdASpkAEsAP1miw1uyK6crqFVcSkArCWMAzRAPDNpugW+XABLgVoWfrjhmpYAnEV0SDmQlydZUX7qjyGVNSZwNA\/hHRQVOr4q4ePI9kM3FDJNw2zgtoXCRvVJ2Hw1W2QNuoZzHRp\/fKXcOxU6CpYdUVi0lgZZCZzZZMRbtyhxTI+y5u38OrYU38KEl0haIra+1glnPZPd4mram2w9fqabhZAVoNCrscgAA\/vB0bpo1iEcSAJ+XzIBT0ahUpdWc4v\/xHlSXkx4yqVZ4cXkA5UISpsfPl1ACVgB30yKgpUNa82TT9w0nkiu3Stv5uE2s1CBNoymhvY55ydPYBWUKlTlMVz37\/Qh5HhyxvJbvge4y+vM\/2TRR4QtCqc5ZdjupsIdU\/77NZ9TGltNO\/GJiW6emL7Ucm0fYKxVsmoVXrRPYg8LMJljH9ZOquODInahbrr2mGExw95CDYiwmibRiewQleWhJAJVBREWGI\/BngJKsc+BE5GYERTo8hpCXzwOxijl\/oSRGLMcaDBQ9mqqufBvILfKSeubavoih6JXyWHfxU99qTKIhlf+fQQRLIE5YpJb27mfwZ1fA4qkof+wHrlZTHZGPKq5oy1Zfh2o54bEdo9oJccItEbfgBSO9I68iDQRIquyerLQ+DclAp8MyUy5HDn39SS8hGi0laWZFjGW0EZSp+Xw5hxItHEJilAEJpdBkuGGTWbDH9xbeUWc460X5XtHmfuCUKzzQqRfAM35KPQB+hLASFzgmiD11cJ5rSp1T9vW3k7e9\/AWguRlo+hmCTIIiyBYAQM\/Iuf20fiu22lzbtbQ3rbfgdvUvK9a2svTTVOezvnJEKZBeyzpu6QiowMCVPLcgAA==\" alt=\"Max Verstappen and Liam Lawson pose on the back of a pick up, in the new 2025 Sparco Racesuit\" title=\"Verstappen and Lawson model the new race suits\" data-id=\"rrn:content:images:354c8a7e-7fd9-4139-b9ae-2ac8ac02bc82:en-INT\" data-preview-src=\"https:\/\/www.europesays.com\/es\/wp-content\/uploads\/2025\/07\/f1-2025-verstapppen-lawson.webp\"\/><\/a><\/p>\n<p class=\"cosmos-text cosmos-text--spacing-none cosmos-text--kind-normal cosmos-text--weight-regular cosmos-text--appearance-dark cosmos-text--size-xx-small@small cosmos-text--size-small@large sc-cosmos-text-11-4-1 sc-cosmos-text-11-4-1-s\" part=\"base\">Verstappen and Lawson model the new race suits<\/p>\n<p class=\"cosmos-text cosmos-text--spacing-none cosmos-text--kind-subtle cosmos-text--weight-regular cosmos-text--appearance-dark cosmos-text--size-xx-small sc-cosmos-text-11-4-1 sc-cosmos-text-11-4-1-s\" part=\"base\">\u00a9 Will Cornelius\/Red\u00a0Bull Content Pool<\/p>\n<p><a class=\"inline-image__link\" href=\"https:\/\/img.redbull.com\/images\/q_auto,f_auto\/redbullcom\/2025\/2\/18\/o7bfeyqlewir8reto8yf\/f1-2025-max-verstappen-mood\" title=\"Max knows that kit launches require focus, gravitas and intensity\" rel=\"nofollow noopener\" target=\"_blank\"><img decoding=\"async\" class=\"image-view__content\" src=\"data:image\/webp;base64,UklGRpoBAABXRUJQVlA4II4BAABQDACdASpkAEsAP1mcwVqyKqelrNbaSkArCWIG+BxbimMpBz\/qMyTpbKJjqNMcwnWilDeuqfy7wJu8JS986b6hK8tW6iHBBqaMqwUvtB2yAV0T5nXiRG6+ABBxjJWun+4QT3788SYZJgQhQAD+8IrXztYBe04HuLbMRTakwRslocVj0K3vvdSFevDQ7PRv1gjcOOAWc3zTl4vN+tZgIE76ZuR6da2F+hm+Tzj7aNxbQT8+enXiBXnrlwb4XvrjVkQWdOL4yn3lfSXTUWPFy0yZxaThxpnLCOb+tpghh4FtqLBRG9SBS4jRKmeSpS4lEtNVR0N3GD+HPwEWk5wG9\/H\/YDMvx8bOhysncp4513sqqcDbYFrGQ2D6eUZhmCIRyC0SDrKi\/wqHnEYmHpVSik9bdEMcjwGkuQSXUEtgKQRWxbzbZCZxxu2P2\/NX01lCS96xMydbF0\/ryQoNHBBKteHegvHYWZMVu7bY81TkornEGwaLa2jUKLY6yYaI9SNlX+UlC8vrSvvGGed4KUAAAA==\" alt=\"Max Verstappen poses during the Oracle Red Bull Racing brand shoot, while wearing the 2025 Sparco Race suit on February 16, 2025.\" title=\"Max knows that kit launches require focus, gravitas and intensity\" data-id=\"rrn:content:images:be586f20-3024-46dd-9267-e9092e9aae30:en-INT\" data-preview-src=\"https:\/\/www.europesays.com\/es\/wp-content\/uploads\/2025\/10\/f1-2025-max-verstappen-mood.webp\"\/><\/a><\/p>\n<p class=\"cosmos-text cosmos-text--spacing-none cosmos-text--kind-normal cosmos-text--weight-regular cosmos-text--appearance-dark cosmos-text--size-xx-small@small cosmos-text--size-small@large sc-cosmos-text-11-4-1 sc-cosmos-text-11-4-1-s\" part=\"base\">Max knows that kit launches require focus, gravitas and intensity<\/p>\n<p class=\"cosmos-text cosmos-text--spacing-none cosmos-text--kind-subtle cosmos-text--weight-regular cosmos-text--appearance-dark cosmos-text--size-xx-small sc-cosmos-text-11-4-1 sc-cosmos-text-11-4-1-s\" part=\"base\">\u00a9 Will Cornelius\/Red\u00a0Bull Content Pool<\/p>\n<p><a class=\"inline-image__link\" href=\"https:\/\/img.redbull.com\/images\/q_auto,f_auto\/redbullcom\/2025\/2\/18\/ggnaku5n1u3vytiuzel7\/f1-2025-lawson\" title=\"Liam Lawson is similarly serious in the new Castore team kit\" rel=\"nofollow noopener\" target=\"_blank\"><img decoding=\"async\" class=\"image-view__content\" src=\"data:image\/webp;base64,UklGRjoDAABXRUJQVlA4IC4DAAAQFQCdASpkAEsAP1mawFkyKyalKvVd4kArCWQAxrDbp\/Q\/UPNGv6bvpQrUF\/9khqq7LKsJM79Yjn86a3+T1LhAirCq238umd+roSvNmF1gkRt6jweNwDvarFvUnouuj9vdkmK4CJlX8\/tjBMOSnXFptvy9v7M5b6a33slC4YRHHk5TO+qCi9thPZ+HfNqS+yNbhUClbqbLh4cKa9UV7HM9sH7ZnVxmzADxP3+fF22OqwAA\/n52t+vPUfTWKkajhBrwtJ4P89tGcL\/hFuOMTDsS4MksnrREv1663IGX767xArtFumurD4svfutb4G3C3YzCzTBQmGiOuX9L+BJ\/QCwyaxaKrsAPc5JRMXsU9yvcfszHIPiazzk0kNJGOLz\/sT71y\/YVivlcu+n1W+OgnQ4CgMDnhzkFOaeNOZtQiqk2DqwjET8x72hlU+8lqL+RYDmkVaVszK6\/APU4uMQXWT6dbW4YdrK6UUlZUwsSAArUUExgdgn0d5DqlaOe\/1J9tZO4ADZZ6bzlVlqpQSbJvl9A6s+2JTPLtBpu3oP794rEylzXmuCCGmK6fNp2bsSUH0igTRpJBuBwh8F5hPk1NNwGi1oVTJwoX53ZwNuRTypVcs7SWSpfMVw2lFO7YNdE\/xQIl0Qsy7lpS1DRqYto2OhtRvlzjR8m8dNJxrYPA2XxFYEZGPvL7jPSj5bi5MFIvLdNkXo1nAKAxoLJAycv7gpCKic1C8ztESFclNQkiQC9kNl0AILF28UQNtAHxgj6r9N00I\/zcih2RJYexxcuvkedLTLxoW1apcphRDvZ4EdgKm8g8zR0+SbOZ+lOLP\/OEURNMzWf6xF7yBnGYhpJIKgP04PCC1GRVDZ0EpM82z5FH7kx+WXsvKikk9Md6SP4aHLFbFm14STlEjYMSAGjwPXnat\/dyem5EIYITsLKJiIEIDVB1iBNURYOBk2Zf7d1X8vL+iZd74esIDkCxGLOB8d02LOvSrUBOaxW8GQ23B+t7HczbojPcPqZPuTa+mZA9iwlP8hVVdzYummVWPhciEvv3dKRQeIHypHk+fM8ew5NdnZ8jCEqxcdhv\/lyYAAA\" alt=\"Liam Lawson poses during the Oracle Red Bull Racing brand shoot, while wearing the 2025 Castore Team Kit on February 16, 2025\" title=\"Liam Lawson is similarly serious in the new Castore team kit\" data-id=\"rrn:content:images:3b68c48f-305d-400a-aefa-5010bd62a6c6:en-INT\" data-preview-src=\"https:\/\/www.europesays.com\/es\/wp-content\/uploads\/2025\/07\/f1-2025-lawson.webp\"\/><\/a><\/p>\n<p class=\"cosmos-text cosmos-text--spacing-none cosmos-text--kind-normal cosmos-text--weight-regular cosmos-text--appearance-dark cosmos-text--size-xx-small@small cosmos-text--size-small@large sc-cosmos-text-11-4-1 sc-cosmos-text-11-4-1-s\" part=\"base\">Liam Lawson is similarly serious in the new Castore team kit<\/p>\n<p class=\"cosmos-text cosmos-text--spacing-none cosmos-text--kind-subtle cosmos-text--weight-regular cosmos-text--appearance-dark cosmos-text--size-xx-small sc-cosmos-text-11-4-1 sc-cosmos-text-11-4-1-s\" part=\"base\">\u00a9 Will Cornelius\/Red\u00a0Bull Content Pool<\/p>\n<p><a class=\"inline-image__link\" href=\"https:\/\/img.redbull.com\/images\/q_auto,f_auto\/redbullcom\/2025\/2\/18\/dihwujqzum8rnfho93pl\/f1-2025-max-verstappen-race-helmet\" title=\"Max&#039;s new helmet for 2025\" rel=\"nofollow noopener\" target=\"_blank\"><img decoding=\"async\" class=\"image-view__content\" src=\"data:image\/webp;base64,UklGRggCAABXRUJQVlA4IPwBAADQDgCdASpkAEsAP1mgx1yyKygsJ1IL2kArCWYAvzD8VEEDtfwYTIHvh\/xVE1vYj3ByPzdVu8s5FwA0o1BWBtB4U1AxiJpZqh61022ukNd79dP6ZrYLEqVpwEv5atvBbl6GUTFItP9T8Kg\/rv2C\/MZnZa0\/PjDdyuAS9U797DkAAP7r4xR2ojR8CmlQ5nKixKmTviarGXmENmOWFH+EW0ahha5BGFUayYKU9byaAd22+zRBadmwIuNNJG32SQhhBTq4pZl0CV3aPMTOI5ORD503\/zAi61vX2\/swmsZ+t6vu2F0jlCndfI5TwtZDROeiaWzpFg9ZFr6mDdL1T5xmADDlTgVmOmnEwZ\/nKHGrKuEhD71ryV52NZ2MtmpCCXmXhE+dIO1w3up8MfboET\/4ADXJ6oipsE\/eHNrllmdkwetctIrxlK6wdPC0BujHV71M8hccd5D98pflYmCvhJqn7ThjBEa0rqikfWUlFPeOLysC55H9\/Z7SPuV9uhBVwtBYbQKJXu6HM+VOdILFHIs\/qeL1OmMs6r4Ow1yNWGYaHkOwQspyTtANJi84KcKgw5zkRmsh6Z6bCIx\/oKRxOJKonF0sOCj+AiceEOoYrCI0qy5Dbd+xezISzWgFkjxXZw8\/mBJFcCYAzu\/1YMpBFRdXRw+RyQ6EX5l3poo0AAAA\" alt=\"Max Verstappen's 2025 Race helmet from Oracle Red Bull Racing's 2025 Brand Shoot on February 16, 2025\" title=\"Max's new helmet for 2025\" data-id=\"rrn:content:images:e5900740-2cb3-45fc-ac0a-97350d38771e:en-INT\" data-preview-src=\"https:\/\/www.europesays.com\/es\/wp-content\/uploads\/2025\/10\/f1-2025-max-verstappen-race-helmet.webp\"\/><\/a><\/p>\n<p class=\"cosmos-text cosmos-text--spacing-none cosmos-text--kind-normal cosmos-text--weight-regular cosmos-text--appearance-dark cosmos-text--size-xx-small@small cosmos-text--size-small@large sc-cosmos-text-11-4-1 sc-cosmos-text-11-4-1-s\" part=\"base\">Max&#8217;s new helmet for 2025<\/p>\n<p class=\"cosmos-text cosmos-text--spacing-none cosmos-text--kind-subtle cosmos-text--weight-regular cosmos-text--appearance-dark cosmos-text--size-xx-small sc-cosmos-text-11-4-1 sc-cosmos-text-11-4-1-s\" part=\"base\">\u00a9 Will Cornelius\/Red\u00a0Bull Content Pool<\/p>\n<p class=\"cosmos-text cosmos-text--spacing-none cosmos-text--kind-normal cosmos-text--weight-regular cosmos-text--appearance-dark cosmos-text--size-xx-small@small cosmos-text--size-small@large sc-cosmos-text-11-4-1 sc-cosmos-text-11-4-1-s\" part=\"base\">Max serves full peerless F1 champion in new Sparco race suit<\/p>\n<p class=\"cosmos-text cosmos-text--spacing-none cosmos-text--kind-subtle cosmos-text--weight-regular cosmos-text--appearance-dark cosmos-text--size-xx-small sc-cosmos-text-11-4-1 sc-cosmos-text-11-4-1-s\" part=\"base\">\u00a9 Will Cornelius\/Red\u00a0Bull Content Pool<\/p>\n<p><a class=\"inline-image__link\" href=\"https:\/\/img.redbull.com\/images\/q_auto,f_auto\/redbullcom\/2025\/2\/18\/vlaajzqt2cjlwnxf4qex\/f1-2025-launch-vcarb-team\" title=\"Tsunoda, Hadjar, Peter Bayer and Laurent Mekies, with Munya Chawawa\" rel=\"nofollow noopener\" target=\"_blank\"><img decoding=\"async\" class=\"image-view__content\" src=\"data:image\/webp;base64,UklGRroBAABXRUJQVlA4IK4BAABwDACdASpkAEMAP1mkxl0yK6imJnSbskArCUAZsIgZnt30Uc\/Tlb109Vxd1oPF8lT4hJ9hN4DhLsGTqcyxKXu2+HLJ3qHcQaUoPdjMiRq20Q34GiSmm3H6HgB2\/MOYCFOS5EPjvwyXhJvQ+AAA\/u\/9TgVLBbchRULeYmzEZS95Qa7p0ZmdTNml2YpijiR1ap6GCVaLNh1xXAqGuLQaegurEgoaJUg5QKsI1JBbkicMonHluBLmsp5uX5h5Zh2uug\/79h2Kf3RDhakwsYTz2VHwoiWn5\/IH4pGd55xUHSHYn3WC7JYZfI5e7DfJ9wgOT5lrJy922tAaWfLV0jOT6sPqAETgMZNKyr+zNMgtLaWir5pFSzkJTqgccswozQ\/h9vyPlQ3cGtlcaHi\/Cku6HFIhTUJqRefAPlv0DVGcLkFFCr7xQbh7JyPQImULm+BhIDYwGfKr\/7tDxZUlMb975waelJ1dweo1c7NPdAed3aGIyczVXq+EMeaNWshfVcPKujMtJXwjVdcX5BB2fuAA3KRI+m1K\/E6iPABC8L5aYwXHZLFe\/R6y0ilj56yowAAA\" alt=\"The Visa Cash App RB Team took to the stage where Yuki Tsunoda, Isack Hadjar CEO Peter Bayer and Team Principal Laurent Mekies were joined by comedian and social media star Munya Chawawa\" title=\"Tsunoda, Hadjar, Peter Bayer and Laurent Mekies, with Munya Chawawa\" data-id=\"rrn:content:images:2e7d5424-aa85-42ff-a2c5-2ad6b529e83c:en-INT\" data-preview-src=\"https:\/\/www.europesays.com\/es\/wp-content\/uploads\/2025\/10\/f1-2025-launch-vcarb-team.webp\"\/><\/a><\/p>\n<p class=\"cosmos-text cosmos-text--spacing-none cosmos-text--kind-normal cosmos-text--weight-regular cosmos-text--appearance-dark cosmos-text--size-xx-small@small cosmos-text--size-small@large sc-cosmos-text-11-4-1 sc-cosmos-text-11-4-1-s\" part=\"base\">Tsunoda, Hadjar, Peter Bayer and Laurent Mekies, with Munya Chawawa<\/p>\n<p class=\"cosmos-text cosmos-text--spacing-none cosmos-text--kind-subtle cosmos-text--weight-regular cosmos-text--appearance-dark cosmos-text--size-xx-small sc-cosmos-text-11-4-1 sc-cosmos-text-11-4-1-s\" part=\"base\">\u00a9 Getty Images\/Red\u00a0Bull Content Pool<\/p>\n<p>03<\/p>\n<p>Visa Cash App Racing Bulls F1 Team juega con el p\u00fablico<\/p>\n<p>El equipo Visa Cash App RB Team -o VCARB- subi\u00f3 al escenario, donde Yuki Tsunoda, el nuevo piloto Isack Hadjar, el director ejecutivo Peter Bayer y el director del equipo Laurent Mekies se unieron al c\u00f3mico y estrella de las redes sociales Munya Chawawa, que brome\u00f3 sobre por qu\u00e9 VCARB es el equipo m\u00e1s acogedor y divertido de la parrilla.<\/p>\n<p>\u201cEstoy muy ilusionado con nuestra alineaci\u00f3n de pilotos\u201d, declar\u00f3 Laurent Mekies. \u201cYuki dio un gran paso adelante el a\u00f1o pasado. Realmente nos sorprendi\u00f3 con sus progresos en t\u00e9rminos de velocidad bruta, as\u00ed como con sus cualidades t\u00e9cnicas\u201d.<\/p>\n<p>\u201cCon Isack embarcado en su temporada de novato, Yuki ser\u00e1 en gran medida el l\u00edder del equipo, y es un componente vital de nuestros planes para la pr\u00f3xima temporada\u201d.<\/p>\n<p>La nueva decoraci\u00f3n del equipo Visa Cash App RB es el cambio m\u00e1s radical para esta temporada 2025, con un acabado limpio y totalmente blanco como gui\u00f1o a la marca Red\u00a0Bull.<\/p>\n<p><a class=\"inline-image__link\" href=\"https:\/\/img.redbull.com\/images\/q_auto,f_auto\/redbullcom\/2025\/2\/18\/djzowhuj95h6iwtuqpck\/f1-2025-launch-vcarb02\" title=\"The new VCARB02 was revealed at F1 75\" rel=\"nofollow noopener\" target=\"_blank\"><img decoding=\"async\" class=\"image-view__content\" src=\"data:image\/webp;base64,UklGRjwCAABXRUJQVlA4IDACAABwDwCdASpkAEMAP1miyFwyK6gyJnSbskArCWYAyBhsjnUKQE5MLXrkHW9tFraJeagMUpSC1Ru4bsfJ67P\/wZeBCGo7OMNPhvSUnZO\/AcfsuOR5P\/qU3fTg5rbJC4VBeZmBTn60hXnYGKwfk2xSGVVOnEJ3KC2Uqp55SnFSB6Bs+PL41gAA\/vGVfWVFqLZIyEG8o5qguK4Lhus+8HKDH7HHcyM1jMfY9nkT1C3wbHK1+trLprKXrsmhsIQelVZuhULqoSA7pTaOjKrczKI6Jk2gdPYnVD9AOJPrYyf9aS+sNNd\/3GBbKNqFrTueYUETIYlDw0XrdgHNsf8B1V8qZwGIVxyBnH03E5SvrVsfPVmOz4WxFMSWESvuI6Obhv4MNXoerUtTAPFhqs0wZ7asLqfN0lcITz08PEoRfJeuFbWLm7yPShbqUhs8E2HHhEVuw5V2xKGXPWJEHYA9ldoBmk7Srbsk2M1SC\/cDeSne0cslOpNEQ5dvGttInIx6vQIm\/7GlXA3Ya0USScmiW1zKE0GQFu3zFVME+\/oy6JZabrte9E5LAGLp5sGGMGL1T5NTKYIxRdw4m+X5Jyye4KoEYR1DQ03J7O8New3msaLOEH9opQQZQyxfwaXohHTXWWEEZDMmqENa5IvJ4EYqX4QXO030wQqxWaV2OAHd5YpL3MkQ+LXBIEUEO4ovAiKjs9DR6KWaxzMbU2MoJwEquYyQ7cH4jvL0xhaJ\/COyIRt2OoAAAA==\" alt=\"Visa Cash App Racing Bulls new car is revealed on stage at F1 75 live launch from London\" title=\"The new VCARB02 was revealed at F1 75\" data-id=\"rrn:content:images:ebc03516-fc42-4c44-bcfd-0061ed7bc659:en-INT\" data-preview-src=\"https:\/\/www.europesays.com\/es\/wp-content\/uploads\/2025\/10\/f1-2025-launch-vcarb02.webp\"\/><\/a><\/p>\n<p class=\"cosmos-text cosmos-text--spacing-none cosmos-text--kind-normal cosmos-text--weight-regular cosmos-text--appearance-dark cosmos-text--size-xx-small@small cosmos-text--size-small@large sc-cosmos-text-11-4-1 sc-cosmos-text-11-4-1-s\" part=\"base\">The new VCARB02 was revealed at F1 75<\/p>\n<p class=\"cosmos-text cosmos-text--spacing-none cosmos-text--kind-subtle cosmos-text--weight-regular cosmos-text--appearance-dark cosmos-text--size-xx-small sc-cosmos-text-11-4-1 sc-cosmos-text-11-4-1-s\" part=\"base\">\u00a9 Getty Images\/Red\u00a0Bull Content Pool<\/p>\n<p>04<\/p>\n<p>Equipo: Visa Cash App Racing Bulls F1 Team<a class=\"inline-image__link\" href=\"https:\/\/img.redbull.com\/images\/q_auto,f_auto\/redbullcom\/2025\/2\/19\/bz0geo6fnkhop1igarrm\/vcarb02-gallery\" title=\"The VCARB 02\" rel=\"nofollow noopener\" target=\"_blank\"><img decoding=\"async\" class=\"image-view__content\" src=\"data:image\/webp;base64,UklGRpoCAABXRUJQVlA4II4CAAAQEgCdASpkAEsAP1mUvVeyKbSzrNts8pArCWxrhoDE8mCH9GiCVde++4+EBe+dVyUfLYiYdrd1NHS7fiXr0fAvC07i\/PRTk5UH2E1mJ3vZaydhtwGaw5iALfw+ADV9JoowaiWRV0AJr1K7aU5gsXKyyy4ITPZyJtIaofIVBeF3E3AMqR2YHxI93c25FllJ9u8ZGi0DAsQRwegA\/u7hv+Nkzv\/YpMMo93whTnXQcIv3m7i8GhPeytEfmwy45pN2nfq\/wRJx7L+j\/\/7KW3Q6aHV6i1lErKFdctwC+5keXN5F5pk78Udp7rKNKBRKLyeZ6b5Nj7zSAoEnENp37HM6aXGHBYcQjtgqua3Th2dbx7\/fUToUNCkw0Lnj4QBzqAtTjw8H\/Ax\/ELeQtvjX3IJltnJjbEhSGGXizQOf3rGuZYdDiZoBWY\/j21KA35hvhCGqPYmAtabDqNBAHa3sbs+Koh4xwt9OEN5lmRWRBmQiA3oZMoOrXFHX53gCEc8gH1WG6YXXDw+C4sTnLGBJ6jxbB0uRDFtFWQ1i\/iCQG7FEtIgFhYlp\/b0VCnbUWO5iqLak+fVrHFhPYstc1I\/CipWkxVUuxgQtUNvfeA+f58xf2ADuQZZtu1S08+\/NJ4MRhvgQbOQl3QPiBvsVyerd064T0\/rVfyhClgqCZS782sOuiGgXjw94lQeoOm9NN1fCtQA4D\/VEb3okKBppe0rlNbWfkRbFFk8ghGlyJzj0AgcH0kXlVO5gCZ54hL4a54CvHzdKV0iFU7CvYOghYqLBUees1NTboDS58gjGRS7ftkMR\/8Z0oMASj8wDztCPvk8bRaYnSNu1O8VxvATVFe9bL24dgja5oA1UL0YMyTiBfLfAAAA=\" alt=\"The new Visa Cash App RB Team 02.\" title=\"The VCARB 02\" data-id=\"rrn:content:images:edce42c8-a7f2-4968-ab1e-d28c6ad58e45:en-INT\" data-preview-src=\"https:\/\/www.europesays.com\/es\/wp-content\/uploads\/2025\/10\/vcarb02-gallery.webp\"\/><\/a><\/p>\n<p class=\"cosmos-text cosmos-text--spacing-none cosmos-text--kind-normal cosmos-text--weight-regular cosmos-text--appearance-dark cosmos-text--size-xx-small@small cosmos-text--size-small@large sc-cosmos-text-11-4-1 sc-cosmos-text-11-4-1-s\" part=\"base\">The VCARB 02<\/p>\n<p class=\"cosmos-text cosmos-text--spacing-none cosmos-text--kind-subtle cosmos-text--weight-regular cosmos-text--appearance-dark cosmos-text--size-xx-small sc-cosmos-text-11-4-1 sc-cosmos-text-11-4-1-s\" part=\"base\">\u00a9 Visa Cash App RB\/Red\u00a0Bull Content Pool<\/p>\n<p><a class=\"inline-image__link\" href=\"https:\/\/img.redbull.com\/images\/q_auto,f_auto\/redbullcom\/2025\/2\/19\/brjxqnuoevwlh69thucu\/vcarb02-side-on\" title=\"The team&#039;s clean, white livery is one of the most distinctive in F1\" rel=\"nofollow noopener\" target=\"_blank\"><img decoding=\"async\" class=\"image-view__content\" src=\"data:image\/webp;base64,UklGRtoBAABXRUJQVlA4IM4BAAAQDACdASpkAEsAP1mmxluyLSirpntrakArCWgAxuyYxdVe\/Kt16Xd+o5eAyHrtCU8EAHj2er1SotaA0D5AR+tmTss2ZxJTnkeNcm\/r4o0edEfhdxtHi3Ng\/ScxjsWPgU\/fjq\/p6\/6RHgAA\/u80WaKpI+gEwcotCK3tvJnP8PzpRs\/WUjLPckL3Kt4UI4fZq+0Hle7arXBo1XSVpyvwq7JEks7wV+2J47cjLMHoZ7e37wUCbohhMYJEMUv6y1jXhhzyNqRUKO5URMtZHqHH8e1u2MMBgOlRj47YpgWFFk70lu0zj62LFTgUAA6v8ruICAk16PZKpBDYWUMPJV\/vSvQHW96QPpRjfPqA\/3A9Xo7lEwuYM+FKtr2E8Jqshicd\/GYiXLKz+xfpOkw4EIk6U5cMhf87NLNEZcpVzjKoz9vxmtlgI5lv4hIYGgPyVe3l8kA8pZAL37XVbMEET4vSDKrrkbqZizDZTCvByhtAbxYRF2VA6weG79PsUOZDJooSx1MoNzACsVD0ZqtTJmigZRMh69NZZ1I3kxOo9U9lujVpRYAjuTuJvVdNsBIiu+B9vijCdB0FNBu\/F72bZ55snDTpHP65\/0iYieoYDw4IAAA=\" alt=\"The new Visa Cash App RB Team 02\" title=\"The team's clean, white livery is one of the most distinctive in F1\" data-id=\"rrn:content:images:b98651d3-59af-444c-8784-c16986ebe94b:en-INT\" data-preview-src=\"https:\/\/www.europesays.com\/es\/wp-content\/uploads\/2025\/10\/vcarb02-side-on.webp\"\/><\/a><\/p>\n<p class=\"cosmos-text cosmos-text--spacing-none cosmos-text--kind-normal cosmos-text--weight-regular cosmos-text--appearance-dark cosmos-text--size-xx-small@small cosmos-text--size-small@large sc-cosmos-text-11-4-1 sc-cosmos-text-11-4-1-s\" part=\"base\">The team&#8217;s clean, white livery is one of the most distinctive in F1<\/p>\n<p class=\"cosmos-text cosmos-text--spacing-none cosmos-text--kind-subtle cosmos-text--weight-regular cosmos-text--appearance-dark cosmos-text--size-xx-small sc-cosmos-text-11-4-1 sc-cosmos-text-11-4-1-s\" part=\"base\">\u00a9 Visa Cash App RB\/Red\u00a0Bull Content Pool<\/p>\n<p><a class=\"inline-image__link\" href=\"https:\/\/img.redbull.com\/images\/q_auto,f_auto\/redbullcom\/2025\/2\/19\/iehyn48sl780x8kgxcoa\/vcarb-drivers-2025\" title=\"The VCARB drivers got the memo about looking serious\" rel=\"nofollow noopener\" target=\"_blank\"><img decoding=\"async\" class=\"image-view__content\" src=\"data:image\/webp;base64,UklGRpYEAABXRUJQVlA4IIoEAADQIQCdASpkAH0AP1mav1myKqYvrJXc8kArCWQAx9zoCsXcbDmjRtJ8+zUx0z1zAWMbfXgq5imUiTiH9dBH4cBEYZzdrmZVYS1G6WrOTxdGUfTH\/+rpP9N0vJuabuSe589SXlYwe4m+vkC2BAtXwQrUKETRWaxpJuA1QVsi3vp3EXJz2auYQgvVCdnF42JpR+btQr52mZU7c4PWJO6NE9+B7k\/8YUuJ72wk35dTGQigId\/CY7wqmqWpJ0Xc6mu1gT0ilrf2ce7vdb\/anryUvcJi0+BC5xFHH+Lju+NvVhRWPp5BH3BYwZ0zCNzbNEis+R4e8KKQDSB5vALl1QchjkdtGyki7G8hczoTYIU7OcC8Za+2NhjUO4AA\/lDvEE8jiCHSVKIgNDb7oLi0JTZzDssaEjACyzVnoZ1ZwfYEaDs17inRz2MgiE3iAthh9mnjTz0n1BHgtqXjLvLs+qc2DI9tjPyI8xtXcA2yqrWGy5oTZUoBqTB5wLSMRr77nv7fXl2UUtpjMsd8eh1qr5y+uztQnFfNBK7AaJWMO6QCpLEir+RzBGofJQjPX9iue83l70gTqJ6GKgNoZZU8\/puAO489iM7iiPAA84\/MfS4QPMgxIeyAI5ZrprgPgWcod\/l\/xU7Cd\/pi8ZuL9zWHcPRL\/1MyCm0q2a+dhaOvD9y3JeUHIfGzSO0SdTCYd99SSjfqHv9LPvooX7QS+nOgXOiuNKzdJIsxK12DvoJeOEhYpgDORDXUbaed9Alu+VvAw7Hv2It8i532Re9IlgBzbhn5taJLO0CObU\/A\/RrjfxmETxG6RtfpPz8SC8U4q3bwlkbDZ6ZvybJyma1rZYkPYxt2Kllbj3gjYgZ3S8Rqs5P7cYpLfQmUKumPK0HHQ6yauV\/8qUNGIhxslMOQ39RBNnlKCqBgSSIjHv21MpDspHU4eTbUxGToV+jXKWvgSSJosQFiwcjg1z9rhuJGKurdmibhlyQVgk9CrlelJ+6kOCXEIaOQnUb6rRznywuoQv5kDQORyEvnpDMX5x4EIfp5UbM+cXF7IAPrK2QwjJzwWXinvQYHpezVpAJeE6dFLkZ9G1K5kIzzZkO\/5Ilt1pequyqfLFyiRxPQR8XlDvHriYrVNaTPMmf80HhT\/phS9vE7zmgpjtm2FQs07EBm0ibamVAV9\/lVAsZjRnJ90hsr+fyEOJ8\/+sFkZJ3IJyjzj5U08\/ZAwe9Fc3LL+9Gg3+XL5LrcZdB3WzvbisJ4rCW1jsPaZc4WqgWFVN7cqwKZ2CtcKtUwu1SMzqvACvprrXWWUOlmrIqQmML9UTTqT3LDeGYTAj0ap0Rk78z+PLbkM3N6fvpmU5vjL0dTMou0Gu9orA73wBWeo5veTazV6KrPfiVS6SSCcg20cp201\/XfJlino3S4N2DZnBdnPqbM4NGylB8edpSCL8+71hDfc\/enGkijel11\/wt2jNcAIjVLAB5EECwgtlPDbRg3VysQ+qv84rlh6gb7EQ6pmyS5oX1pP54Odi2EEmaoNpQ5GaMSHCLvuk94XC2AlJj4GCFBAAAA\" alt=\"VCARB drivers Yuki Tsunoda and Isack Hadjar model the new team kit and their race helmets\" title=\"The VCARB drivers got the memo about looking serious\" data-id=\"rrn:content:images:de4a6b81-9a0a-4275-8499-d3b18c09f318:en-INT\" data-preview-src=\"https:\/\/www.europesays.com\/es\/wp-content\/uploads\/2025\/10\/vcarb-drivers-2025.webp\"\/><\/a><\/p>\n<p class=\"cosmos-text cosmos-text--spacing-none cosmos-text--kind-normal cosmos-text--weight-regular cosmos-text--appearance-dark cosmos-text--size-xx-small@small cosmos-text--size-small@large sc-cosmos-text-11-4-1 sc-cosmos-text-11-4-1-s\" part=\"base\">The VCARB drivers got the memo about looking serious<\/p>\n<p class=\"cosmos-text cosmos-text--spacing-none cosmos-text--kind-subtle cosmos-text--weight-regular cosmos-text--appearance-dark cosmos-text--size-xx-small sc-cosmos-text-11-4-1 sc-cosmos-text-11-4-1-s\" part=\"base\">\u00a9 Visa Cash App RB\/Red\u00a0Bull Content Pool<\/p>\n<p><a class=\"inline-image__link\" href=\"https:\/\/img.redbull.com\/images\/q_auto,f_auto\/redbullcom\/2025\/2\/19\/wqz1jgcszspjdpjxiubu\/vcarb02-cars-launch\" title=\"&quot;It\u2019s bright, it\u2019s white and it\u2019s really cool,\u201d says Tsunoda\" rel=\"nofollow noopener\" target=\"_blank\"><img decoding=\"async\" class=\"image-view__content\" src=\"data:image\/webp;base64,UklGRn4CAABXRUJQVlA4IHICAAAQEgCdASpkAEsAP1mWv1iyKjWqLNyLCrArCWwGe9PMxMkTFltKA0FzKiFEdHEFL6saxZhZbcwW5poeHZbduGKi3jk8TQs2CKkp70tGH3ZylgbYKwt68M4ZKL8uZmtUxzQKMcTHwELvgVG5JKSYjqcyDtF1XY4Lhu0q24X0C4PPnJ8UAZL4DXzNGPn2iXU+IcnFf+U1xRGLv\/gA\/vPt8xJb71zFCDhDkjDuEEiqozAH\/3tFltkYDb9p1ERd7kHmE3i81ulJb2nGcfGWx\/Vxs7DReyC4OrezN1Dt\/oz9mOs3MJBlgy9qwEVzdNtueiA9G84RWCzBxH2c2hntPLn2elPN+jkTAR3Yq6llVN86XkAZgLj0WacNURZpY7uvSgX8BbRu\/Nx2S3NrIfYeWYTYQoMHASJ4tz16w22zL5sYNwA60muUQplonWCHFcCRkrujs7pvgCBssRWLe6gsbB0jdqAQph0COOQvbqPXcB01JrnVH8ZCGEMIBPjfZ8NFc8xqEJtnrs0SFrTKUAOZPrsOIgezSqt1LCqLSngjcFEOqj9B4seFDlUl+J6sq243uxqp708pvQvig5LbC0Gsdufyov9hic50PUIUmx9mHf85qCmLVR38dXLCdGXt5BLwkDonsgN5ojmDTa49O9R0PFsWZcTqbXLOqOb5WlYE3LoUYF+kybFNVAHJYEv8kikW3Wrptpv8puoY8asUwNR2uFNKHH0SkoEyel\/DhiEY6\/TEykgSWm6cYUali\/5tJQf7EPjjI3lpBLMgFmS+UpzJkyoCaqU7Fx8\/ZGDyefyGQwn+NFk3gKaxbtgFpZXinF7GKY7V+l+8AA==\" alt=\"The new VCARB 02 cars on a blue background.\" title=\"&quot;It\u2019s bright, it\u2019s white and it\u2019s really cool,\u201d says Tsunoda\" data-id=\"rrn:content:images:3d25c041-d2cb-41f6-b625-806db85b9e68:en-INT\" data-preview-src=\"https:\/\/www.europesays.com\/es\/wp-content\/uploads\/2025\/10\/vcarb02-cars-launch.webp\"\/><\/a><\/p>\n<p class=\"cosmos-text cosmos-text--spacing-none cosmos-text--kind-normal cosmos-text--weight-regular cosmos-text--appearance-dark cosmos-text--size-xx-small@small cosmos-text--size-small@large sc-cosmos-text-11-4-1 sc-cosmos-text-11-4-1-s\" part=\"base\">\u00abIt\u2019s bright, it\u2019s white and it\u2019s really cool,\u201d says Tsunoda<\/p>\n<p class=\"cosmos-text cosmos-text--spacing-none cosmos-text--kind-subtle cosmos-text--weight-regular cosmos-text--appearance-dark cosmos-text--size-xx-small sc-cosmos-text-11-4-1 sc-cosmos-text-11-4-1-s\" part=\"base\">\u00a9 Visa Cash App RB\/Red\u00a0Bull Content Pool<\/p>\n<p class=\"cosmos-text cosmos-text--spacing-none cosmos-text--kind-normal cosmos-text--weight-regular cosmos-text--appearance-dark cosmos-text--size-xx-small@small cosmos-text--size-small@large sc-cosmos-text-11-4-1 sc-cosmos-text-11-4-1-s\" part=\"base\">One of the most radically different car designs on the grid<\/p>\n<p class=\"cosmos-text cosmos-text--spacing-none cosmos-text--kind-subtle cosmos-text--weight-regular cosmos-text--appearance-dark cosmos-text--size-xx-small sc-cosmos-text-11-4-1 sc-cosmos-text-11-4-1-s\" part=\"base\">\u00a9 Visa Cash App RB\/Red\u00a0Bull Content Pool<\/p>\n<ul class=\"inline-enumeration inline-enumeration--bullet\">\n<li class=\"inline-enumeration__item\">\n<p>Chasis: VCARB 02<\/p>\n<\/li>\n<li class=\"inline-enumeration__item\">\n<p>Pilotos: Yuki Tsunoda #22 | Isack Hadjar #6<\/p>\n<\/li>\n<li class=\"inline-enumeration__item\">\n<p>Director del equipo: Laurent Mekies<\/p>\n<\/li>\n<li class=\"inline-enumeration__item\">\n<p>Dise\u00f1o: Tim Goss, Jody Egginton<\/p>\n<\/li>\n<li class=\"inline-enumeration__item\">\n<p>Unidad de potencia: Honda RBPTH002<\/p>\n<\/li>\n<\/ul>\n<p>Yuki Tsunoda, uno de los pilotos m\u00e1s populares de la parrilla y del paddock, comienza su quinta temporada en la F1, liderando el equipo Visa Cash App Racing Bulls F1 Team. Con 91 puntos en su carrera, ya es el piloto japon\u00e9s de F1 m\u00e1s laureado y, con 87 Grandes Premios disputados, est\u00e1 a un paso del r\u00e9cord de 94 de Ukyo Katayama. \u201cEspero que mi quinta temporada en la F1 sea una extensi\u00f3n de c\u00f3mo han ido los \u00faltimos a\u00f1os, siempre progresando. Mi intenci\u00f3n es afinar a\u00fan m\u00e1s, ser un piloto m\u00e1s completo\u201d, declar\u00f3 Tsunoda. \u201cEspero que este a\u00f1o sea una competici\u00f3n a\u00fan m\u00e1s re\u00f1ida. Ir\u00e9 paso a paso, pero me siento confiado\u201d.<\/p>\n<p>Le acompa\u00f1a en el garaje otro debutante, Isack Hadjar. Al igual que Max Verstappen, Liam Lawson y Yuki Tsunoda, el talentoso franc\u00e9s es otro graduado del Red\u00a0Bull Junior Team y da el paso desde la F2 tras haber terminado subcampe\u00f3n en el campeonato de 2024. \u201cMi objetivo de toda la vida ha sido convertirme en piloto de F1, as\u00ed que es surrealista estar aqu\u00ed, cumpliendo mi sue\u00f1o\u201d, dijo Hadjar. \u201cNo espero que sea f\u00e1cil, hay mucho que aprender, pero estoy muy contento de aprender de Yuki, que es un profesional curtido en este deporte\u201d.<\/p>\n<p>05<\/p>\n<p>\u00bfCu\u00e1ndo entrar\u00e1n en acci\u00f3n los coches?<\/p>\n<p>Veremos el RB21 en acci\u00f3n la semana que viene en los entrenamientos de pretemporada de F1 que se celebrar\u00e1n en el Circuito Internacional de Bahr\u00e9in del 26 al 28 de febrero. Los coches saldr\u00e1n por primera vez a la pista en competici\u00f3n en Albert Park, Melbourne, en el Gran Premio de Australia, el fin de semana del 14 al 16 de marzo.<\/p>\n<p class=\"cosmos-text cosmos-text--spacing-none cosmos-text--kind-normal cosmos-text--weight-medium cosmos-text--appearance-dark cosmos-text--size-x-small sc-cosmos-text-11-4-1 sc-cosmos-text-11-4-1-s\" part=\"base\">Esta historia es parte de<\/p>\n","protected":false},"excerpt":{"rendered":"Por primera vez en la historia del deporte, los 10 equipos y 20 pilotos de F1 se reunieron&hellip;\n","protected":false},"author":2,"featured_media":190921,"comment_status":"","ping_status":"","sticky":false,"template":"","format":"standard","meta":{"footnotes":""},"categories":[270],"tags":[168,25,24,306,271,272,23,167],"class_list":{"0":"post-190920","1":"post","2":"type-post","3":"status-publish","4":"format-standard","5":"has-post-thumbnail","7":"category-formula-1","8":"tag-deportes","9":"tag-es","10":"tag-espana","11":"tag-f1","12":"tag-formula-1","13":"tag-formula1","14":"tag-spain","15":"tag-sports"},"share_on_mastodon":{"url":"https:\/\/pubeurope.com\/@es\/115410748340259444","error":""},"_links":{"self":[{"href":"https:\/\/www.europesays.com\/es\/wp-json\/wp\/v2\/posts\/190920","targetHints":{"allow":["GET"]}}],"collection":[{"href":"https:\/\/www.europesays.com\/es\/wp-json\/wp\/v2\/posts"}],"about":[{"href":"https:\/\/www.europesays.com\/es\/wp-json\/wp\/v2\/types\/post"}],"author":[{"embeddable":true,"href":"https:\/\/www.europesays.com\/es\/wp-json\/wp\/v2\/users\/2"}],"replies":[{"embeddable":true,"href":"https:\/\/www.europesays.com\/es\/wp-json\/wp\/v2\/comments?post=190920"}],"version-history":[{"count":0,"href":"https:\/\/www.europesays.com\/es\/wp-json\/wp\/v2\/posts\/190920\/revisions"}],"wp:featuredmedia":[{"embeddable":true,"href":"https:\/\/www.europesays.com\/es\/wp-json\/wp\/v2\/media\/190921"}],"wp:attachment":[{"href":"https:\/\/www.europesays.com\/es\/wp-json\/wp\/v2\/media?parent=190920"}],"wp:term":[{"taxonomy":"category","embeddable":true,"href":"https:\/\/www.europesays.com\/es\/wp-json\/wp\/v2\/categories?post=190920"},{"taxonomy":"post_tag","embeddable":true,"href":"https:\/\/www.europesays.com\/es\/wp-json\/wp\/v2\/tags?post=190920"}],"curies":[{"name":"wp","href":"https:\/\/api.w.org\/{rel}","templated":true}]}}