{"id":190991,"date":"2025-10-21T07:13:21","date_gmt":"2025-10-21T07:13:21","guid":{"rendered":"https:\/\/www.europesays.com\/es\/190991\/"},"modified":"2025-10-21T07:13:21","modified_gmt":"2025-10-21T07:13:21","slug":"el-super-amara-bera-bera-ante-un-noviembre-de-infarto-tras-el-paron-de-selecciones","status":"publish","type":"post","link":"https:\/\/www.europesays.com\/es\/190991\/","title":{"rendered":"El Super Amara Bera Bera, ante un noviembre de infarto tras el par\u00f3n de selecciones"},"content":{"rendered":"<p>\n        El<strong> <\/strong><a href=\"https:\/\/www.noticiasdegipuzkoa.eus\/tags\/super-amara-bera-bera\/\" title=\"Super Amara Bera Bera\" target=\"_blank\" class=\"link copy\" rel=\"nofollow noopener\"><strong>Super Amara Bera Bera<\/strong><\/a>, con once jugadoras reincorporadas a la disciplina de <strong>Imanol \u00c1lvarez<\/strong> y <strong>Jon Begiristain<\/strong>, se prepara para un <strong>mes de noviembre fren\u00e9tico<\/strong>. En tan solo 23 d\u00edas, las donostiarras deber\u00e1n afrontar un total de <strong>siete encuentros<\/strong> clave: cinco de la Liga Guerreras Iberdrola y la doble cita de la European League.\n<\/p>\n<p class=\"article-body__text \">\n        La acci\u00f3n arranca este <strong>s\u00e1bado 25 de octubre<\/strong> en el <a href=\"https:\/\/www.noticiasdegipuzkoa.eus\/tags\/polideportivo-gasca\/\" title=\"Gasca\" target=\"_blank\" class=\"link copy\" rel=\"nofollow noopener\">Gasca<\/a> (18:00h.) ante <strong>KH7 BM Granollers<\/strong>.\n<\/p>\n<p>  Concentraci\u00f3n y viajes<\/p>\n<p class=\"article-body__text \">\n        Tras recibir al Granollers, vendr\u00e1n dos salidas consecutivas: <strong>Logro\u00f1o<\/strong> (mi\u00e9rcoles 29, 20:30h.) y <strong>Elda<\/strong> (s\u00e1bado 1 de noviembre, 18:00h.).\n<\/p>\n<p class=\"article-body__text \">\n        La semana decisiva comienza el 5 de noviembre recibiendo a <strong>Lanzarote Ciudad de Arrecife<\/strong> (19:00h.), antes del gran desaf\u00edo europeo: la ida de la QR3 de la European League frente al <strong>JDA Bourgogne Dijon<\/strong> el 8 de noviembre (18:00h.) en el Gasca.\n<\/p>\n<p class=\"article-body__text \">\n        Para cuadrar agendas antes del par\u00f3n mundialista, las de Bera Bera visitar\u00e1n al <strong>Beti Onak<\/strong> el martes 11 de noviembre. El marat\u00f3n culminar\u00e1 con el crucial partido de vuelta de la <a href=\"https:\/\/www.noticiasdegipuzkoa.eus\/tags\/european-league\/\" title=\"European League\" target=\"_blank\" class=\"link copy\" rel=\"nofollow noopener\">European League<\/a> en <strong>Dijon<\/strong>, el domingo 16 de noviembre.\n<\/p>\n<p>   Conciencia Social<\/p>\n<p class=\"article-body__text \">\n        En el \u00e1mbito extradeportivo, cabe destacar la reciente postura de las jugadoras internacionales espa\u00f1olas del club. Tras ganar con la selecci\u00f3n, difundieron un <a href=\"https:\/\/x.com\/BalonmaBeraBera\/status\/1979966317475029389\" title=\"comunicado\" rel=\"nofollow\" target=\"_blank\" class=\"link copy\">comunicado<\/a> mostrando su <strong>\u00absolidaridad con el pueblo palestino\u00bb<\/strong>, realizando gestos simb\u00f3licos como lucir pegatinas de sand\u00edas y agachar la cabeza durante el himno de <a href=\"https:\/\/www.noticiasdegipuzkoa.eus\/tags\/israel\/\" title=\"Israel\" target=\"_blank\" class=\"link copy\" rel=\"nofollow noopener\">Israel<\/a>.<\/p>\n","protected":false},"excerpt":{"rendered":"El Super Amara Bera Bera, con once jugadoras reincorporadas a la disciplina de Imanol \u00c1lvarez y Jon Begiristain,&hellip;\n","protected":false},"author":2,"featured_media":190992,"comment_status":"","ping_status":"","sticky":false,"template":"","format":"standard","meta":{"footnotes":""},"categories":[278],"tags":[3401,376,11902,168,25,24,375,15355,23,167,3400],"class_list":{"0":"post-190991","1":"post","2":"type-post","3":"status-publish","4":"format-standard","5":"has-post-thumbnail","7":"category-balonmano","8":"tag-amara","9":"tag-balonmano","10":"tag-bera","11":"tag-deportes","12":"tag-es","13":"tag-espana","14":"tag-handball","15":"tag-noviembre","16":"tag-spain","17":"tag-sports","18":"tag-super"},"share_on_mastodon":{"url":"https:\/\/pubeurope.com\/@es\/115410921274124909","error":""},"_links":{"self":[{"href":"https:\/\/www.europesays.com\/es\/wp-json\/wp\/v2\/posts\/190991","targetHints":{"allow":["GET"]}}],"collection":[{"href":"https:\/\/www.europesays.com\/es\/wp-json\/wp\/v2\/posts"}],"about":[{"href":"https:\/\/www.europesays.com\/es\/wp-json\/wp\/v2\/types\/post"}],"author":[{"embeddable":true,"href":"https:\/\/www.europesays.com\/es\/wp-json\/wp\/v2\/users\/2"}],"replies":[{"embeddable":true,"href":"https:\/\/www.europesays.com\/es\/wp-json\/wp\/v2\/comments?post=190991"}],"version-history":[{"count":0,"href":"https:\/\/www.europesays.com\/es\/wp-json\/wp\/v2\/posts\/190991\/revisions"}],"wp:featuredmedia":[{"embeddable":true,"href":"https:\/\/www.europesays.com\/es\/wp-json\/wp\/v2\/media\/190992"}],"wp:attachment":[{"href":"https:\/\/www.europesays.com\/es\/wp-json\/wp\/v2\/media?parent=190991"}],"wp:term":[{"taxonomy":"category","embeddable":true,"href":"https:\/\/www.europesays.com\/es\/wp-json\/wp\/v2\/categories?post=190991"},{"taxonomy":"post_tag","embeddable":true,"href":"https:\/\/www.europesays.com\/es\/wp-json\/wp\/v2\/tags?post=190991"}],"curies":[{"name":"wp","href":"https:\/\/api.w.org\/{rel}","templated":true}]}}