{"id":190997,"date":"2025-10-21T07:19:11","date_gmt":"2025-10-21T07:19:11","guid":{"rendered":"https:\/\/www.europesays.com\/es\/190997\/"},"modified":"2025-10-21T07:19:11","modified_gmt":"2025-10-21T07:19:11","slug":"asi-se-va-a-hacer-demasiado-largo","status":"publish","type":"post","link":"https:\/\/www.europesays.com\/es\/190997\/","title":{"rendered":"\u201cAs\u00ed se va a hacer demasiado largo\u201d"},"content":{"rendered":"<p data-journey-content=\"true\" data-node-id=\"2\" class=\"css-6wxqfj emevuu60\">Fernando Alonso volvi\u00f3 a acabar un Gran Premio con un alto grado de frustraci\u00f3n. El piloto tuvo un rendimiento asombroso especialmente el s\u00e1bado, cuando comenz\u00f3 la carrera en sexto lugar y tras la primera curva parec\u00eda que iba a subir al segundo puesto antes de que se lo llevasen puesto, finalizando ah\u00ed su carrera. M\u00e1s tarde, logr\u00f3 meterse en Q3 si bien es cierto que en carrera no logr\u00f3 avanzar e incluso tuvo algo de fortuna con el incidente de Sainz y Antonelli, que le permiti\u00f3 acabar en los puntos. <\/p>\n<p>Dos Q3, pero solo un punto<\/p>\n<p data-journey-content=\"true\" data-node-id=\"6\" class=\"css-6wxqfj emevuu60\">Alonso, especialmente \u00e1cido e incluso ir\u00f3nico no dud\u00f3 en se\u00f1alar que obviamente no iba a pasar nada en carrera el domingo, que las cosas especiales pasan cuando est\u00e1 delante y sale mal parado, como el s\u00e1bado. Pero que a\u00fan as\u00ed, celebraba el sumar un punto con el noveno coche de la parrilla. <\/p>\n<p data-journey-content=\"true\" data-node-id=\"8\" class=\"css-6wxqfj emevuu60\">En Aston Martin no debieron gustar mucho estas palabras, pues uno de los portavoces del equipo, Mike Krack, sali\u00f3 al quite a clarificar, sin negar las palabras del piloto, que eran demasiado autocr\u00edticos con su propio rendimiento. <\/p>\n<p data-journey-content=\"true\" data-node-id=\"12\" class=\"css-6wxqfj emevuu60\">En defensa de Alonso, decir que cuesta colocar el rendimiento de los equipos. Se vio a Oliver Bearman atacar con el Haas a Yuki Tsunoda,  a Nico H\u00fclkenberg escaparse sin mucho problema del Aston Martin de Fernando Alonso, y a Liam Lawson llegar a atacar al asturiano. Sin embargo, el hecho de que Lance Stroll acabase duod\u00e9cimo a solo cuatro segundo de los puntos, tambi\u00e9n invita a pensar que el rendimiento del monoplaza no era tan desastroso, pues no es el canadiense de los que destaca precisamente en condiciones adversas. <\/p>\n<p><img draggable=\"true\" alt=\"auto: oct 18 f1 united states grand prix\" title=\"AUTO: OCT 18 F1 United States Grand Prix\" loading=\"lazy\" width=\"4292\" height=\"2861\" decoding=\"async\" data-nimg=\"1\" style=\"color:transparent;width:100%;height:auto;\"   src=\"https:\/\/www.europesays.com\/es\/wp-content\/uploads\/2025\/10\/mclaren-formula-1-team-driver-oscar-piastri-of-australia-news-photo-1760980462.pjpeg\" class=\"css-0 e1g79fud0\"\/><a target=\"_blank\" rel=\"noopener nofollow\" data-theme-key=\"base-link\" href=\"https:\/\/pinterest.com\/pin\/create\/button\/?url=https:\/\/www.caranddriver.com\/es\/formula-1\/a69096445\/aston-martin-contraria-fernando-alonso-demasiado-largo\/&amp;description=&amp;media=https:\/\/hips.hearstapps.com\/hmg-prod\/images\/mclaren-formula-1-team-driver-oscar-piastri-of-australia-news-photo-1760980462.pjpeg?resize=1600:*\" class=\"pinterest css-on9hn5 e1c1bym14\"><img decoding=\"async\" data-dynamic-svg=\"true\" src=\"https:\/\/www.caranddriver.com\/_assets\/design-tokens\/fre\/static\/icons\/social\/pinterest.e8cf655.svg?primary=%2523ffffff\" loading=\"lazy\" data-testid=\"dynamic-svg-base\" height=\"auto\" width=\"auto\" alt=\"pinterest\" class=\"css-4lml0h e1mlxuuw1\"\/><\/a><\/p>\n<p>Icon Sportswire\/\/Getty Images<\/p>\n<p>Aston Martin prefiere una visi\u00f3n positiva<\/p>\n<p data-journey-content=\"true\" data-node-id=\"16\" class=\"css-6wxqfj emevuu60\">Krack indic\u00f3 que si cada vez que no se gana, se es demasiado autocr\u00edtico, con 24 carreras por delante, esto se iba a hacer muy largo, y que hay que tomarse las carreras con puntos como positivas y tomarse un respiro antes de seguir buscando la perfecci\u00f3n.<\/p>\n<p data-journey-content=\"true\" data-node-id=\"18\" class=\"css-6wxqfj emevuu60\">Aston Martin ha recortado puntos a Racing Bull por segundo fin de semana consecuitvo, siendo en estos momentos s\u00e9ptimos en la clasificaci\u00f3n con 69 puntos por los 72 de Racing Bulls. Williams, gracias al s\u00e1bado, ha cogido aire y ya est\u00e1 pr\u00e1cticamente inalcanzable con 111 puntos. Por detr\u00e1s, Sauber se mantiene a una distancia peligrosa con 59 puntos. M\u00e1s lejos, Haas con 48, y Alpine, con seis Grandes Premios consecutivos sin puntuar, sigue siendo farolillo rojo con 20 puntos. <\/p>\n<p><img src=\"https:\/\/www.europesays.com\/es\/wp-content\/uploads\/2025\/10\/1761031151_236_8d34be8d-e2ac-402f-bb28-b7bf4889b6bb_1655374969.file\" alt=\"Headshot of Sergio Mart\u00ednez\" title=\"Headshot of Sergio Mart\u00ednez\" width=\"100%\" height=\"100%\" decoding=\"async\" loading=\"lazy\" class=\"css-o0wq4v ev8dhu53\"\/><\/p>\n<p>Experto en F\u00f3rmula 1 y Motorsport, especializado en el mundo de las carreras y la competici\u00f3n a motor, la cual lleva cubriendo m\u00e1s de una d\u00e9cada en diferentes medios del sector. Obsesionado de las categor\u00edas de formaci\u00f3n y desconfiado por naturaleza de todo lo que le cuentan. \u00a0\u00a0\u00a0<\/p>\n","protected":false},"excerpt":{"rendered":"Fernando Alonso volvi\u00f3 a acabar un Gran Premio con un alto grado de frustraci\u00f3n. El piloto tuvo un&hellip;\n","protected":false},"author":2,"featured_media":190998,"comment_status":"","ping_status":"","sticky":false,"template":"","format":"standard","meta":{"footnotes":""},"categories":[270],"tags":[168,253,25,24,306,271,272,23,167],"class_list":{"0":"post-190997","1":"post","2":"type-post","3":"status-publish","4":"format-standard","5":"has-post-thumbnail","7":"category-formula-1","8":"tag-deportes","9":"tag-discover","10":"tag-es","11":"tag-espana","12":"tag-f1","13":"tag-formula-1","14":"tag-formula1","15":"tag-spain","16":"tag-sports"},"share_on_mastodon":{"url":"https:\/\/pubeurope.com\/@es\/115410945642209020","error":""},"_links":{"self":[{"href":"https:\/\/www.europesays.com\/es\/wp-json\/wp\/v2\/posts\/190997","targetHints":{"allow":["GET"]}}],"collection":[{"href":"https:\/\/www.europesays.com\/es\/wp-json\/wp\/v2\/posts"}],"about":[{"href":"https:\/\/www.europesays.com\/es\/wp-json\/wp\/v2\/types\/post"}],"author":[{"embeddable":true,"href":"https:\/\/www.europesays.com\/es\/wp-json\/wp\/v2\/users\/2"}],"replies":[{"embeddable":true,"href":"https:\/\/www.europesays.com\/es\/wp-json\/wp\/v2\/comments?post=190997"}],"version-history":[{"count":0,"href":"https:\/\/www.europesays.com\/es\/wp-json\/wp\/v2\/posts\/190997\/revisions"}],"wp:featuredmedia":[{"embeddable":true,"href":"https:\/\/www.europesays.com\/es\/wp-json\/wp\/v2\/media\/190998"}],"wp:attachment":[{"href":"https:\/\/www.europesays.com\/es\/wp-json\/wp\/v2\/media?parent=190997"}],"wp:term":[{"taxonomy":"category","embeddable":true,"href":"https:\/\/www.europesays.com\/es\/wp-json\/wp\/v2\/categories?post=190997"},{"taxonomy":"post_tag","embeddable":true,"href":"https:\/\/www.europesays.com\/es\/wp-json\/wp\/v2\/tags?post=190997"}],"curies":[{"name":"wp","href":"https:\/\/api.w.org\/{rel}","templated":true}]}}