{"id":191001,"date":"2025-10-21T07:21:12","date_gmt":"2025-10-21T07:21:12","guid":{"rendered":"https:\/\/www.europesays.com\/es\/191001\/"},"modified":"2025-10-21T07:21:12","modified_gmt":"2025-10-21T07:21:12","slug":"pellegrini-decide-en-europa-la-situacion-de-nelson-deossa-en-el-betis","status":"publish","type":"post","link":"https:\/\/www.europesays.com\/es\/191001\/","title":{"rendered":"Pellegrini decide en Europa la situaci\u00f3n de Nelson Deossa en el Betis"},"content":{"rendered":"<p class=\"parrafo\">Cuando un equipo se encuentra en un momento tan sensacional como el del Betis, con r\u00e9cord tras r\u00e9cord y con las sensaciones de que puede prolongarse por la confianza inquebrantable del plantel,<strong> resulta muy complicado que los futbolistas menos habituales se abran un hueco <\/strong>en el once independientemente de las circunstancias que hayan provocado su rol secundario.<\/p>\n<p class=\"parrafo\">En este sentido, se ven obligados a aprovechar la m\u00e1s m\u00ednima oportunidad para que Pellegrini les considere v\u00e1lidos para la causa y no como un recurso de segunda fila. <strong>Situaci\u00f3n en la que se encuentra a d\u00eda de hoy el centrocampista Nelsson Deossa<\/strong>, reclutado este verano como una de las incorporaciones m\u00e1s ilusionantes al pagar alrededor de 12 millones a Rayados de Monterrey.<\/p>\n<p><img decoding=\"async\" src=\"https:\/\/www.europesays.com\/es\/wp-content\/uploads\/2025\/10\/71a134dc-a38b-434f-963d-252820c273d6_800x533.jpeg\" loading=\"lazy\"\/><\/p>\n<p class=\"parrafo\"> El colombiano arrastraba problemas f\u00edsicos cuando lleg\u00f3 y <strong>no se encontr\u00f3 disponible hasta la jornada cuatro<\/strong>, cuando se estren\u00f3 contra el Athletic, para despu\u00e9s ser titular contra el Levante, partido en el que se resinti\u00f3 de sus molestias y regres\u00f3 a la enfermer\u00eda. <strong>Tras perderse cinco partidos m\u00e1s, se puso a disposici\u00f3n de Pellegrini tras el par\u00f3n y <\/strong><strong>engros\u00f3 la convocatoria contra el Villarreal<\/strong>, ya plenamente recuperado, pero no dispuso de ning\u00fan minuto.<\/p>\n<p><a class=\"elementos-rel-t2\" href=\"https:\/\/www.estadiodeportivo.com\/futbol\/betis\/cucho-hernandez-revolucion-deossa-limbo-20251003-514915.html\" title=\"Cucho H\u00e9rn\u00e1ndez, en la revoluci\u00f3n; Deossa, en el limbo\" rel=\"nofollow noopener\" target=\"_blank\">Cucho H\u00e9rn\u00e1ndez, en la revoluci\u00f3n; Deossa, en el limbo<img decoding=\"async\" src=\"https:\/\/www.europesays.com\/es\/wp-content\/uploads\/2025\/10\/659e1c4d-0963-4d06-8707-23b06eb931d5_320x180.jpeg\" alt=\"Cucho H\u00e9rn\u00e1ndez, en la revoluci\u00f3n; Deossa, en el limbo\"\/><\/a><a class=\"elementos-rel-t2\" href=\"https:\/\/www.estadiodeportivo.com\/futbol\/betis\/pellegrini-lamenta-lesion-amrabat-echa-cuentas-con-deossa-bartra-llorente-20251004-514995.html\" title=\"Pellegrini lamenta la lesi\u00f3n de Amrabat y echa cuentas con Deossa, Bartra y Llorente\" rel=\"nofollow noopener\" target=\"_blank\">Pellegrini lamenta la lesi\u00f3n de Amrabat y echa cuentas con Deossa, Bartra y Llorente<img decoding=\"async\" src=\"https:\/\/www.europesays.com\/es\/wp-content\/uploads\/2025\/10\/3d0c690a-3ef3-462b-9230-333f3d5c94de_320x180.jpeg\" alt=\"Pellegrini lamenta la lesi\u00f3n de Amrabat y echa cuentas con Deossa, Bartra y Llorente\"\/><\/a><a class=\"elementos-rel-t2\" href=\"https:\/\/www.estadiodeportivo.com\/futbol\/betis\/misterio-sin-resolver-con-lesion-deossa-betis-20250924-513392.html\" title=\"El &quot;misterio sin resolver&quot; con la lesi\u00f3n de Deossa en el Betis\" rel=\"nofollow noopener\" target=\"_blank\">El \u00abmisterio sin resolver\u00bb con la lesi\u00f3n de Deossa en el Betis<img decoding=\"async\" src=\"https:\/\/www.europesays.com\/es\/wp-content\/uploads\/2025\/10\/1a06c696-8959-4cf2-8d08-a22881b8c4a7_320x180.jpeg\" alt=\"El &quot;misterio sin resolver&quot; con la lesi\u00f3n de Deossa en el Betis\"\/><\/a><\/p>\n<p class=\"parrafo\">En este sentido, a d\u00eda de hoy, <strong>se erige de largo en el fichaje menos utilizado por Pellegrini con solo 66 minutos<\/strong>, muy lejos de la siguiente cara nueva con menos participaci\u00f3n caso de \u00c1lvaro Valles, con 360 minutos. Amrabat, que se incorpor\u00f3 m\u00e1s tarde y que, adem\u00e1s, no estuvo contra el Espanyol por una lesi\u00f3n, acumula ya 391 mientras que <strong>el resto ya supera los 400<\/strong>, siendo Riquelme el que m\u00e1s dudas ha despertado hasta la fecha.<\/p>\n<p>Punto de inflexi\u00f3n para Deossa contra el Genk<\/p>\n<p class=\"parrafo\">Ahora mismo la competencia en el centro del campo verdiblanco, ya armado,<strong> es alt\u00edsima una vez recuperado Marc Roca y con el marroqu\u00ed como intocable<\/strong>, hasta el punto de que Pellegrini se permite el lujo de dejar en el banquillo en ocasiones a Lo Celso para adelantar a un Fornals que brilla como mediapunta. Por ello, <strong>el partido de este jueves contra el Genk,<\/strong> correspondiente a la tercera jornada de la fase liga Europa Legue, se presenta en <strong>un punto de inflexi\u00f3n para Deossa, <\/strong>en un tren que no puede dejar pasar si el chileno decide recogerlo en la parada.<\/p>\n<p>Momento clave para Deossa<\/p>\n<p class=\"parrafo\">Es evidente que <strong>el &#8216;Ingeniero&#8217; realizar\u00e1 rotaciones ante el cargado calendario y su decisi\u00f3n con el centrocampista colombiano resultar\u00e1 vinculante y muy significativa acerca de su consideraci\u00f3n sobre Deossa <\/strong>y sus planes de aqu\u00ed en adelante. En este sentido, podr\u00eda disponer de la ocasi\u00f3n de reivindicarse y postularse como uno m\u00e1s en la carrera por un rol importante en el equipo, a la par que <strong>quedar\u00eda tocado si el t\u00e9cnico no le otorga la alternativa ante el conjunto belga<\/strong>. La situaci\u00f3n de Nelson Deossa atraviesa por un <strong>momento clave<\/strong> y est\u00e1 en manos del preparador verdiblanco.<\/p>\n","protected":false},"excerpt":{"rendered":"Cuando un equipo se encuentra en un momento tan sensacional como el del Betis, con r\u00e9cord tras r\u00e9cord&hellip;\n","protected":false},"author":2,"featured_media":191002,"comment_status":"","ping_status":"","sticky":false,"template":"","format":"standard","meta":{"footnotes":""},"categories":[268],"tags":[168,25,24,284,280,282,2048,286,281,23,167],"class_list":{"0":"post-191001","1":"post","2":"type-post","3":"status-publish","4":"format-standard","5":"has-post-thumbnail","7":"category-futbol","8":"tag-deportes","9":"tag-es","10":"tag-espana","11":"tag-estadio-deportivo","12":"tag-football","13":"tag-futbol","14":"tag-manuel-pellegrini","15":"tag-real-betis-balompie","16":"tag-soccer","17":"tag-spain","18":"tag-sports"},"share_on_mastodon":{"url":"https:\/\/pubeurope.com\/@es\/115410953027586318","error":""},"_links":{"self":[{"href":"https:\/\/www.europesays.com\/es\/wp-json\/wp\/v2\/posts\/191001","targetHints":{"allow":["GET"]}}],"collection":[{"href":"https:\/\/www.europesays.com\/es\/wp-json\/wp\/v2\/posts"}],"about":[{"href":"https:\/\/www.europesays.com\/es\/wp-json\/wp\/v2\/types\/post"}],"author":[{"embeddable":true,"href":"https:\/\/www.europesays.com\/es\/wp-json\/wp\/v2\/users\/2"}],"replies":[{"embeddable":true,"href":"https:\/\/www.europesays.com\/es\/wp-json\/wp\/v2\/comments?post=191001"}],"version-history":[{"count":0,"href":"https:\/\/www.europesays.com\/es\/wp-json\/wp\/v2\/posts\/191001\/revisions"}],"wp:featuredmedia":[{"embeddable":true,"href":"https:\/\/www.europesays.com\/es\/wp-json\/wp\/v2\/media\/191002"}],"wp:attachment":[{"href":"https:\/\/www.europesays.com\/es\/wp-json\/wp\/v2\/media?parent=191001"}],"wp:term":[{"taxonomy":"category","embeddable":true,"href":"https:\/\/www.europesays.com\/es\/wp-json\/wp\/v2\/categories?post=191001"},{"taxonomy":"post_tag","embeddable":true,"href":"https:\/\/www.europesays.com\/es\/wp-json\/wp\/v2\/tags?post=191001"}],"curies":[{"name":"wp","href":"https:\/\/api.w.org\/{rel}","templated":true}]}}