{"id":191006,"date":"2025-10-21T07:24:15","date_gmt":"2025-10-21T07:24:15","guid":{"rendered":"https:\/\/www.europesays.com\/es\/191006\/"},"modified":"2025-10-21T07:24:15","modified_gmt":"2025-10-21T07:24:15","slug":"angeles-caballero-hay-que-enterrar-ya-a-la-maldita-superwoman-y-hablar-de-arrugas-cuerpos-y-menopausia","status":"publish","type":"post","link":"https:\/\/www.europesays.com\/es\/191006\/","title":{"rendered":"\u00c1ngeles Caballero: \u00abHay que enterrar ya a la maldita Superwoman y hablar de arrugas, cuerpos y menopausia\u00bb"},"content":{"rendered":"<p>El nuevo libro de \u00c1ngeles Caballero habla un poco de todo, pero desde el prisma de la madurez de una mujer feminista y de izquierdas.  &#8230; Por ese motivo, presenta en sus p\u00e1ginas una Espa\u00f1a moderna y contempor\u00e1nea, pero a la vez castiza y cazurra, porque \u00bfno est\u00e1 clar\u00edsimo que Espa\u00f1a es ambas cosas?<\/p>\n<p class=\"v-p\">Eso y mucho m\u00e1s es &#8216;Orfidal y Caballero&#8217; (Arpa Ediciones), una novela a caballo entre el diario, el ensayo y la narrativa que desmiembra muchas de las cosas que damos por sentado en el d\u00eda a d\u00eda desde un humor \u00e1cido y afilado. La escritora y periodista estar\u00e1 firmando ejemplares el pr\u00f3ximo mi\u00e9rcoles 22 de octubre en la Librer\u00eda Bagarang desde las 19 horas.<\/p>\n<p class=\"v-p\"><strong>-Recibes mucho odio en redes sociales. \u00bfC\u00f3mo lo llevas?<\/strong><\/p>\n<p class=\"v-p\">-La mera exposici\u00f3n p\u00fablica te lleva a vivir malos tragos. Me he puesto a dieta de redes sociales desde hace un tiempo y ahora solo comparto lo que escribo o hago en el trabajo, pero ya no opino sobre actualidad porque no me apetece que la bola crezca y me lleguen insultos. Me afecta much\u00edsimo, por eso he tratado de distanciarme. Si eres mujer, adem\u00e1s, punt\u00faas doble, y eso que, dentro de todo, yo tengo muchos privilegios. Forma parte del precio a pagar por tener exposici\u00f3n p\u00fablica, pero es infame e injusto. <\/p>\n<p><img decoding=\"async\" loading=\"lazy\" src=\"https:\/\/www.europesays.com\/es\/wp-content\/uploads\/2025\/10\/Clipboard-0139-k6YH--650x455@Las Provincias.png\" class=\"v-a-img\" width=\"650\" height=\"455\" alt=\"\" data-voc-vtm-id=\"in-text-traffic\"\/><\/p>\n<p><img loading=\"lazy\" decoding=\"async\" src=\"https:\/\/www.europesays.com\/es\/wp-content\/uploads\/2025\/10\/Clipboard-0139-k6YH--650x455@Las Provincias.png\" class=\"v-mdl__img-z\" width=\"650\" height=\"455\" alt=\"\"\/><\/p>\n<p class=\"v-p\"><strong>-\u00bfPor qu\u00e9 crees que se te ataca tanto? \u00bfQu\u00e9 les pasa?<\/strong><\/p>\n<p class=\"v-p\">-Las redes tienen muchas cosas buenas, como poder encontrarte con personas con las que nunca te encontrar\u00edas de otra forma. Pero, por otra parte, el anonimato posibilita que cualquiera pueda insultarte de una forma que cambiar\u00eda mucho si tuviera que dar la cara. Si no fueran an\u00f3nimos, los insultos y opiniones tendr\u00edan m\u00e1s cortes\u00eda. No soy una v\u00edctima especial, tengo colegas que reciben much\u00edsimo m\u00e1s odio, y conozco gente a quien incluso le gusta recibirlo, porque les activa la adrenalina. A m\u00ed me afecta, as\u00ed que me he intentado proteger. <\/p>\n<p><a href=\"http:\/\/www.lasprovincias.es\/culturas\/nueva-literatura-valenciana-pasion-combate-oralidad-20250416011137-nt.html#vtm_modulosEngag=mod-rel:culturas:noticia:1:cmp:1-not\" class=\"v-a-link\" aria-label=\"Imagen\" rel=\"nofollow noopener\" target=\"_blank\"><\/p>\n<p><img decoding=\"async\" loading=\"lazy\" src=\"https:\/\/www.europesays.com\/es\/wp-content\/uploads\/2025\/10\/1495091463 (1)-kMlE--366x256@Las Provincias.jpg\" class=\"v-a-img\" width=\"258\" height=\"180\" alt=\"\" data-voc-vtm-id=\"in-text-traffic\"\/><\/p>\n<p><\/a><\/p>\n<p class=\"v-p\"><strong>-En tu libro hablas del ego peri\u00f3distico. Es cierto que a veces pensamos que somos lo m\u00e1ximo, y hoy en d\u00eda la realidad es que hay formas de amplificar tu voz mucho m\u00e1s efectivas que el periodismo. Mira a los influencers. \u00bfQu\u00e9 me puedes decir de esto?<\/strong><\/p>\n<p class=\"v-p\">-No se me ocurrir\u00eda criticar a los influencers, porque son figuras que han conseguido comunicar y alcanzar un impacto enorme que el periodismo est\u00e1 perdiendo. Los periodistas hemos dejado de influenciar en gran medida. El periodismo se mira mucho el ombligo, pero ni salvamos vidas ni determinamos la opini\u00f3n de un ampl\u00edsimo grupo de la poblaci\u00f3n. Estamos demasiado pendientes de nuestra burbuja y no nos hemos dado cuenta de que han pasado muchas cosas que han perjudicado al oficio. Le pasa tambi\u00e9n a la pol\u00edtica. Alvise es un buen ejemplo. Su resultado en las europeas nos revel\u00f3 a todos, especialmente a periodistas y pol\u00edticos, que hay una persona que consigui\u00f3 cerca de un mill\u00f3n de votos sin hacer campa\u00f1a de medios, sin pagar publicidad en medios tradicionales, sin hacer m\u00edtines\u2026 Esto debe hacernos pensar que hay muchos sitios a los que no llegamos. Verlo quiz\u00e1s nos sirva para quitar el ego. <\/p>\n<p><img decoding=\"async\" loading=\"lazy\" src=\"https:\/\/www.europesays.com\/es\/wp-content\/uploads\/2025\/10\/caballero (2)-k6YH--650x455@Las Provincias.jpg\" class=\"v-a-img\" width=\"650\" height=\"455\" alt=\"\" data-voc-vtm-id=\"in-text-traffic\"\/><\/p>\n<p><img loading=\"lazy\" decoding=\"async\" src=\"https:\/\/www.europesays.com\/es\/wp-content\/uploads\/2025\/10\/caballero (2)-k6YH--650x455@Las Provincias.jpg\" class=\"v-mdl__img-z\" width=\"650\" height=\"455\" alt=\"\"\/><\/p>\n<p class=\"v-p\"><strong>-\u00bfC\u00f3mo ves la profesi\u00f3n? \u00bfCrees que est\u00e1 en su peor momento o crees que a veces tendemos a exagerar las cosas y a pensar que cualquier pasado fue siempre mejor?<\/strong><\/p>\n<p class=\"v-p\">-Al periodismo le pasa un poco como al teatro, que siempre decimos que est\u00e1 en crisis. Hay gente que sigue haciendo un buen periodismo. Hay much\u00edsima precariedad, pero como siempre la ha habido. Y a\u00fan as\u00ed se siguen haciendo grandes trabajos (tambi\u00e9n malos). Todos somos productos de nuestro tiempo. Como escribas un art\u00edculo largu\u00edsimo, es muy dif\u00edcil que alguien lo lea entero. El cortoplacismo, el d\u00e9ficit de atenci\u00f3n\u2026 Los j\u00f3venes no leen peri\u00f3dicos, y much\u00edsimos adultos tampoco. Pero, a\u00fan as\u00ed, sigue habiendo extraordinarios periodistas. <\/p>\n<p class=\"v-p\"><strong>-Defines en tu libro buena parte del caos de una vida costumbrista, atada a la actualidad y v\u00edctima de la velocidad desatada de este mundo. Muestras un hartazgo muy particular, porque el hartazgo est\u00e1 ah\u00ed, pero todo desde el humor. \u00bfEst\u00e1s muy harta del mundo?<\/strong><\/p>\n<p class=\"v-p\">-Estoy harta a ratos, como todos. Muchas veces intento no estar al d\u00eda de todo lo que ocurre para parar un poco el carro, aunque eso tambi\u00e9n es un privilegio. Hay periodistas y otras personas que se dedican a oficios creativos que no pueden separarse de la actualidad y la rapidez, porque las redes, por ejemplo, son su soporte de publicidad. Tengo la sensaci\u00f3n de que a la gente le acaba llegando la informaci\u00f3n muy filtrada y utilizada. Les llega un peque\u00f1o porcentaje del asunto, y no digo que la gente sea tonta, ni mucho menos. La gente es inteligente, y es normal que esto ocurra porque vivimos en nuestras burbujas. Es natural que lo que recibe un abogado de Salamanca no sea lo mismo que recibo yo. <\/p>\n<p class=\"v-p\"><strong>-En tu libro, la mujer madura de m\u00e1s de cuarenta a\u00f1os es un icono. Hasta ahora siempre hab\u00eda sido el \u00faltimo mono. \u00bfEst\u00e1is haciendo un buen trabajo, no?<\/strong><\/p>\n<p class=\"v-p\">-S\u00e9 que de repente hay un mont\u00f3n de mujeres y temas que est\u00e1n dejando de estar escondidos en el ba\u00fal. Somos muy pesadas, y me alegro. Despu\u00e9s de m\u00e1s de dos mil a\u00f1os de patriarcado, dejadnos que seamos pesadas. F\u00edjate si nos quedan a\u00f1os. Hay que enterrar ya a la maldita figura de la superwoman, hay que hablar de nuestras arrugas, de nuestros cuerpos, de nuestros miedos y nuestras menopausias. Estuve con una mujer de la pol\u00edtica el otro d\u00eda y me dijo que estaba harta de los sofocos menop\u00e1usicos. Eso era impensable hace unos a\u00f1os. Es maravilloso. Todo dentro de la contradicci\u00f3n. Yo tambi\u00e9n me pongo mi b\u00f3tox y mis cremas, pero hay que seguir. <\/p>\n<p class=\"v-p\"><strong>-En este dietario, que es como se le est\u00e1 llamando a &#8216;Orfidal y Caballero&#8217;, narras una Espa\u00f1a castiza, a ratos rid\u00edcula, atrasada, pero otros ratos aut\u00e9ntica y libre. \u00bfQu\u00e9 te viene a la cabeza al pensar en Espa\u00f1a?<\/strong><\/p>\n<p class=\"v-p\">-Hablar\u00eda m\u00e1s bien de las muchas espa\u00f1as que a veces habitan en nosotros. Yo a veces soy contempor\u00e1nea y moderna, a veces hija de mi tiempo y, otras, m\u00e1s cl\u00e1sica que el chotis. Me considero conservadora en las cosas que quiero conservar: el amor de mis hijos, el amor de mi pareja, mis rutinas\u2026 Aspiro a que la gente viva cada vez mejor. Hay una Espa\u00f1a que quisiera borrar. La Espa\u00f1a en la que creo es de cintura ancha. <\/p>\n<p class=\"v-p\"><strong>-Voy a leerte un fragmento de tu libro: \u00abQu\u00e9 bien se declama con 24 grados y sentada en un sof\u00e1. C\u00f3mo me incomoda a veces la mujer que soy. C\u00f3mo me arrepiento de asomar a la cretina que llevo dentro. Ah\u00ed est\u00e1, a apenas dos balcones de altura, ese trabajo que te permitir\u00e1 no pensar. O eso quiero creer yo, que no he tenido que currar de otra cosa que no fuera de aquello para lo que he estudiado. Muy simp\u00e1tica, s\u00ed, pero tambi\u00e9n una farsante\u00bb. \u00bfPor qu\u00e9 una farsante?<\/strong><\/p>\n<p class=\"v-p\">-Porque reivindico a las mujeres de las periferias de las grandes ciudades, que viven en los extrarradios feos est\u00e9ticamente porque no les queda otra y, mientras tanto, yo en el fondo he sido siempre una pija. Nunca he tenido que trabajar en otra cosa que no fuera aquello para lo que me he formado. Nunca he trabajado en verano y cuando fui becaria, al menos lo era en el periodismo. No he tenido que poner copas ni repartir paquetes, ni que llevar dinero a casa. Siempre he estudiado en concertada o privada. Por eso me siento una farsante, porque reivindico una fiesta a la que nadie me ha invitado. Desde que me he ido a Madrid, veo que esa clase media se diluye, as\u00ed que mi burbuja tambi\u00e9n est\u00e1 recibiendo bofetones. Lo que pienso sobre las cosas viene, sobre todo, de la gente que me rodea. <\/p>\n<p class=\"v-p\"><strong>-\u00bfCu\u00e1l crees que es el problema de que el extremismo conservador, la misoginia, la transfobia, el racismo\u2026, est\u00e9n calando tanto en la poblaci\u00f3n y en los j\u00f3venes?<\/strong><\/p>\n<p class=\"v-p\">Creo que cada \u00e9poca y etapa vital tiene movimientos que son aceptados porque son novedosos, aunque en el fondo eso es falso y no lo son, porque algunos est\u00e1n construidos por postulados que han estado toda la vida. Siempre ha habido perfiles m\u00e1s autoritarios y otros m\u00e1s revolucionarios. Podemos y Vox, que no los igualo, son movimientos cuyos principios no acaban de inventarse, sino que llevan mucho tiempo instalados y siendo postulados por te\u00f3ricos de la pol\u00edtica. Ahora vivimos una \u00e9poca en la que tener un punto de fascismo est\u00e1 de moda, lo cual es peligroso. Pero, lamentablemente, tambi\u00e9n tengo que asumir que parte de la responsabilidad es nuestra. Hay una parte de quienes creemos en la democracia que hemos tenido demasiada buena educaci\u00f3n, silencio y cierta hipocres\u00eda. Cuando hemos o\u00eddo a gente diciendo barbaridades en el plano p\u00fablico, nos hemos callado para evitar el conflicto. Y el resultado es que gente hom\u00f3foba, racista y fascista lo proclama hoy a los cuatro vientos. Hemos pecado de timoratos y, en cierto modo, de cobardes. Reconstruirnos nos llevar\u00e1 mucho sufrimiento. Si siguen creciendo, muchos ver\u00e1n su vida afectada notablemente. Es a eso contra lo que me revelo. Por eso voy a votar y digo ahora las cosas. Se pueden decir las cosas punzantes y letales con un tono sereno. No hay que callarse, sea del modo que sea. <\/p>\n<p class=\"v-p\"><strong>-Ocurre que, cada vez, ser de izquierdas se convierte en algo m\u00e1s complicado en nuestro pa\u00eds. Los l\u00edderes se muestran de pronto como abusadores sexuales protegidos por sus partidos, hay corrupci\u00f3n\u2026 Por no hablar del moralismo desatado o del \u00abest\u00e1s contmigo o eres malo, sin punto medio\u00bb. \u00bfQu\u00e9 opinas?<\/strong><\/p>\n<p class=\"v-p\">-A veces, los periodistas de izquierdas tenemos cierta tendencia a flagelarnos. Y los votantes tambi\u00e9n. Hay una tendencia a buscar una pureza que me atrever\u00eda a decir que no existe en ninguna causa. No hay nada ni nadie perfecto. El feminismo, por ejemplo, no es perfecto. \u00bfD\u00f3nde ponemos el list\u00f3n? Uno siempre prefiere que lo malo le ocurra a las formaciones pol\u00edticas contrarias. Por otro lado, que haya corrupci\u00f3n o abusadores encubiertos nos deber\u00eda doler a todos, independientemente del signo. Y deber\u00edamos conservar el esp\u00edritu cr\u00edtico. Muchas veces votamos solo por lo que hemos defendido en las \u00faltimas cuarenta y ocho horas, por algo en caliente. En cualquier caso, no nos tenemos que castigar tanto. Hay veces que uno vota m\u00e1s convencido, otras que uno vota para que no salga el contrario. Hay desertores, hay abstencionistas. Los hay quienes, diga lo que diga Trump, siempre le dar\u00e1n la raz\u00f3n con tal de que no llegue otra persona. Votar en contra de los otros siempre deja mejor sabor de boca que votar al tuyo. <\/p>\n","protected":false},"excerpt":{"rendered":"El nuevo libro de \u00c1ngeles Caballero habla un poco de todo, pero desde el prisma de la madurez&hellip;\n","protected":false},"author":2,"featured_media":191007,"comment_status":"","ping_status":"","sticky":false,"template":"","format":"standard","meta":{"footnotes":""},"categories":[172],"tags":[26319,53406,224,15692,11236,21971,146,147,25,24,9264,225,25041,6624,23,53405],"class_list":{"0":"post-191006","1":"post","2":"type-post","3":"status-publish","4":"format-standard","5":"has-post-thumbnail","7":"category-libros","8":"tag-angeles","9":"tag-arugas","10":"tag-books","11":"tag-caballero","12":"tag-cuerpos","13":"tag-enterrar","14":"tag-entertainment","15":"tag-entretenimiento","16":"tag-es","17":"tag-espana","18":"tag-hablar","19":"tag-libros","20":"tag-maldita","21":"tag-menopausia","22":"tag-spain","23":"tag-superwoman"},"share_on_mastodon":{"url":"https:\/\/pubeurope.com\/@es\/115410964723864715","error":""},"_links":{"self":[{"href":"https:\/\/www.europesays.com\/es\/wp-json\/wp\/v2\/posts\/191006","targetHints":{"allow":["GET"]}}],"collection":[{"href":"https:\/\/www.europesays.com\/es\/wp-json\/wp\/v2\/posts"}],"about":[{"href":"https:\/\/www.europesays.com\/es\/wp-json\/wp\/v2\/types\/post"}],"author":[{"embeddable":true,"href":"https:\/\/www.europesays.com\/es\/wp-json\/wp\/v2\/users\/2"}],"replies":[{"embeddable":true,"href":"https:\/\/www.europesays.com\/es\/wp-json\/wp\/v2\/comments?post=191006"}],"version-history":[{"count":0,"href":"https:\/\/www.europesays.com\/es\/wp-json\/wp\/v2\/posts\/191006\/revisions"}],"wp:featuredmedia":[{"embeddable":true,"href":"https:\/\/www.europesays.com\/es\/wp-json\/wp\/v2\/media\/191007"}],"wp:attachment":[{"href":"https:\/\/www.europesays.com\/es\/wp-json\/wp\/v2\/media?parent=191006"}],"wp:term":[{"taxonomy":"category","embeddable":true,"href":"https:\/\/www.europesays.com\/es\/wp-json\/wp\/v2\/categories?post=191006"},{"taxonomy":"post_tag","embeddable":true,"href":"https:\/\/www.europesays.com\/es\/wp-json\/wp\/v2\/tags?post=191006"}],"curies":[{"name":"wp","href":"https:\/\/api.w.org\/{rel}","templated":true}]}}