{"id":191018,"date":"2025-10-21T07:31:12","date_gmt":"2025-10-21T07:31:12","guid":{"rendered":"https:\/\/www.europesays.com\/es\/191018\/"},"modified":"2025-10-21T07:31:12","modified_gmt":"2025-10-21T07:31:12","slug":"las-novedades-de-windows-11-25h2","status":"publish","type":"post","link":"https:\/\/www.europesays.com\/es\/191018\/","title":{"rendered":"las novedades de Windows 11 25H2"},"content":{"rendered":"<p>Microsoft ha comenzado el despliegue de <strong>Windows 11 25H2<\/strong>. Las mejoras se centran en herramientas clave como el Explorador de Archivos, la Herramienta de Recortes y el Bloc de Notas.<\/p>\n<p><img fetchpriority=\"high\" decoding=\"async\" class=\"aligncenter size-full wp-image-582367\" src=\"https:\/\/www.europesays.com\/es\/wp-content\/uploads\/2025\/10\/1761031869_977_Windows-11-25H2.jpg\" alt=\"\" width=\"1200\" height=\"812\"  \/><\/p>\n<p>Una de las actualizaciones m\u00e1s destacadas se encuentra en el <b>Explorador de Archivos<\/b>. Ahora, al hacer clic derecho sobre un archivo, aparece una nueva opci\u00f3n llamada <b>Acciones de IA<\/b>. Esta funci\u00f3n permite realizar tareas complejas con un solo clic, especialmente con im\u00e1genes.<\/p>\n<p><img loading=\"lazy\" decoding=\"async\" class=\"aligncenter size-full wp-image-582371\" src=\"https:\/\/www.europesays.com\/es\/wp-content\/uploads\/2025\/10\/Windows-11-25H2-acciones-de-IA.jpg\" alt=\"\" width=\"1166\" height=\"727\"  \/><\/p>\n<p>Por ejemplo, es posible buscar una imagen en la web con Bing Visual Search, desenfocar el fondo, borrar objetos no deseados o eliminar el fondo por completo, acciones que integran la funcionalidad de las aplicaciones Fotos y Paint directamente en el explorador.<\/p>\n<p>Para los usuarios de Microsoft 365, tambi\u00e9n se a\u00f1ade una opci\u00f3n para <strong>resumir r\u00e1pidamente el contenido de documentos de texto almacenados en OneDrive<\/strong> y SharePoint sin necesidad de abrirlos, agilizando considerablemente la gesti\u00f3n de la informaci\u00f3n.<\/p>\n<p>Las aplicaciones de siempre, ahora m\u00e1s inteligentes en <strong>Windows 11 25H2<\/strong><\/p>\n<p>Las aplicaciones integradas en Windows tambi\u00e9n reciben una importante dosis de inteligencia. Sin ir m\u00e1s lejos, la <b>Herramienta de Recortes<\/b>, una de las m\u00e1s utilizadas, estrena una funci\u00f3n de <b>Marcado r\u00e1pido<\/b>. Esto permite a los usuarios dibujar o hacer anotaciones directamente en el \u00e1rea de selecci\u00f3n justo despu\u00e9s de realizar la captura, eliminando el paso intermedio de abrir el editor completo.<\/p>\n<p>El <b>Bloc de Notas<\/b> da un salto relevante al incorporar funciones de IA que hasta ahora eran de pago. En los <a href=\"https:\/\/www.profesionalreview.com\/2024\/05\/21\/acer-swift-14-ai-el-primer-pc-copilot-de-la-marca\/\" rel=\"nofollow noopener\" target=\"_blank\">PC Copilot+<\/a>, los usuarios podr\u00e1n utilizar herramientas para <b>resumir, escribir y reescribir texto<\/b> sin necesidad de una suscripci\u00f3n.<\/p>\n<p>Por su parte, la aplicaci\u00f3n <b>Paint<\/b> se vuelve m\u00e1s profesional al permitir guardar los trabajos como archivos de proyecto editables (.paint) y al a\u00f1adir un control deslizante de opacidad para los pinceles, ofreciendo m\u00e1s control creativo.<\/p>\n<p><img loading=\"lazy\" decoding=\"async\" class=\"aligncenter size-full wp-image-582372\" src=\"https:\/\/www.europesays.com\/es\/wp-content\/uploads\/2025\/10\/Windows-11-25H2-proyectos-paint.jpg\" alt=\"\" width=\"952\" height=\"639\"  \/><\/p>\n<p>Otra mejora relevante es la funci\u00f3n <b>Click to Do<\/b> (o Clic para hacer), que sugiere acciones contextuales basadas en el contenido que el usuario tiene en pantalla. Al seleccionar un texto o una imagen, el sistema ofrece opciones inteligentes como crear un resumen o eliminar el fondo de una foto.<\/p>\n<p><img loading=\"lazy\" decoding=\"async\" class=\"aligncenter size-full wp-image-582374\" src=\"https:\/\/www.europesays.com\/es\/wp-content\/uploads\/2025\/10\/Windows-11-25H2-widgets.jpg\" alt=\"\" width=\"1920\" height=\"1200\"  \/><\/p>\n<p>Finalmente, los <strong>widgets<\/strong> tambi\u00e9n se renuevan con un dise\u00f1o m\u00e1s organizado y la capacidad de anclarse a la pantalla de bloqueo, permitiendo un acceso r\u00e1pido a informaci\u00f3n como el tiempo o las noticias sin tener que iniciar sesi\u00f3n.<\/p>\n","protected":false},"excerpt":{"rendered":"Microsoft ha comenzado el despliegue de Windows 11 25H2. Las mejoras se centran en herramientas clave como el&hellip;\n","protected":false},"author":2,"featured_media":191019,"comment_status":"","ping_status":"","sticky":false,"template":"","format":"standard","meta":{"footnotes":""},"categories":[81],"tags":[119,123,124,25,24,10070,117,121,122,23,118,120,40598],"class_list":{"0":"post-191018","1":"post","2":"type-post","3":"status-publish","4":"format-standard","5":"has-post-thumbnail","7":"category-ciencia-y-tecnologia","8":"tag-ciencia","9":"tag-ciencia-y-tecnologia","10":"tag-cienciaytecnologia","11":"tag-es","12":"tag-espana","13":"tag-microsoft","14":"tag-science","15":"tag-science-and-technology","16":"tag-scienceandtechnology","17":"tag-spain","18":"tag-technology","19":"tag-tecnologia","20":"tag-windows-11"},"share_on_mastodon":{"url":"https:\/\/pubeurope.com\/@es\/115410992170745535","error":""},"_links":{"self":[{"href":"https:\/\/www.europesays.com\/es\/wp-json\/wp\/v2\/posts\/191018","targetHints":{"allow":["GET"]}}],"collection":[{"href":"https:\/\/www.europesays.com\/es\/wp-json\/wp\/v2\/posts"}],"about":[{"href":"https:\/\/www.europesays.com\/es\/wp-json\/wp\/v2\/types\/post"}],"author":[{"embeddable":true,"href":"https:\/\/www.europesays.com\/es\/wp-json\/wp\/v2\/users\/2"}],"replies":[{"embeddable":true,"href":"https:\/\/www.europesays.com\/es\/wp-json\/wp\/v2\/comments?post=191018"}],"version-history":[{"count":0,"href":"https:\/\/www.europesays.com\/es\/wp-json\/wp\/v2\/posts\/191018\/revisions"}],"wp:featuredmedia":[{"embeddable":true,"href":"https:\/\/www.europesays.com\/es\/wp-json\/wp\/v2\/media\/191019"}],"wp:attachment":[{"href":"https:\/\/www.europesays.com\/es\/wp-json\/wp\/v2\/media?parent=191018"}],"wp:term":[{"taxonomy":"category","embeddable":true,"href":"https:\/\/www.europesays.com\/es\/wp-json\/wp\/v2\/categories?post=191018"},{"taxonomy":"post_tag","embeddable":true,"href":"https:\/\/www.europesays.com\/es\/wp-json\/wp\/v2\/tags?post=191018"}],"curies":[{"name":"wp","href":"https:\/\/api.w.org\/{rel}","templated":true}]}}