{"id":191022,"date":"2025-10-21T07:33:10","date_gmt":"2025-10-21T07:33:10","guid":{"rendered":"https:\/\/www.europesays.com\/es\/191022\/"},"modified":"2025-10-21T07:33:10","modified_gmt":"2025-10-21T07:33:10","slug":"israel-identifica-restos-de-rehen-como-el-de-un-suboficial-del-ejercito","status":"publish","type":"post","link":"https:\/\/www.europesays.com\/es\/191022\/","title":{"rendered":"Israel identifica restos de reh\u00e9n como el de un suboficial del ej\u00e9rcito"},"content":{"rendered":"<p>    <img src=\"https:\/\/www.europesays.com\/es\/wp-content\/uploads\/2025\/10\/2025-10-21T063A413A40Z-90199066.jpg\" width=\"1024\" height=\"683\" alt=\"\" loading=\"eager\" decoding=\"sync\" fetchpriority=\"high\"\/><\/p>\n<p>            afp_tickers        <\/p>\n<p>        Este contenido fue publicado en    <\/p>\n<p>        21 octubre 2025 &#8211; 09:20\n<\/p>\n<p>Israel indic\u00f3 este martes que el cad\u00e1ver de reh\u00e9n entregado la v\u00edspera por Ham\u00e1s fue identificado como el de Tal Haimi, un suboficial asesinado en el ataque del 7 de octubre de 2023 que desencaden\u00f3 la guerra.\u00a0<\/p>\n<p>La oficina del primer ministro se\u00f1al\u00f3 en un comunicado que hab\u00eda informado de la identificaci\u00f3n a la familia del militar, de 41 a\u00f1os en el momento de su muerte.<\/p>\n<p>El Foro de Familias de Rehenes y Desaparecidos, la principal organizaci\u00f3n de allegados de los cautivos, explic\u00f3 que en la ma\u00f1ana del 7 de octubre Tal Haimi \u00absali\u00f3 a defender su comunidad\u00bb en el kibutz de Nir Yitzhak.<\/p>\n<p>Muri\u00f3 en esos combates y los milicianos islamistas de Ham\u00e1s llevaron su cuerpo a Gaza con el resto de rehenes.<\/p>\n<p>Con el suyo, Ham\u00e1s ha devuelto los cuerpos de 13 de los 28 rehenes fallecidos que se comprometi\u00f3 a entregar a Israel en el marco del alto al fuego entrado en vigor el 10 de octubre.<\/p>\n<p>El pacto establec\u00eda que todos los rehenes, vivos y muertos, ten\u00edan que volver a Israel como m\u00e1ximo el lunes 13 de octubre.<\/p>\n<p>El movimiento palestino liber\u00f3 a los 20 cautivos que segu\u00edan con vida pero alega dificultades log\u00edsticas para encontrar los cad\u00e1veres del resto entre las ruinas de Gaza.<\/p>\n<p>avm\/mj\/cab\/dbh\/an<\/p>\n","protected":false},"excerpt":{"rendered":"afp_tickers Este contenido fue publicado en 21 octubre 2025 &#8211; 09:20 Israel indic\u00f3 este martes que el cad\u00e1ver&hellip;\n","protected":false},"author":2,"featured_media":191023,"comment_status":"","ping_status":"","sticky":false,"template":"","format":"standard","meta":{"footnotes":""},"categories":[42],"tags":[635,11642,17,18,636,11643,83,13,14,4437,11,61,62,63,86,64,19,20,9,10,15,16,88,44965,90,12,21,22,3191,65,66,67],"class_list":{"0":"post-191022","1":"post","2":"type-post","3":"status-publish","4":"format-standard","5":"has-post-thumbnail","7":"category-internacional","8":"tag-armed-conflict","9":"tag-armed-forces","10":"tag-breaking-news","11":"tag-breakingnews","12":"tag-conflict","13":"tag-defence","14":"tag-diplomacy","15":"tag-featured-news","16":"tag-featurednews","17":"tag-government","18":"tag-headlines","19":"tag-internacional","20":"tag-international","21":"tag-international-news","22":"tag-international-relations","23":"tag-internationalnews","24":"tag-latest-news","25":"tag-latestnews","26":"tag-news","27":"tag-noticias","28":"tag-noticias-destacadas","29":"tag-noticiasdestacadas","30":"tag-politics","31":"tag-prisoners-and-detainees","32":"tag-ticker","33":"tag-titulares","34":"tag-ultimas-noticias","35":"tag-ultimasnoticias","36":"tag-war","37":"tag-world","38":"tag-world-news","39":"tag-worldnews"},"share_on_mastodon":{"url":"","error":"Validation failed: Text character limit of 500 exceeded"},"_links":{"self":[{"href":"https:\/\/www.europesays.com\/es\/wp-json\/wp\/v2\/posts\/191022","targetHints":{"allow":["GET"]}}],"collection":[{"href":"https:\/\/www.europesays.com\/es\/wp-json\/wp\/v2\/posts"}],"about":[{"href":"https:\/\/www.europesays.com\/es\/wp-json\/wp\/v2\/types\/post"}],"author":[{"embeddable":true,"href":"https:\/\/www.europesays.com\/es\/wp-json\/wp\/v2\/users\/2"}],"replies":[{"embeddable":true,"href":"https:\/\/www.europesays.com\/es\/wp-json\/wp\/v2\/comments?post=191022"}],"version-history":[{"count":0,"href":"https:\/\/www.europesays.com\/es\/wp-json\/wp\/v2\/posts\/191022\/revisions"}],"wp:featuredmedia":[{"embeddable":true,"href":"https:\/\/www.europesays.com\/es\/wp-json\/wp\/v2\/media\/191023"}],"wp:attachment":[{"href":"https:\/\/www.europesays.com\/es\/wp-json\/wp\/v2\/media?parent=191022"}],"wp:term":[{"taxonomy":"category","embeddable":true,"href":"https:\/\/www.europesays.com\/es\/wp-json\/wp\/v2\/categories?post=191022"},{"taxonomy":"post_tag","embeddable":true,"href":"https:\/\/www.europesays.com\/es\/wp-json\/wp\/v2\/tags?post=191022"}],"curies":[{"name":"wp","href":"https:\/\/api.w.org\/{rel}","templated":true}]}}