{"id":191030,"date":"2025-10-21T07:37:07","date_gmt":"2025-10-21T07:37:07","guid":{"rendered":"https:\/\/www.europesays.com\/es\/191030\/"},"modified":"2025-10-21T07:37:07","modified_gmt":"2025-10-21T07:37:07","slug":"joao-dalva-declarado-triunfador-de-la-feria-taurina-de-sepulveda","status":"publish","type":"post","link":"https:\/\/www.europesays.com\/es\/191030\/","title":{"rendered":"Joao D&#8217;Alva, declarado triunfador de la Feria Taurina de Sep\u00falveda"},"content":{"rendered":"<p class=\"p1\">La Pe\u00f1a Taurina \u2018Victoriano de la Serna\u2019 de Sep\u00falveda ha declarado triunfador absoluto de la Feria de los Santos Toros, que se celebr\u00f3 a finales del pasado mes de agosto, al novillero con picadores portugu\u00e9s Joao D\u2019Alva, que cort\u00f3 dos orejas.<\/p>\n<p class=\"p1\">En el apartado ganadero, ha reconocido al hierro salmantino de Andoni Rekagorri, que lidi\u00f3 en el coso sepulvedano <a href=\"https:\/\/eladelantado.com\/tarde-triunfal-en-sepulveda\/\" target=\"_blank\" rel=\"noopener nofollow\">seis utreros<\/a>, el tercero de vuelta al ruedo, a los que se cortaron hasta ocho orejas y un rabo.\u00a0<\/p>\n<p class=\"p1\">Por otro lado, la Pe\u00f1a \u2018Victoriano de la Serna\u2019 ha acordado nombrar al salmantino Diego Mateos como mejor novillero sin picadores del serial, tras pasear dos trofeos en la <a href=\"https:\/\/eladelantado.com\/una-excelente-novillada-de-pedraza-de-yeltes-permite-el-triunfo-a-mateos-y-adame\/\" target=\"_blank\" rel=\"noopener nofollow\">novillada de Pedraza de Yeltes<\/a>.<\/p>\n","protected":false},"excerpt":{"rendered":"La Pe\u00f1a Taurina \u2018Victoriano de la Serna\u2019 de Sep\u00falveda ha declarado triunfador absoluto de la Feria de los&hellip;\n","protected":false},"author":2,"featured_media":191031,"comment_status":"","ping_status":"","sticky":false,"template":"","format":"standard","meta":{"footnotes":""},"categories":[277],"tags":[373,168,25,24,23,167,374],"class_list":{"0":"post-191030","1":"post","2":"type-post","3":"status-publish","4":"format-standard","5":"has-post-thumbnail","7":"category-toreo","8":"tag-bullfighting","9":"tag-deportes","10":"tag-es","11":"tag-espana","12":"tag-spain","13":"tag-sports","14":"tag-toreo"},"share_on_mastodon":{"url":"https:\/\/pubeurope.com\/@es\/115411015595779297","error":""},"_links":{"self":[{"href":"https:\/\/www.europesays.com\/es\/wp-json\/wp\/v2\/posts\/191030","targetHints":{"allow":["GET"]}}],"collection":[{"href":"https:\/\/www.europesays.com\/es\/wp-json\/wp\/v2\/posts"}],"about":[{"href":"https:\/\/www.europesays.com\/es\/wp-json\/wp\/v2\/types\/post"}],"author":[{"embeddable":true,"href":"https:\/\/www.europesays.com\/es\/wp-json\/wp\/v2\/users\/2"}],"replies":[{"embeddable":true,"href":"https:\/\/www.europesays.com\/es\/wp-json\/wp\/v2\/comments?post=191030"}],"version-history":[{"count":0,"href":"https:\/\/www.europesays.com\/es\/wp-json\/wp\/v2\/posts\/191030\/revisions"}],"wp:featuredmedia":[{"embeddable":true,"href":"https:\/\/www.europesays.com\/es\/wp-json\/wp\/v2\/media\/191031"}],"wp:attachment":[{"href":"https:\/\/www.europesays.com\/es\/wp-json\/wp\/v2\/media?parent=191030"}],"wp:term":[{"taxonomy":"category","embeddable":true,"href":"https:\/\/www.europesays.com\/es\/wp-json\/wp\/v2\/categories?post=191030"},{"taxonomy":"post_tag","embeddable":true,"href":"https:\/\/www.europesays.com\/es\/wp-json\/wp\/v2\/tags?post=191030"}],"curies":[{"name":"wp","href":"https:\/\/api.w.org\/{rel}","templated":true}]}}